{"id":8621,"date":"2025-09-12T07:44:03","date_gmt":"2025-09-12T10:44:03","guid":{"rendered":"https:\/\/www.enorsai.com\/noticias\/?p=8621"},"modified":"2025-09-12T07:45:31","modified_gmt":"2025-09-12T10:45:31","slug":"no-se-detiene-la-motosierra-ajuste-record-en-educacion-infancia-e-infraestructura-para-cumplir-con-el-fmi","status":"publish","type":"post","link":"https:\/\/www.enorsai.com\/noticias\/economia\/no-se-detiene-la-motosierra-ajuste-record-en-educacion-infancia-e-infraestructura-para-cumplir-con-el-fmi\/","title":{"rendered":"No se detiene la motosierra: ajuste r\u00e9cord en educaci\u00f3n, infancia e infraestructura para cumplir con el FMI"},"content":{"rendered":"\n<p>Por Redacci\u00f3n Enorsai<\/p>\n\n\n\n<p>El gobierno de Javier Milei oficializ\u00f3 un recorte de casi $500 mil millones que golpea de lleno a la educaci\u00f3n, la ni\u00f1ez y la infraestructura. Se trata de un ajuste fiscal \u201chist\u00f3rico\u201d en partidas sociales, alineado con las metas del FMI, y que desfinancia becas, universidades, atenci\u00f3n social y obra p\u00fablica. Un decreto reconoce que los salarios universitarios perdieron m\u00e1s de 28% de poder adquisitivo frente a la inflaci\u00f3n.<a href=\"https:\/\/www.ambito.com\/economia\/el-gobierno-aplico-un-recorte-del-presupuesto-500000-millones-afecta-partidas-educacion-n6189372\" target=\"_blank\" rel=\"noreferrer noopener\">[\u00c1mbito]<\/a><\/p>\n\n\n\n<h2 class=\"wp-block-heading\">El detalle del recorte: educaci\u00f3n y derechos sociales bajo presi\u00f3n<\/h2>\n\n\n\n<p>La motosierra avanz\u00f3 con fuerza: $120.000 millones menos para educaci\u00f3n, gran parte dirigidos a la reducci\u00f3n de becas estudiantiles, recorte a la infraestructura educativa y menores transferencias a universidades nacionales que ya sufr\u00edan una crisis financiera. La Secretar\u00eda de Ni\u00f1ez, Adolescencia y Familia perdi\u00f3 casi $68 mil millones quitando fondos para inclusi\u00f3n social y abordaje territorial. En suma, el Ministerio de Econom\u00eda quit\u00f3 m\u00e1s de $224 mil millones a infraestructura econ\u00f3mica y social, paralizando obras clave.<a href=\"https:\/\/www.ambito.com\/economia\/el-gobierno-aplico-un-recorte-del-presupuesto-500000-millones-afecta-partidas-educacion-n6189372\" target=\"_blank\" rel=\"noreferrer noopener\">[\u00c1mbito]<\/a><a href=\"https:\/\/www.c5n.com\/politica\/el-gobierno-insiste-la-motosierra-aplico-un-recorte-500000-millones-que-afecta-partidas-educacion-n214209\" target=\"_blank\" rel=\"noreferrer noopener\">[C5N]<\/a><\/p>\n\n\n\n<ul class=\"wp-block-list\">\n<li>El ajuste en becas Progresar implica una p\u00e9rdida real estimada del 21% para el estudiantado s\u00f3lo en 2025, y un desplome total del 66% respecto a 2023.<\/li>\n\n\n\n<li>El presupuesto universitario financiar\u00e1 salarios s\u00f3lo hasta septiembre y cae m\u00e1s de 33% frente a 2023 en poder adquisitivo, consolidando el deterioro estructural.<a href=\"https:\/\/derechosuniversitarios.org\/2025\/07\/22\/crisis-presupuestaria-afecta-la-autonomia-financiera-el-derecho-a-la-educacion-y-la-libertad-academica-en-las-universidades-argentinas\/\" target=\"_blank\" rel=\"noreferrer noopener\">[Derechos Universitarios]<\/a><\/li>\n\n\n\n<li>El gobierno blanquea en el decreto de veto a la Ley de Financiamiento Universitario que los salarios docentes y no docentes tuvieron aumentos del 128% mientras la inflaci\u00f3n vol\u00f3 al 220%, lo que significa una p\u00e9rdida concreta de m\u00e1s del 28% del poder adquisitivo.<a href=\"https:\/\/eldiarioar.com\/economia\/ajuste-educacion-presupuesto-2025-impacta-universidades-becas-derechos-estudiantiles_1_11766328.html\" target=\"_blank\" rel=\"noreferrer noopener\">[ElDiarioAR]<\/a><\/li>\n<\/ul>\n\n\n\n<h2 class=\"wp-block-heading\">El trasfondo: ajuste, FMI y \u201cregla fiscal inquebrantable\u201d<\/h2>\n\n\n\n<p>El gobierno fundament\u00f3 el recorte en la necesidad de cumplir las metas del Fondo Monetario y consolidar el \u201cd\u00e9ficit cero\u201d. En educaci\u00f3n, salud y obra p\u00fablica, el nuevo presupuesto prev\u00e9 reducir el gasto nacional al m\u00ednimo hist\u00f3rico, con partidas de s\u00f3lo 0,88% del PBI, menos que en 2024 y 2023. Adem\u00e1s, cualquier incremento de recaudaci\u00f3n ser\u00e1 destinado a bajar impuestos, no a recomponer derechos.<a href=\"https:\/\/puntoconvergente.uca.edu.ar\/presupuesto-2025-los-4-recortes-mas-fuertes-que-propone-el-gobierno-de-milei\/\" target=\"_blank\" rel=\"noreferrer noopener\">[Punto Convergente]<\/a><\/p>\n\n\n\n<ul class=\"wp-block-list\">\n<li>La \u201cregla fiscal inquebrantable\u201d impide aumentar el gasto aun cuando sufran la ni\u00f1ez, la educaci\u00f3n b\u00e1sica o la investigaci\u00f3n cient\u00edfica.<\/li>\n\n\n\n<li>Provincias y universidades quedan a merced de cortes adicionales si no cumplen requerimientos administrativos del Ministerio de Capital Humano.<\/li>\n\n\n\n<li>El ajuste dispara el conflicto federal y ya genera protestas masivas en el \u00e1mbito universitario y social.<\/li>\n<\/ul>\n\n\n\n<p><strong>Infograf\u00eda | El ajuste de la motosierra en cifras<\/strong><\/p>\n\n\n\n<figure class=\"wp-block-table\"><table class=\"has-fixed-layout\"><tbody><tr><th>\u00c1rea recortada<\/th><th>Monto del recorte<\/th><\/tr><tr><td>Educaci\u00f3n (total)<\/td><td>$120.000 millones<\/td><\/tr><tr><td>Ni\u00f1ez y familia<\/td><td>$67.910 millones<\/td><\/tr><tr><td>Infraestructura social<\/td><td>$224.133 millones<\/td><\/tr><tr><td>Salarios universitarios<\/td><td>-28% poder adquisitivo<\/td><\/tr><tr><td>Becas Progresar<\/td><td>-21% reales en 2025 vs 2024<\/td><\/tr><tr><td>Total recorte<\/td><td>$500.000 millones<\/td><\/tr><\/tbody><\/table><\/figure>\n\n\n\n<h2 class=\"wp-block-heading\">Conclusi\u00f3n: ajuste hist\u00f3rico y conflicto social en ciernes<\/h2>\n\n\n\n<p>La motosierra de Milei no se detiene y ya impacta con fuerza en derechos sociales esenciales. El recorte educativo y social, bajo el paradigma del d\u00e9ficit cero y el FMI, deteriora condiciones de vida, paraliza universidades y pone en jaque la inclusi\u00f3n, la investigaci\u00f3n y el acceso a la educaci\u00f3n. El conflicto promete crecer si no hay respuestas eficaces y consensos b\u00e1sicos que eviten que la crisis golpee sobre los sectores m\u00e1s vulnerables.<a href=\"https:\/\/www.ambito.com\/economia\/el-gobierno-aplico-un-recorte-del-presupuesto-500000-millones-afecta-partidas-educacion-n6189372\" target=\"_blank\" rel=\"noreferrer noopener\">[\u00c1mbito]<\/a><a href=\"https:\/\/derechosuniversitarios.org\/2025\/07\/22\/crisis-presupuestaria-afecta-la-autonomia-financiera-el-derecho-a-la-educacion-y-la-libertad-academica-en-las-universidades-argentinas\/\" target=\"_blank\" rel=\"noreferrer noopener\">[Derechos Universitarios]<\/a><\/p>\n\n\n\n<p>M\u00e1s an\u00e1lisis, protestas y voces del ajuste en <a href=\"https:\/\/www.ambito.com\/economia\/el-gobierno-aplico-un-recorte-del-presupuesto-500000-millones-afecta-partidas-educacion-n6189372\" target=\"_blank\" rel=\"noreferrer noopener\">\u00c1mbito<\/a>, <a href=\"https:\/\/eldiarioar.com\/economia\/ajuste-educacion-presupuesto-2025-impacta-universidades-becas-derechos-estudiantiles_1_11766328.html\" target=\"_blank\" rel=\"noreferrer noopener\">ElDiarioAR<\/a> y <a href=\"https:\/\/puntoconvergente.uca.edu.ar\/presupuesto-2025-los-4-recortes-mas-fuertes-que-propone-el-gobierno-de-milei\/\" target=\"_blank\" rel=\"noreferrer noopener\">Punto Convergente<\/a>.<\/p>\n\n\n\n<p><strong>Reflexi\u00f3n final:<\/strong> El ajuste del Mile\u00edsmo prioriza las metas del FMI pero pone en riesgo la educaci\u00f3n, la inclusi\u00f3n y el progreso social. El costo ya lo pagan estudiantes, docentes, investigadores y las infancias m\u00e1s vulnerables.<\/p>\n\n\n\n<p>Sum\u00e1 tu voz en <a href=\"mailto:enorsaionline@gmail.com\">enorsaionline@gmail.com<\/a><\/p>\n\n\n\n<h2 class=\"wp-block-heading\">Preguntas frecuentes sobre el nuevo ajuste educativo y social<\/h2>\n\n\n\n<h3 class=\"wp-block-heading\">\u00bfQu\u00e9 \u00e1reas recort\u00f3 el gobierno en el nuevo ajuste?<\/h3>\n\n\n\n<p>Reducen fuerte el presupuesto en educaci\u00f3n, becas, universidades, ni\u00f1ez, inclusi\u00f3n social y obra p\u00fablica.<\/p>\n\n\n\n<h3 class=\"wp-block-heading\">\u00bfEn cu\u00e1nto cayeron los salarios universitarios?<\/h3>\n\n\n\n<p>Seg\u00fan el decreto oficial, el poder adquisitivo perdi\u00f3 m\u00e1s de 28% frente a la inflaci\u00f3n desde fines de 2023.<\/p>\n\n\n\n<h3 class=\"wp-block-heading\">\u00bfA cu\u00e1ntos afecta el recorte de becas?<\/h3>\n\n\n\n<p>El recorte implica una p\u00e9rdida real de 21% en 2025 y un derrumbe del 66% en dos a\u00f1os, afectando a m\u00e1s de 1,5 millones de estudiantes.<\/p>\n\n\n\n<h3 class=\"wp-block-heading\">\u00bfPor qu\u00e9 se realiz\u00f3 el ajuste?<\/h3>\n\n\n\n<p>El gobierno argumenta que busca cumplir metas de d\u00e9ficit cero exigidas por el FMI; especialistas advierten por el costo social y educativo.<\/p>\n","protected":false},"excerpt":{"rendered":"<p>El gobierno de Milei recort\u00f3 $500.000 millones en educaci\u00f3n, ni\u00f1ez e infraestructura: becas, universidades y pol\u00edticas sociales sufren el mayor ajuste desde la vuelta de la democracia.<\/p>\n","protected":false},"author":4,"featured_media":8622,"comment_status":"open","ping_status":"open","sticky":false,"template":"","format":"standard","meta":{"_monsterinsights_skip_tracking":false,"_monsterinsights_sitenote_active":false,"_monsterinsights_sitenote_note":"","_monsterinsights_sitenote_category":0,"footnotes":"","jetpack_publicize_message":"El ajuste social m\u00e1s alto desde 2001: Milei ordena recortar $500.000 millones y desfinancia educaci\u00f3n, becas y ni\u00f1ez.","jetpack_publicize_feature_enabled":true,"jetpack_social_post_already_shared":false,"jetpack_social_options":{"image_generator_settings":{"template":"highway","default_image_id":0,"font":"","enabled":false},"version":2}},"categories":[3,4],"tags":[58,1517,3519,2871,276,90,841,45,691,2662,839,1474],"class_list":["post-8621","post","type-post","status-publish","format-standard","has-post-thumbnail","hentry","category-economia","category-sociedad","tag-ajuste","tag-becas","tag-conflicto-social","tag-deficit-cero","tag-educacion","tag-fmi","tag-infraestructura","tag-milei","tag-motosierra","tag-poder-adquisitivo","tag-recorte","tag-universidades"],"jetpack_publicize_connections":[],"_links":{"self":[{"href":"https:\/\/www.enorsai.com\/noticias\/wp-json\/wp\/v2\/posts\/8621","targetHints":{"allow":["GET"]}}],"collection":[{"href":"https:\/\/www.enorsai.com\/noticias\/wp-json\/wp\/v2\/posts"}],"about":[{"href":"https:\/\/www.enorsai.com\/noticias\/wp-json\/wp\/v2\/types\/post"}],"author":[{"embeddable":true,"href":"https:\/\/www.enorsai.com\/noticias\/wp-json\/wp\/v2\/users\/4"}],"replies":[{"embeddable":true,"href":"https:\/\/www.enorsai.com\/noticias\/wp-json\/wp\/v2\/comments?post=8621"}],"version-history":[{"count":1,"href":"https:\/\/www.enorsai.com\/noticias\/wp-json\/wp\/v2\/posts\/8621\/revisions"}],"predecessor-version":[{"id":8623,"href":"https:\/\/www.enorsai.com\/noticias\/wp-json\/wp\/v2\/posts\/8621\/revisions\/8623"}],"wp:featuredmedia":[{"embeddable":true,"href":"https:\/\/www.enorsai.com\/noticias\/wp-json\/wp\/v2\/media\/8622"}],"wp:attachment":[{"href":"https:\/\/www.enorsai.com\/noticias\/wp-json\/wp\/v2\/media?parent=8621"}],"wp:term":[{"taxonomy":"category","embeddable":true,"href":"https:\/\/www.enorsai.com\/noticias\/wp-json\/wp\/v2\/categories?post=8621"},{"taxonomy":"post_tag","embeddable":true,"href":"https:\/\/www.enorsai.com\/noticias\/wp-json\/wp\/v2\/tags?post=8621"}],"curies":[{"name":"wp","href":"https:\/\/api.w.org\/{rel}","templated":true}]}}