{"id":8618,"date":"2025-09-12T06:54:54","date_gmt":"2025-09-12T09:54:54","guid":{"rendered":"https:\/\/www.enorsai.com\/noticias\/politica\/claudio-vidal-realizo-millonarios-contratos-con-la-drogueria-investigada-por-coimas\/"},"modified":"2025-09-12T06:54:54","modified_gmt":"2025-09-12T09:54:54","slug":"claudio-vidal-realizo-millonarios-contratos-con-la-drogueria-investigada-por-coimas","status":"publish","type":"post","link":"https:\/\/www.enorsai.com\/noticias\/politica\/claudio-vidal-realizo-millonarios-contratos-con-la-drogueria-investigada-por-coimas\/","title":{"rendered":"Claudio Vidal realiz\u00f3 millonarios contratos con la droguer\u00eda investigada por coimas"},"content":{"rendered":"\n<p>Santa Cruz pag\u00f3 $46 mil millones a la Suizo Argentina desde que Vidal asumi\u00f3, mientras se reducen prestaciones y faltan medicamentos en la provincia.<br><\/p>\n\n\n\n<p>La voracidad del gasto no tiene explicaci\u00f3n en las necesidades reales del sistema de salud provincial. Los v\u00ednculos pol\u00edticos entre el gobernador y la Rosada plantean dudas sobre la transparencia de las compras y la gesti\u00f3n de fondos p\u00fablicos.<br><br>Desde que Claudio Vidal asumi\u00f3 como gobernador de Santa Cruz, la provincia se convirti\u00f3 en uno de los clientes m\u00e1s importantes de la droguer\u00eda Suizo Argentina, investigada por presunto pago de coimas a Karina Milei y los Menem. En apenas un a\u00f1o, los pagos provinciales superaron los 15 mil millones de pesos, y entre enero y agosto de este a\u00f1o la cifra acumulada alcanz\u00f3 los 26 mil millones, totalizando 46 mil millones durante su gesti\u00f3n.<br><br>El incremento exponencial de las compras no puede justificarse \u00fanicamente por la inflaci\u00f3n. En junio de este a\u00f1o, los pagos a la droguer\u00eda crecieron un 1.090%, mientras que la obra social provincial elimin\u00f3 la mitad del vadem\u00e9cum de medicamentos y los faltantes se convirtieron en la regla. Las prestaciones para los afiliados se redujeron al m\u00ednimo, dejando a la poblaci\u00f3n vulnerable sin acceso a servicios esenciales.<br><br>Los registros oficiales de la Direcci\u00f3n de Rendici\u00f3n de Cuentas y la Tesorer\u00eda provincial confirman la magnitud de las adquisiciones. En mayo, la Suizo Argentina factur\u00f3 661 millones, en junio 225 millones y en octubre super\u00f3 los 780 millones. Santa Cruz lleg\u00f3 a comprar a esta empresa montos equivalentes al 40% de lo que adquiere la provincia de Buenos Aires, pese a tener una poblaci\u00f3n 60 veces menor. La disparidad entre gasto y necesidad plantea interrogantes sobre el manejo pol\u00edtico y financiero de Vidal.<br><br>Fuentes locales se\u00f1alan que las decisiones de compra contaron con el aval del presidente de la Caja de Servicios Sociales, Sergio P\u00e9rez Soruco, y del vocal por el Ejecutivo, Hern\u00e1n Kustich, mano derecha de Vidal y abogado de la mutual de los petroleros. Kustich tambi\u00e9n aparece vinculado a maniobras pol\u00edticas de peso, como el pedido de juicio pol\u00edtico contra Paula Ludue\u00f1\u00e1, vocal del Tribunal Superior de Justicia, acusada de investigar irregularidades en la provincia.<br><br>La voracidad de las compras coincide con un per\u00edodo de cercan\u00eda pol\u00edtica entre Vidal y la Rosada, lo que confirma un modus operandi ya conocido: contratos millonarios que parecen responder m\u00e1s a conveniencias pol\u00edticas que a necesidades sanitarias. Mientras la poblaci\u00f3n sufre la escasez de medicamentos y la reducci\u00f3n de prestaciones, los recursos p\u00fablicos fluyen hacia empresas se\u00f1aladas por corrupci\u00f3n, dejando al descubierto la fragilidad \u00e9tica de la gesti\u00f3n provincial.<br><br>Adem\u00e1s, Vidal permanece durante d\u00edas atrincherado en la residencia de El Calafate, cuando lo habitual ser\u00eda que se movilice entre Comodoro Rivadavia y R\u00edo Gallegos. Esta actitud genera m\u00e1s preguntas que respuestas sobre el manejo de la provincia y la transparencia de su administraci\u00f3n.<br><br>En suma, la combinaci\u00f3n de compras millonarias, escasez de recursos para los afiliados y v\u00ednculos pol\u00edticos evidentes con la droguer\u00eda Suizo Argentina pinta un cuadro preocupante. La gesti\u00f3n de Vidal en Santa Cruz expone no solo la desproporci\u00f3n en la asignaci\u00f3n de recursos, sino tambi\u00e9n la complicidad del poder pol\u00edtico provincial y nacional, mientras la salud p\u00fablica queda relegada a un segundo plano.<br><br>Fuente:<\/p>\n\n\n\n<p>.https:\/\/www.lapoliticaonline.com\/politica\/la-trama-oculta-de-los-negocios-de-vidal-con-la-suizo-argentina\/<\/p>\n","protected":false},"excerpt":{"rendered":"<p>Santa Cruz pag\u00f3 $46 mil millones a la Suizo Argentina desde que Vidal asumi\u00f3, mientras se reducen prestaciones y faltan medicamentos en la provincia. La voracidad del gasto no tiene explicaci\u00f3n en las necesidades reales del sistema de salud provincial. Los v\u00ednculos pol\u00edticos entre el gobernador y la Rosada plantean dudas sobre la transparencia de&#8230;<\/p>\n","protected":false},"author":9,"featured_media":8617,"comment_status":"open","ping_status":"open","sticky":false,"template":"","format":"standard","meta":{"_monsterinsights_skip_tracking":false,"_monsterinsights_sitenote_active":false,"_monsterinsights_sitenote_note":"","_monsterinsights_sitenote_category":0,"footnotes":"","jetpack_publicize_message":"","jetpack_publicize_feature_enabled":true,"jetpack_social_post_already_shared":true,"jetpack_social_options":{"image_generator_settings":{"template":"highway","default_image_id":0,"font":"","enabled":false},"version":2}},"categories":[2],"tags":[3516,625,75,174,1272,903,45,249,414,3162],"class_list":["post-8618","post","type-post","status-publish","format-standard","has-post-thumbnail","hentry","category-politica","tag-claudio-vidal","tag-coimas","tag-corrupcion","tag-karina-milei","tag-medicamentos","tag-menem","tag-milei","tag-salud","tag-santa-cruz","tag-suizo-argentina"],"jetpack_publicize_connections":[],"_links":{"self":[{"href":"https:\/\/www.enorsai.com\/noticias\/wp-json\/wp\/v2\/posts\/8618","targetHints":{"allow":["GET"]}}],"collection":[{"href":"https:\/\/www.enorsai.com\/noticias\/wp-json\/wp\/v2\/posts"}],"about":[{"href":"https:\/\/www.enorsai.com\/noticias\/wp-json\/wp\/v2\/types\/post"}],"author":[{"embeddable":true,"href":"https:\/\/www.enorsai.com\/noticias\/wp-json\/wp\/v2\/users\/9"}],"replies":[{"embeddable":true,"href":"https:\/\/www.enorsai.com\/noticias\/wp-json\/wp\/v2\/comments?post=8618"}],"version-history":[{"count":0,"href":"https:\/\/www.enorsai.com\/noticias\/wp-json\/wp\/v2\/posts\/8618\/revisions"}],"wp:featuredmedia":[{"embeddable":true,"href":"https:\/\/www.enorsai.com\/noticias\/wp-json\/wp\/v2\/media\/8617"}],"wp:attachment":[{"href":"https:\/\/www.enorsai.com\/noticias\/wp-json\/wp\/v2\/media?parent=8618"}],"wp:term":[{"taxonomy":"category","embeddable":true,"href":"https:\/\/www.enorsai.com\/noticias\/wp-json\/wp\/v2\/categories?post=8618"},{"taxonomy":"post_tag","embeddable":true,"href":"https:\/\/www.enorsai.com\/noticias\/wp-json\/wp\/v2\/tags?post=8618"}],"curies":[{"name":"wp","href":"https:\/\/api.w.org\/{rel}","templated":true}]}}