{"id":8610,"date":"2025-09-12T05:47:01","date_gmt":"2025-09-12T08:47:01","guid":{"rendered":"https:\/\/www.enorsai.com\/noticias\/?p=8610"},"modified":"2025-09-12T05:47:06","modified_gmt":"2025-09-12T08:47:06","slug":"axel-kicillof-en-octubre-tenemos-el-desafio-de-ganarle-a-un-proyecto-que-propone-abandono-y-crueldad","status":"publish","type":"post","link":"https:\/\/www.enorsai.com\/noticias\/politica\/axel-kicillof-en-octubre-tenemos-el-desafio-de-ganarle-a-un-proyecto-que-propone-abandono-y-crueldad\/","title":{"rendered":"Axel Kicillof: \u201cEn octubre tenemos el desaf\u00edo de ganarle a un proyecto que propone abandono y crueldad\u201d"},"content":{"rendered":"\n<p>Axel Kicillof volvi\u00f3 a poner el dedo en la llaga de un gobierno que parece gobernar de espaldas a la gente. Desde la Quinta Secci\u00f3n Electoral, territorio dif\u00edcil para el peronismo, el gobernador bonaerense sostuvo que en las elecciones legislativas del 26 de octubre est\u00e1 en juego algo m\u00e1s que bancas: se trata de frenar un proyecto que, seg\u00fan sus palabras, \u201cpropone abandono y crueldad\u201d. La definici\u00f3n no fue casual. Apenas d\u00edas atr\u00e1s, las urnas dejaron un mensaje contundente contra el ajuste, la represi\u00f3n y el saqueo a jubilados, pero Javier Milei insiste en desconocer esa voz popular.<\/p>\n\n\n\n<p>En Pila, Kicillof inaugur\u00f3 obras y reforz\u00f3 la campa\u00f1a de Fuerza Patria, pero no dej\u00f3 pasar la oportunidad de cuestionar al presidente por su decisi\u00f3n de vetar la ley de financiamiento universitario y la emergencia del Hospital Garrahan. Con crudeza, record\u00f3 que jam\u00e1s encontrar\u00e1 respaldo social recortando educaci\u00f3n, salud o paralizando la obra p\u00fablica. Mientras Milei avanza con su tijera, la provincia abre un centro de atenci\u00f3n primaria llamado \u201cH\u00e9roes de la Pandemia\u201d, destinado a descomprimir la presi\u00f3n sobre los hospitales locales. El contraste es evidente: mientras el Ejecutivo nacional clausura posibilidades, la gesti\u00f3n provincial habilita derechos.<\/p>\n\n\n\n<p>La jornada incluy\u00f3 la cesi\u00f3n de la laguna Camar\u00f3n Grande\/Cacique al municipio, la firma de un convenio para construir un centro universitario y otros acuerdos para obras deportivas e infraestructura. Kicillof busc\u00f3 mostrar que, pese a la asfixia presupuestaria que impone la Casa Rosada, la Provincia intenta sostener el pulso de la gesti\u00f3n.<\/p>\n\n\n\n<p>Horas antes, en General Paz, hab\u00eda inaugurado la Casa de la Provincia y sellado convenios de viviendas y pavimento. All\u00ed fue m\u00e1s directo: Milei todav\u00eda no escuch\u00f3 el fuerte rechazo que recibi\u00f3 en las urnas por su pol\u00edtica de vetos. Kicillof insisti\u00f3 en que el voto bonaerense expres\u00f3 con claridad un \u201cno\u201d a la motosierra, al maltrato de personas con discapacidad, a la represi\u00f3n de jubilados y al desfinanciamiento de la educaci\u00f3n y la salud.<\/p>\n\n\n\n<p>El gobernador expuso la contradicci\u00f3n de un presidente que se jacta de encarnar la voluntad popular pero se niega a registrar la derrota pol\u00edtica m\u00e1s clara: la del rechazo a su proyecto antisocial. Con una mezcla de firmeza y advertencia, Kicillof sostuvo que el desaf\u00edo de octubre es terminar de ponerle un l\u00edmite a un gobierno que, lejos de proteger, condena a millones al desamparo.<\/p>\n\n\n\n<p>Fuente:<\/p>\n\n\n\n<p>.<a href=\"https:\/\/noticiasargentinas.com\/politica\/axel-kicillof---en-octubre-tenemos-el-desafio-de-ganarle-a-un-proyecto-que-propone-abandono-y-crueldad-_a68c3353b2d8583d1f99fdc05\">https:\/\/noticiasargentinas.com\/politica\/axel-kicillof&#8212;en-octubre-tenemos-el-desafio-de-ganarle-a-un-proyecto-que-propone-abandono-y-crueldad-_a68c3353b2d8583d1f99fdc05<\/a><\/p>\n","protected":false},"excerpt":{"rendered":"<p>Axel Kicillof volvi\u00f3 a poner el dedo en la llaga de un gobierno que parece gobernar de espaldas a la gente. Desde la Quinta Secci\u00f3n Electoral, territorio dif\u00edcil para el peronismo, el gobernador bonaerense sostuvo que en las elecciones legislativas del 26 de octubre est\u00e1 en juego algo m\u00e1s que bancas: se trata de frenar&#8230;<\/p>\n","protected":false},"author":13,"featured_media":8612,"comment_status":"open","ping_status":"open","sticky":false,"template":"","format":"standard","meta":{"_monsterinsights_skip_tracking":false,"_monsterinsights_sitenote_active":false,"_monsterinsights_sitenote_note":"","_monsterinsights_sitenote_category":0,"footnotes":"","jetpack_publicize_message":"","jetpack_publicize_feature_enabled":true,"jetpack_social_post_already_shared":true,"jetpack_social_options":{"image_generator_settings":{"template":"highway","default_image_id":0,"font":"","enabled":false},"version":2}},"categories":[2],"tags":[58,776,276,190,1414,104,45,365,249,1474],"class_list":["post-8610","post","type-post","status-publish","format-standard","has-post-thumbnail","hentry","category-politica","tag-ajuste","tag-buenos-aires","tag-educacion","tag-elecciones","tag-garrahan","tag-kicillof","tag-milei","tag-represion","tag-salud","tag-universidades"],"jetpack_publicize_connections":[],"_links":{"self":[{"href":"https:\/\/www.enorsai.com\/noticias\/wp-json\/wp\/v2\/posts\/8610","targetHints":{"allow":["GET"]}}],"collection":[{"href":"https:\/\/www.enorsai.com\/noticias\/wp-json\/wp\/v2\/posts"}],"about":[{"href":"https:\/\/www.enorsai.com\/noticias\/wp-json\/wp\/v2\/types\/post"}],"author":[{"embeddable":true,"href":"https:\/\/www.enorsai.com\/noticias\/wp-json\/wp\/v2\/users\/13"}],"replies":[{"embeddable":true,"href":"https:\/\/www.enorsai.com\/noticias\/wp-json\/wp\/v2\/comments?post=8610"}],"version-history":[{"count":1,"href":"https:\/\/www.enorsai.com\/noticias\/wp-json\/wp\/v2\/posts\/8610\/revisions"}],"predecessor-version":[{"id":8613,"href":"https:\/\/www.enorsai.com\/noticias\/wp-json\/wp\/v2\/posts\/8610\/revisions\/8613"}],"wp:featuredmedia":[{"embeddable":true,"href":"https:\/\/www.enorsai.com\/noticias\/wp-json\/wp\/v2\/media\/8612"}],"wp:attachment":[{"href":"https:\/\/www.enorsai.com\/noticias\/wp-json\/wp\/v2\/media?parent=8610"}],"wp:term":[{"taxonomy":"category","embeddable":true,"href":"https:\/\/www.enorsai.com\/noticias\/wp-json\/wp\/v2\/categories?post=8610"},{"taxonomy":"post_tag","embeddable":true,"href":"https:\/\/www.enorsai.com\/noticias\/wp-json\/wp\/v2\/tags?post=8610"}],"curies":[{"name":"wp","href":"https:\/\/api.w.org\/{rel}","templated":true}]}}