{"id":8602,"date":"2025-09-12T05:35:22","date_gmt":"2025-09-12T08:35:22","guid":{"rendered":"https:\/\/www.enorsai.com\/noticias\/?p=8602"},"modified":"2025-09-12T05:35:28","modified_gmt":"2025-09-12T08:35:28","slug":"tras-perder-en-las-urnas-milei-profundiza-el-ajuste-contra-las-provincias-y-le-veta-los-fondos","status":"publish","type":"post","link":"https:\/\/www.enorsai.com\/noticias\/politica\/tras-perder-en-las-urnas-milei-profundiza-el-ajuste-contra-las-provincias-y-le-veta-los-fondos\/","title":{"rendered":"Tras perder en las urnas, Milei profundiza el ajuste contra las provincias y le veta los fondos"},"content":{"rendered":"\n<p>La Casa Rosada promete mesas de di\u00e1logo pero profundiza el aislamiento pol\u00edtico. Con la oposici\u00f3n provincial en pie de guerra, Milei apuesta a un ajuste que ya fue rechazado en las urnas y que amenaza con agravar la crisis social y territorial.<\/p>\n\n\n\n<p>El gobierno de Javier Milei decidi\u00f3 cerrar filas y sostener, a cualquier costo, el rumbo econ\u00f3mico que lo dej\u00f3 derrotado en la provincia de Buenos Aires, donde cay\u00f3 13 puntos por debajo del peronismo. En lugar de escuchar el mensaje de las urnas, el Presidente vet\u00f3 la ley de Aportes del Tesoro Nacional (ATN) impulsada de manera un\u00e1nime por los gobernadores, sumando otro gesto de desprecio institucional tras bloquear el financiamiento universitario y la emergencia pedi\u00e1trica. El ajuste avanza sin pausa, aun cuando los n\u00fameros pol\u00edticos le resultan adversos.<\/p>\n\n\n\n<p>La reuni\u00f3n convocada en el recuperado Ministerio del Interior dej\u00f3 en evidencia la estrategia oficial. All\u00ed se mostraron Lisandro Catal\u00e1n, Guillermo Francos y Luis Caputo junto a tres mandatarios provinciales: Leandro Zdero de Chaco, Alfredo Cornejo de Mendoza y Rogelio Frigerio de Entre R\u00edos. Todos ellos forman parte de la reducida lista de aliados dispuestos a sostener a Milei en medio del creciente malestar federal. El resto de los gobernadores, enfurecidos por el veto a los ATN, ni siquiera fueron convocados.<\/p>\n\n\n\n<p>Los funcionarios nacionales repiten que estos tres mandatarios actuar\u00e1n como \u201cpuente\u201d para recomponer v\u00ednculos con los dem\u00e1s, pero la realidad es que la bronca es palpable. Mart\u00edn Llaryora, Maximiliano Pullaro, Carlos Sadir, Claudio Vidal, Ignacio Torres y Gustavo Vald\u00e9s ya anticiparon que se mostrar\u00e1n juntos en C\u00f3rdoba, marcando distancia de una Casa Rosada que solo promete mesas vac\u00edas. No sorprende que Gustavo S\u00e1enz, gobernador de Salta, describiera al gobierno como una \u201cpaloma de iglesia que caga a los fieles\u201d. La met\u00e1fora es brutal, pero condensa la desilusi\u00f3n con las promesas rotas.<\/p>\n\n\n\n<p>Las cr\u00edticas tambi\u00e9n se escucharon desde San Juan. Marcelo Orrego lament\u00f3 p\u00fablicamente el veto contra la universidad p\u00fablica, recordando que para miles de j\u00f3venes del interior representa la \u00fanica posibilidad real de acceder a educaci\u00f3n de calidad. Ese desprecio por el interior productivo y estudiantil refleja que Milei no gobierna para integrar al pa\u00eds, sino para castigar a quienes no se subordinan a su programa de ajuste.<\/p>\n\n\n\n<p>Mientras tanto, desde Balcarce 50 insisten en que no hay ruptura con las provincias, aunque los hechos demuestran lo contrario. Aseguran que los ATN no son vitales y que el verdadero objetivo es sumar voluntades para la aprobaci\u00f3n del Presupuesto 2026, que Milei presentar\u00e1 por cadena nacional. La promesa es abrir un supuesto di\u00e1logo para negociar reforma laboral y tributaria, pero el trasfondo es evidente: condicionar a los gobernadores bajo la l\u00f3gica del l\u00e1tigo y la billetera.<\/p>\n\n\n\n<p>El propio Catal\u00e1n lo dej\u00f3 claro al afirmar que no se trata de ganar elecciones sino de \u201chacer lo que hay que hacer\u201d. La frase sintetiza el desprecio por el voto popular y confirma que el Gobierno no piensa rectificar ni una coma de un modelo que empobrece a las provincias y deja a los sectores medios y bajos sin ox\u00edgeno econ\u00f3mico. Con una crudeza sorprendente, funcionarios de la Rosada admiten que no habr\u00e1 medidas para reactivar el consumo porque \u201cla elecci\u00f3n es en 40 d\u00edas y no se llegar\u00e1n a ver los resultados\u201d.<\/p>\n\n\n\n<p>El escenario se vuelve todav\u00eda m\u00e1s oscuro con las internas que atraviesan al oficialismo. Eduardo \u201cLule\u201d Menem, se\u00f1alado por esc\u00e1ndalos de corrupci\u00f3n, sigue operando desde Balcarce 50 pese a los intentos de mostrarlo corrido de las decisiones. Esa contradicci\u00f3n erosiona cualquier discurso de transparencia y alimenta la desconfianza, incluso entre los propios libertarios.<\/p>\n\n\n\n<p>Milei apuesta a un relato de supuestas \u201cmesas de di\u00e1logo\u201d, pero la realidad es que solo se rodea de incondicionales y descarta cualquier mirada que cuestione su plan. La derrota electoral no lo hizo reflexionar, sino que lo empuja a radicalizar un rumbo que amenaza con dinamitar los v\u00ednculos federales. Si el Presidente cree que puede gobernar contra las provincias, ignora una verdad elemental: ning\u00fan pa\u00eds se sostiene a espaldas de su interior.<\/p>\n\n\n\n<p>Fuente:<\/p>\n\n\n\n<p>.<a href=\"https:\/\/www.pagina12.com.ar\/857318-la-rosada-promete-dialogo-pero-veta-los-atn\">https:\/\/www.pagina12.com.ar\/857318-la-rosada-promete-dialogo-pero-veta-los-atn<\/a><\/p>\n","protected":false},"excerpt":{"rendered":"<p>La Casa Rosada promete mesas de di\u00e1logo pero profundiza el aislamiento pol\u00edtico. Con la oposici\u00f3n provincial en pie de guerra, Milei apuesta a un ajuste que ya fue rechazado en las urnas y que amenaza con agravar la crisis social y territorial. El gobierno de Javier Milei decidi\u00f3 cerrar filas y sostener, a cualquier costo,&#8230;<\/p>\n","protected":false},"author":9,"featured_media":8603,"comment_status":"open","ping_status":"open","sticky":false,"template":"","format":"standard","meta":{"_monsterinsights_skip_tracking":false,"_monsterinsights_sitenote_active":false,"_monsterinsights_sitenote_note":"","_monsterinsights_sitenote_category":0,"footnotes":"","jetpack_publicize_message":"","jetpack_publicize_feature_enabled":true,"jetpack_social_post_already_shared":true,"jetpack_social_options":{"image_generator_settings":{"template":"highway","default_image_id":0,"font":"","enabled":false},"version":2}},"categories":[2],"tags":[58,1872,43,1288,45,985,1289,916,3333,1487],"class_list":["post-8602","post","type-post","status-publish","format-standard","has-post-thumbnail","hentry","category-politica","tag-ajuste","tag-atn","tag-crisis","tag-gobernadores","tag-milei","tag-oposicion","tag-presupuesto","tag-provincias","tag-rosada","tag-veto"],"jetpack_publicize_connections":[],"_links":{"self":[{"href":"https:\/\/www.enorsai.com\/noticias\/wp-json\/wp\/v2\/posts\/8602","targetHints":{"allow":["GET"]}}],"collection":[{"href":"https:\/\/www.enorsai.com\/noticias\/wp-json\/wp\/v2\/posts"}],"about":[{"href":"https:\/\/www.enorsai.com\/noticias\/wp-json\/wp\/v2\/types\/post"}],"author":[{"embeddable":true,"href":"https:\/\/www.enorsai.com\/noticias\/wp-json\/wp\/v2\/users\/9"}],"replies":[{"embeddable":true,"href":"https:\/\/www.enorsai.com\/noticias\/wp-json\/wp\/v2\/comments?post=8602"}],"version-history":[{"count":1,"href":"https:\/\/www.enorsai.com\/noticias\/wp-json\/wp\/v2\/posts\/8602\/revisions"}],"predecessor-version":[{"id":8604,"href":"https:\/\/www.enorsai.com\/noticias\/wp-json\/wp\/v2\/posts\/8602\/revisions\/8604"}],"wp:featuredmedia":[{"embeddable":true,"href":"https:\/\/www.enorsai.com\/noticias\/wp-json\/wp\/v2\/media\/8603"}],"wp:attachment":[{"href":"https:\/\/www.enorsai.com\/noticias\/wp-json\/wp\/v2\/media?parent=8602"}],"wp:term":[{"taxonomy":"category","embeddable":true,"href":"https:\/\/www.enorsai.com\/noticias\/wp-json\/wp\/v2\/categories?post=8602"},{"taxonomy":"post_tag","embeddable":true,"href":"https:\/\/www.enorsai.com\/noticias\/wp-json\/wp\/v2\/tags?post=8602"}],"curies":[{"name":"wp","href":"https:\/\/api.w.org\/{rel}","templated":true}]}}