{"id":8598,"date":"2025-09-12T05:29:23","date_gmt":"2025-09-12T08:29:23","guid":{"rendered":"https:\/\/www.enorsai.com\/noticias\/?p=8598"},"modified":"2025-09-12T05:31:24","modified_gmt":"2025-09-12T08:31:24","slug":"el-escandalo-de-las-coimas-cerimedo-confirmo-que-spagnuolo-le-relato-el-esquema-de-coimas-que-involucra-a-la-casa-rosada","status":"publish","type":"post","link":"https:\/\/www.enorsai.com\/noticias\/politica\/el-escandalo-de-las-coimas-cerimedo-confirmo-que-spagnuolo-le-relato-el-esquema-de-coimas-que-involucra-a-la-casa-rosada\/","title":{"rendered":"El esc\u00e1ndalo de las coimas: Cerimedo confirm\u00f3 que Spagnuolo le relat\u00f3 el esquema de coimas que involucra a la Casa Rosada"},"content":{"rendered":"\n<h3 class=\"wp-block-heading\"><strong>La declaraci\u00f3n de Fernando Cerimedo compromete a\u00fan m\u00e1s a la Casa Rosada en la investigaci\u00f3n por sobornos en la compra de medicamentos<\/strong><\/h3>\n\n\n\n<p>El entramado de corrupci\u00f3n que rodea a la Agencia Nacional de Discapacidad (Andis) y a la droguer\u00eda Suizo Argentina dej\u00f3 de ser un rumor alimentado por audios filtrados: ahora tiene la voz de un testigo clave que, bajo juramento, ratific\u00f3 que el mecanismo de coimas exist\u00eda y llegaba hasta el propio poder central. Fernando Cerimedo, consultor digital y exasesor del oficialismo, reconoci\u00f3 ante el fiscal Franco Picardi que Diego Spagnuolo, extitular de Andis, le hab\u00eda relatado en distintas ocasiones a lo largo de 2024 c\u00f3mo funcionaba el esquema de sobornos que se canalizaba a trav\u00e9s de la droguer\u00eda y cuyo destino final eran las arcas pol\u00edticas de la Casa Rosada.<\/p>\n\n\n\n<p>El testimonio de Cerimedo dinamita el intento del gobierno de Javier Milei de reducir el esc\u00e1ndalo a una \u201coperaci\u00f3n de espionaje extranjero\u201d. No se trata de fantas\u00edas bolivarianas ni de conspiraciones de la AFA: se trata de un relato coincidente con los audios difundidos p\u00fablicamente, que mencionan pagos millonarios, de entre 500.000 y 800.000 d\u00f3lares mensuales, direccionados a figuras como Karina Milei y Eduardo \u201cLule\u201d Menem. Mientras tanto, la empresa de la familia Kovalivker, beneficiada con un crecimiento obsceno de m\u00e1s del 2.600% en contratos con el Estado, aparece en el centro de la tormenta.<\/p>\n\n\n\n<p>El contraste es brutal. De un lado, un testigo que arriesga su posici\u00f3n y confirma el mecanismo de corrupci\u00f3n; del otro, empresarios que se escapan en autos de lujo, tel\u00e9fonos entregados reseteados de f\u00e1brica, cajas de seguridad abiertas con d\u00f3lares desparramados y sobrecitos de papel madera con fajos de billetes como si fueran golosinas en una kerm\u00e9s. La escena raya lo grotesco, pero lo que expone es devastador: un gobierno que lleg\u00f3 prometiendo barrer con la \u201ccasta\u201d repite, amplifica y perfecciona los mismos vicios que juraba combatir.<\/p>\n\n\n\n<p>Lejos de aportar claridad, el propio Milei decidi\u00f3 intervenir de la manera m\u00e1s reveladora: compartiendo en sus redes sociales el comunicado de Suizo Argentina, la empresa sospechada de regar con dinero a la pol\u00edtica y, al mismo tiempo, de financiar su campa\u00f1a presidencial en 2023, con Mauricio Macri como nexo. El gesto presidencial no fue de prudencia institucional sino de complicidad obscena, como si la palabra de una droguer\u00eda sospechada de corrupci\u00f3n pesara m\u00e1s que el avance de la Justicia.<\/p>\n\n\n\n<p>La estrategia del oficialismo se vuelve evidente: sembrar confusi\u00f3n, hablar de \u201cgolpe blando\u201d y culpar a supuestos esp\u00edas extranjeros mientras el expediente judicial avanza con pruebas inc\u00f3modas. La resistencia de la empresa a entregar correos electr\u00f3nicos, el borrado de celulares y los intentos de obstaculizar allanamientos muestran a un poder econ\u00f3mico acostumbrado a manejarse con impunidad. Pero esta vez la lupa judicial no se aparta, y los movimientos desesperados de los implicados solo alimentan la sospecha de que hay mucho que ocultar.<\/p>\n\n\n\n<p>En este contexto, la declaraci\u00f3n de Cerimedo no es solo un testimonio judicial: es tambi\u00e9n una grieta pol\u00edtica dentro del universo libertario. El fundador de <em>La Derecha Diario<\/em>, que fue un engranaje clave en la maquinaria comunicacional de Milei, hoy se convierte en un testigo inc\u00f3modo que tira de la manta y deja al descubierto la podredumbre que se esconde bajo el discurso anticasta. Ese mismo gobierno que recorta jubilaciones, paraliza universidades y abandona hospitales, aparece se\u00f1alado por montar una caja negra de coimas a costa de medicamentos destinados a personas con discapacidad.<\/p>\n\n\n\n<p>Lo que asoma, entonces, no es un simple caso de corrupci\u00f3n administrativa, sino un s\u00edntoma m\u00e1s del proyecto pol\u00edtico que encarna Milei: un poder que se legitima con consignas de austeridad, mientras en la trastienda se reparten d\u00f3lares en sobres marrones. La pregunta que queda flotando es si la Justicia podr\u00e1 avanzar sin la presi\u00f3n del aparato pol\u00edtico y medi\u00e1tico que intenta blindar al Presidente y a su c\u00edrculo \u00edntimo. Porque lo que est\u00e1 en juego no es solo un expediente en Comodoro Py, sino la credibilidad misma de un gobierno que prometi\u00f3 dinamitar privilegios y termin\u00f3 hundido en la mugre de las coimas.<\/p>\n\n\n\n<p>Fuente:<\/p>\n\n\n\n<p>.<a href=\"https:\/\/www.pagina12.com.ar\/857309-el-testigo-que-confirma-el-camino-de-las-coimas\">https:\/\/www.pagina12.com.ar\/857309-el-testigo-que-confirma-el-camino-de-las-coimas<\/a><\/p>\n","protected":false},"excerpt":{"rendered":"<p>La declaraci\u00f3n de Fernando Cerimedo compromete a\u00fan m\u00e1s a la Casa Rosada en la investigaci\u00f3n por sobornos en la compra de medicamentos El entramado de corrupci\u00f3n que rodea a la Agencia Nacional de Discapacidad (Andis) y a la droguer\u00eda Suizo Argentina dej\u00f3 de ser un rumor alimentado por audios filtrados: ahora tiene la voz de&#8230;<\/p>\n","protected":false},"author":12,"featured_media":8599,"comment_status":"open","ping_status":"open","sticky":false,"template":"","format":"standard","meta":{"_monsterinsights_skip_tracking":false,"_monsterinsights_sitenote_active":false,"_monsterinsights_sitenote_note":"","_monsterinsights_sitenote_category":0,"footnotes":"","jetpack_publicize_message":"","jetpack_publicize_feature_enabled":true,"jetpack_social_post_already_shared":true,"jetpack_social_options":{"image_generator_settings":{"template":"highway","default_image_id":0,"font":"","enabled":false},"version":2}},"categories":[2],"tags":[3248,3511,625,75,762,3177,45,821,3213,3211],"class_list":["post-8598","post","type-post","status-publish","format-standard","has-post-thumbnail","hentry","category-politica","tag-andis","tag-cerimedo","tag-coimas","tag-corrupcion","tag-karinamilei","tag-lule-menem","tag-milei","tag-sobornos","tag-spagnuolo","tag-suizoargentina"],"jetpack_publicize_connections":[],"_links":{"self":[{"href":"https:\/\/www.enorsai.com\/noticias\/wp-json\/wp\/v2\/posts\/8598","targetHints":{"allow":["GET"]}}],"collection":[{"href":"https:\/\/www.enorsai.com\/noticias\/wp-json\/wp\/v2\/posts"}],"about":[{"href":"https:\/\/www.enorsai.com\/noticias\/wp-json\/wp\/v2\/types\/post"}],"author":[{"embeddable":true,"href":"https:\/\/www.enorsai.com\/noticias\/wp-json\/wp\/v2\/users\/12"}],"replies":[{"embeddable":true,"href":"https:\/\/www.enorsai.com\/noticias\/wp-json\/wp\/v2\/comments?post=8598"}],"version-history":[{"count":1,"href":"https:\/\/www.enorsai.com\/noticias\/wp-json\/wp\/v2\/posts\/8598\/revisions"}],"predecessor-version":[{"id":8600,"href":"https:\/\/www.enorsai.com\/noticias\/wp-json\/wp\/v2\/posts\/8598\/revisions\/8600"}],"wp:featuredmedia":[{"embeddable":true,"href":"https:\/\/www.enorsai.com\/noticias\/wp-json\/wp\/v2\/media\/8599"}],"wp:attachment":[{"href":"https:\/\/www.enorsai.com\/noticias\/wp-json\/wp\/v2\/media?parent=8598"}],"wp:term":[{"taxonomy":"category","embeddable":true,"href":"https:\/\/www.enorsai.com\/noticias\/wp-json\/wp\/v2\/categories?post=8598"},{"taxonomy":"post_tag","embeddable":true,"href":"https:\/\/www.enorsai.com\/noticias\/wp-json\/wp\/v2\/tags?post=8598"}],"curies":[{"name":"wp","href":"https:\/\/api.w.org\/{rel}","templated":true}]}}