{"id":8588,"date":"2025-09-11T19:26:37","date_gmt":"2025-09-11T22:26:37","guid":{"rendered":"https:\/\/www.enorsai.com\/noticias\/?p=8588"},"modified":"2025-09-11T19:26:41","modified_gmt":"2025-09-11T22:26:41","slug":"el-derechista-jair-bolsonaro-fue-condenado-a-27-anos-de-prision-por-intento-de-golpe-en-brasil","status":"publish","type":"post","link":"https:\/\/www.enorsai.com\/noticias\/mundo\/el-derechista-jair-bolsonaro-fue-condenado-a-27-anos-de-prision-por-intento-de-golpe-en-brasil\/","title":{"rendered":"El derechista Jair Bolsonaro fue condenado a 27 a\u00f1os de prisi\u00f3n por intento de golpe en Brasil"},"content":{"rendered":"\n<p>El Supremo Tribunal Federal (STF) de Brasil dict\u00f3 este jueves una condena hist\u00f3rica contra el expresidente Jair Bolsonaro, sentenci\u00e1ndolo a 27 a\u00f1os y tres meses de prisi\u00f3n por intentar dar un golpe de Estado tras perder las elecciones de 2022 frente a Luiz In\u00e1cio Lula da Silva. La decisi\u00f3n, tomada por la Primera Sala del tribunal por 4 votos a 1, alcanza tambi\u00e9n a siete excolaboradores cercanos del ultraderechista, incluyendo exministros y jefes de las Fuerzas Armadas.<\/p>\n\n\n\n<p>El fallo del STF marca un hito en la historia pol\u00edtica brasile\u00f1a, al responsabilizar a Bolsonaro como \u201cjefe\u201d de una organizaci\u00f3n criminal que buscaba perpetuarlo en el poder y quebrar el estado democr\u00e1tico de derecho. La trama, seg\u00fan la Fiscal\u00eda General, se gest\u00f3 desde junio de 2021 y combin\u00f3 campa\u00f1as de desprestigio contra las instituciones, atentados frustrados, protestas violentas y la presi\u00f3n directa sobre los cuarteles del Ej\u00e9rcito para impedir la investidura de Lula, que finalmente asumi\u00f3 el 1 de enero de 2023.<\/p>\n\n\n\n<p>Entre los condenados se encuentran Alexandre Ramagem, exdirector de la Agencia Brasile\u00f1a de Inteligencia; Almir Garnier, excomandante de la Marina; Anderson Torres, exministro de Justicia; Augusto Heleno, exministro de Seguridad Institucional; Mauro Cid, exasesor presidencial; Paulo S\u00e9rgio Nogueira, exministro de Defensa; y Walter Souza Braga Netto, exjefe del Estado Mayor. Los jueces a\u00fan definir\u00e1n la duraci\u00f3n exacta de sus penas.<\/p>\n\n\n\n<p>Cristiano Zanin, presidente de la Primera Sala y exabogado de Lula, subray\u00f3 en su voto que \u201clas pruebas permiten concluir que los acusados pretend\u00edan romper el estado democr\u00e1tico de derecho\u201d, y su posici\u00f3n fue respaldada por Alexandre de Moraes, C\u00e1rmen L\u00facia y Fl\u00e1vio Dino. Solo Luiz Fux se pronunci\u00f3 en contra de continuar el proceso. La condena, inapelable ante el pleno del STF, sella la responsabilidad directa de Bolsonaro en un intento de golpe que sacudi\u00f3 a Brasil y redefinir\u00e1 el futuro de la ultraderecha en el pa\u00eds.<\/p>\n\n\n\n<p>La sentencia llega tras un largo proceso de investigaci\u00f3n que document\u00f3 la escalada de violencia y conspiraci\u00f3n que rode\u00f3 los \u00faltimos meses de la presidencia de Bolsonaro, incluyendo la ocupaci\u00f3n violenta del Palacio de Planalto y del Congreso por seguidores radicales. La Justicia brasile\u00f1a apunta as\u00ed a establecer un l\u00edmite claro frente a intentos de socavar la democracia, dejando en evidencia que la impunidad no ser\u00e1 tolerada para quienes busquen desestabilizar el orden constitucional.<\/p>\n\n\n\n<p>Fuente:<\/p>\n\n\n\n<p>.<a href=\"http:\/\/infobae.com\/america\/america-latina\/2025\/09\/11\/el-supremo-tribunal-de-brasil-formo-una-mayoria-para-condenar-a-jair-bolsonaro\/\">http:\/\/infobae.com\/america\/america-latina\/2025\/09\/11\/el-supremo-tribunal-de-brasil-formo-una-mayoria-para-condenar-a-jair-bolsonaro\/<\/a><\/p>\n","protected":false},"excerpt":{"rendered":"<p>El Supremo Tribunal Federal (STF) de Brasil dict\u00f3 este jueves una condena hist\u00f3rica contra el expresidente Jair Bolsonaro, sentenci\u00e1ndolo a 27 a\u00f1os y tres meses de prisi\u00f3n por intentar dar un golpe de Estado tras perder las elecciones de 2022 frente a Luiz In\u00e1cio Lula da Silva. La decisi\u00f3n, tomada por la Primera Sala del&#8230;<\/p>\n","protected":false},"author":11,"featured_media":8589,"comment_status":"open","ping_status":"open","sticky":false,"template":"","format":"standard","meta":{"_monsterinsights_skip_tracking":false,"_monsterinsights_sitenote_active":false,"_monsterinsights_sitenote_note":"","_monsterinsights_sitenote_category":0,"footnotes":"","jetpack_publicize_message":"","jetpack_publicize_feature_enabled":true,"jetpack_social_post_already_shared":true,"jetpack_social_options":{"image_generator_settings":{"template":"highway","default_image_id":0,"font":"","enabled":false},"version":2}},"categories":[7],"tags":[],"class_list":["post-8588","post","type-post","status-publish","format-standard","has-post-thumbnail","hentry","category-mundo"],"jetpack_publicize_connections":[],"_links":{"self":[{"href":"https:\/\/www.enorsai.com\/noticias\/wp-json\/wp\/v2\/posts\/8588","targetHints":{"allow":["GET"]}}],"collection":[{"href":"https:\/\/www.enorsai.com\/noticias\/wp-json\/wp\/v2\/posts"}],"about":[{"href":"https:\/\/www.enorsai.com\/noticias\/wp-json\/wp\/v2\/types\/post"}],"author":[{"embeddable":true,"href":"https:\/\/www.enorsai.com\/noticias\/wp-json\/wp\/v2\/users\/11"}],"replies":[{"embeddable":true,"href":"https:\/\/www.enorsai.com\/noticias\/wp-json\/wp\/v2\/comments?post=8588"}],"version-history":[{"count":1,"href":"https:\/\/www.enorsai.com\/noticias\/wp-json\/wp\/v2\/posts\/8588\/revisions"}],"predecessor-version":[{"id":8590,"href":"https:\/\/www.enorsai.com\/noticias\/wp-json\/wp\/v2\/posts\/8588\/revisions\/8590"}],"wp:featuredmedia":[{"embeddable":true,"href":"https:\/\/www.enorsai.com\/noticias\/wp-json\/wp\/v2\/media\/8589"}],"wp:attachment":[{"href":"https:\/\/www.enorsai.com\/noticias\/wp-json\/wp\/v2\/media?parent=8588"}],"wp:term":[{"taxonomy":"category","embeddable":true,"href":"https:\/\/www.enorsai.com\/noticias\/wp-json\/wp\/v2\/categories?post=8588"},{"taxonomy":"post_tag","embeddable":true,"href":"https:\/\/www.enorsai.com\/noticias\/wp-json\/wp\/v2\/tags?post=8588"}],"curies":[{"name":"wp","href":"https:\/\/api.w.org\/{rel}","templated":true}]}}