{"id":8585,"date":"2025-09-11T19:07:14","date_gmt":"2025-09-11T22:07:14","guid":{"rendered":"https:\/\/www.enorsai.com\/noticias\/?p=8585"},"modified":"2025-09-15T06:12:42","modified_gmt":"2025-09-15T09:12:42","slug":"milei-ataca-al-garrahan-manana-paro-y-ruidazo-a-partir-de-las-20hs-contra-un-veto-despiadado","status":"publish","type":"post","link":"https:\/\/www.enorsai.com\/noticias\/sociedad\/milei-ataca-al-garrahan-manana-paro-y-ruidazo-a-partir-de-las-20hs-contra-un-veto-despiadado\/","title":{"rendered":"Milei ataca al Garrahan: Ma\u00f1ana paro y ruidazo a partir de las 20hs contra un veto despiadado"},"content":{"rendered":"\n<p>El Hospital Garrahan, emblema de la salud pedi\u00e1trica en Argentina, se convirti\u00f3 en el nuevo blanco de los recortes del gobierno de Javier Milei. La asamblea de trabajadores anunci\u00f3 un paro para ma\u00f1ana desde las 7 de la ma\u00f1ana, con atenci\u00f3n limitada solo a urgencias, y una posterior movilizaci\u00f3n hacia Plaza de Mayo, acompa\u00f1ada por un \u201cruidazo nacional\u201d a las 20 horas. La medida es la respuesta inmediata al veto presidencial a la Ley de Emergencia Pedi\u00e1trica, que garantizaba la actualizaci\u00f3n de los fondos para el hospital.<\/p>\n\n\n\n<p>\u201cEs una decisi\u00f3n despiadada y cruel\u201d, denunciaron desde la Asociaci\u00f3n de Profesionales y T\u00e9cnicos (APYT). Norma Lezama, delegada de la instituci\u00f3n, fue categ\u00f3rica: \u201cNo vamos a dar un paso atr\u00e1s en la defensa de este hospital, de la salud en general y de las infancias a las que este gobierno odia, maltrata y est\u00e1 dispuesto a pasar por encima\u201d.<\/p>\n\n\n\n<p>El plan de lucha contempla nuevas acciones y podr\u00eda escalar con medidas m\u00e1s profundas si el Ejecutivo no revierte lo que los trabajadores califican como un \u201cataque tremendo\u201d contra el Garrahan. \u201cEst\u00e1bamos convencidos de que hab\u00eda que luchar por la ley que aprob\u00f3 el Congreso y que Milei vet\u00f3 con la excusa del equilibrio fiscal\u201d, insisti\u00f3 Lezama, subrayando la gravedad del escenario actual: falta de insumos, renuncias de profesionales y condiciones laborales insostenibles.<\/p>\n\n\n\n<p>Alejandro Lipcovich, delegado de ATE-Garrahan, precis\u00f3 que la jornada de protesta se articular\u00e1 con el reclamo de docentes y estudiantes universitarios, que tambi\u00e9n sufrieron el veto presidencial a la ley de financiamiento. \u201cEste gobierno golpea a la salud y a la educaci\u00f3n, los dos pilares de cualquier sociedad. Por eso, nuestra lucha es conjunta y vamos a rodear el Congreso\u201d, adelant\u00f3.<\/p>\n\n\n\n<p>Lipcovich adem\u00e1s llam\u00f3 a las centrales sindicales a organizar un paro nacional para enfrentar el ajuste: \u201cHay que defender al Garrahan y a las universidades p\u00fablicas del ataque despiadado que lleva adelante La Libertad Avanza\u201d.<\/p>\n\n\n\n<p>El repudio al veto no solo expone la situaci\u00f3n cr\u00edtica del hospital, sino tambi\u00e9n la crisis pol\u00edtica del oficialismo. \u201cEs el acto de un gobierno en ca\u00edda libre, repudiado en las urnas y sin legitimidad para seguir aplicando su motosierra\u201d, concluy\u00f3 el dirigente.<\/p>\n\n\n\n<p>El Garrahan, que simboliza la atenci\u00f3n pedi\u00e1trica de excelencia en el pa\u00eds, se encuentra ahora en el centro de una batalla contra una pol\u00edtica de ajuste que pone en riesgo la salud de miles de ni\u00f1os y ni\u00f1as. Y los trabajadores, con un mensaje claro y firme, prometen no ceder: \u201cNo vamos a dar un paso atr\u00e1s\u201d.<\/p>\n\n\n\n<p>Fuente:<\/p>\n\n\n\n<p>.<a href=\"https:\/\/www.pagina12.com.ar\/857077-paro-y-ruidazo-nacional-contra-el-veto-de-milei-al-garrahan\">https:\/\/www.pagina12.com.ar\/857077-paro-y-ruidazo-nacional-contra-el-veto-de-milei-al-garrahan<\/a><\/p>\n","protected":false},"excerpt":{"rendered":"<p>El Hospital Garrahan, emblema de la salud pedi\u00e1trica en Argentina, se convirti\u00f3 en el nuevo blanco de los recortes del gobierno de Javier Milei. La asamblea de trabajadores anunci\u00f3 un paro para ma\u00f1ana desde las 7 de la ma\u00f1ana, con atenci\u00f3n limitada solo a urgencias, y una posterior movilizaci\u00f3n hacia Plaza de Mayo, acompa\u00f1ada por&#8230;<\/p>\n","protected":false},"author":1,"featured_media":5885,"comment_status":"open","ping_status":"open","sticky":false,"template":"","format":"standard","meta":{"_monsterinsights_skip_tracking":false,"_monsterinsights_sitenote_active":false,"_monsterinsights_sitenote_note":"","_monsterinsights_sitenote_category":0,"footnotes":"","jetpack_publicize_message":"","jetpack_publicize_feature_enabled":true,"jetpack_social_post_already_shared":true,"jetpack_social_options":{"image_generator_settings":{"template":"highway","default_image_id":0,"font":"","enabled":false},"version":2}},"categories":[4],"tags":[],"class_list":["post-8585","post","type-post","status-publish","format-standard","has-post-thumbnail","hentry","category-sociedad"],"jetpack_publicize_connections":[],"_links":{"self":[{"href":"https:\/\/www.enorsai.com\/noticias\/wp-json\/wp\/v2\/posts\/8585","targetHints":{"allow":["GET"]}}],"collection":[{"href":"https:\/\/www.enorsai.com\/noticias\/wp-json\/wp\/v2\/posts"}],"about":[{"href":"https:\/\/www.enorsai.com\/noticias\/wp-json\/wp\/v2\/types\/post"}],"author":[{"embeddable":true,"href":"https:\/\/www.enorsai.com\/noticias\/wp-json\/wp\/v2\/users\/1"}],"replies":[{"embeddable":true,"href":"https:\/\/www.enorsai.com\/noticias\/wp-json\/wp\/v2\/comments?post=8585"}],"version-history":[{"count":1,"href":"https:\/\/www.enorsai.com\/noticias\/wp-json\/wp\/v2\/posts\/8585\/revisions"}],"predecessor-version":[{"id":8586,"href":"https:\/\/www.enorsai.com\/noticias\/wp-json\/wp\/v2\/posts\/8585\/revisions\/8586"}],"wp:featuredmedia":[{"embeddable":true,"href":"https:\/\/www.enorsai.com\/noticias\/wp-json\/wp\/v2\/media\/5885"}],"wp:attachment":[{"href":"https:\/\/www.enorsai.com\/noticias\/wp-json\/wp\/v2\/media?parent=8585"}],"wp:term":[{"taxonomy":"category","embeddable":true,"href":"https:\/\/www.enorsai.com\/noticias\/wp-json\/wp\/v2\/categories?post=8585"},{"taxonomy":"post_tag","embeddable":true,"href":"https:\/\/www.enorsai.com\/noticias\/wp-json\/wp\/v2\/tags?post=8585"}],"curies":[{"name":"wp","href":"https:\/\/api.w.org\/{rel}","templated":true}]}}