{"id":8576,"date":"2025-09-11T16:07:08","date_gmt":"2025-09-11T19:07:08","guid":{"rendered":"https:\/\/www.enorsai.com\/noticias\/?p=8576"},"modified":"2025-09-11T16:07:14","modified_gmt":"2025-09-11T19:07:14","slug":"negacionismo-institucional-libertarios-repiten-homenajes-a-militares-acusados-de-crimenes-de-lesa-humanidad","status":"publish","type":"post","link":"https:\/\/www.enorsai.com\/noticias\/derechos-humanos\/negacionismo-institucional-libertarios-repiten-homenajes-a-militares-acusados-de-crimenes-de-lesa-humanidad\/","title":{"rendered":"Negacionismo institucional: libertarios repiten homenajes a militares acusados de cr\u00edmenes de lesa humanidad"},"content":{"rendered":"\n<p>El negacionismo ya no es marginal: se convirti\u00f3 en pol\u00edtica de Estado. En menos de tres semanas, La Libertad Avanza protagoniz\u00f3 dos actos en la Legislatura porte\u00f1a para rendir homenaje a represores y golpistas, intentando naturalizar en democracia la reivindicaci\u00f3n de quienes encabezaron el terrorismo de Estado en Argentina.<\/p>\n\n\n\n<p>El \u00faltimo episodio ocurri\u00f3 este mi\u00e9rcoles, cuando la diputada libertaria Luc\u00eda Montenegro organiz\u00f3 un acto para homenajear a part\u00edcipes del Operativo Independencia, el inicio de lo que luego ser\u00eda el genocidio desplegado tras el golpe del 24 de marzo de 1976. Entre los presentes hab\u00eda abogados defensores de represores, civiles que reivindican la dictadura y familiares de militares acusados por cr\u00edmenes de lesa humanidad. Durante la actividad, adem\u00e1s, se cuestionaron los juicios a genocidas y se aplaudi\u00f3 a quienes atacan a los magistrados que los sostienen.<\/p>\n\n\n\n<p>Entre las invitadas estuvo Asunci\u00f3n Benedit, viuda de un capit\u00e1n que particip\u00f3 en la represi\u00f3n en Tucum\u00e1n y quien se autodefine como \u201cpresidenta de la Uni\u00f3n de Promociones Delegaci\u00f3n Bariloche\u201d. No dud\u00f3 en presentar el encuentro como un homenaje a \u201clos ca\u00eddos en la guerra antisubversiva\u201d, reeditando el relato con el que la dictadura justific\u00f3 secuestros, torturas, desapariciones y asesinatos.<\/p>\n\n\n\n<p>La reacci\u00f3n no se hizo esperar. Legisladores y legisladoras de Uni\u00f3n por la Patria y del Frente de Izquierda se levantaron para repudiar el homenaje. Margarita Cruz, sobreviviente del Operativo Independencia, estuvo presente y fue respaldada por trabajadoras y trabajadores de ATE-Legislatura. Andrea D\u2019Atri, referente de la izquierda, public\u00f3: \u201cComo a los nazis, les va a pasar: a d\u00f3nde vayan los iremos a buscar\u201d. En la misma l\u00ednea, Andr\u00e9s La Blunda expres\u00f3 su rechazo a la presencia de represores en \u201cla casa de la democracia porte\u00f1a\u201d, mientras Gabriel Solano denunci\u00f3 que \u201clo hacen a escondidas, lo anuncian a \u00faltimo momento y s\u00f3lo buscan la foto para las redes porque temen al repudio social\u201d.<\/p>\n\n\n\n<p>Las voces de familiares de desaparecidos tambi\u00e9n se hicieron sentir. Alejandrina Barry, integrante del CeProDH, record\u00f3: \u201cLos milicos no fueron h\u00e9roes, fueron torturadores y asesinos. Donde est\u00e1n los desaparecidos, donde est\u00e1n los nietos secuestrados\u201d.<\/p>\n\n\n\n<p>No es un hecho aislado. Apenas el 21 de agosto, la diputada libertaria Rebeca Fleitas organiz\u00f3 un acto similar en el Sal\u00f3n Dorado de la Legislatura. All\u00ed se destac\u00f3 la presencia de Jos\u00e9 D\u2019Angelo, un militar retirado que particip\u00f3 del levantamiento carapintada contra Alfons\u00edn y que hoy se dedica a publicar libros que niegan la dictadura y celebran los cr\u00edmenes de lesa humanidad. Fleitas, conocida por su militancia negacionista, ya hab\u00eda llenado los pasillos legislativos con afiches pidiendo \u201cQue vuelva el 2\u00d71\u201d y \u201cBasta del curro de los DD.HH.\u201d. Sus proyectos de ley, desde intentar eliminar el nombre de Rodolfo Walsh en el subte hasta instaurar un \u201cd\u00eda de las v\u00edctimas del terrorismo guerrillero\u201d, dejan en claro que su agenda pol\u00edtica busca borrar la memoria hist\u00f3rica.<\/p>\n\n\n\n<p>Mientras tanto, el gobierno nacional de Javier Milei intenta instalar que estos hechos son parte del \u201cdebate democr\u00e1tico\u201d. Pero la realidad es otra: cada homenaje a represores en instituciones p\u00fablicas constituye una provocaci\u00f3n directa a las v\u00edctimas y una amenaza a la memoria, la verdad y la justicia. El negacionismo, disfrazado de libertad de expresi\u00f3n, avanza como un discurso oficial que erosiona las bases de la democracia argentina.<\/p>\n\n\n\n<p>Fuente:<\/p>\n\n\n\n<p>.<a href=\"https:\/\/www.tiempoar.com.ar\/ta_article\/otra-provocacion-lla-homenajeo-a-represores-del-operativo-independencia-en-la-legislatura-portena\/\">https:\/\/www.tiempoar.com.ar\/ta_article\/otra-provocacion-lla-homenajeo-a-represores-del-operativo-independencia-en-la-legislatura-portena\/<\/a><\/p>\n","protected":false},"excerpt":{"rendered":"<p>El negacionismo ya no es marginal: se convirti\u00f3 en pol\u00edtica de Estado. En menos de tres semanas, La Libertad Avanza protagoniz\u00f3 dos actos en la Legislatura porte\u00f1a para rendir homenaje a represores y golpistas, intentando naturalizar en democracia la reivindicaci\u00f3n de quienes encabezaron el terrorismo de Estado en Argentina. El \u00faltimo episodio ocurri\u00f3 este mi\u00e9rcoles,&#8230;<\/p>\n","protected":false},"author":12,"featured_media":8577,"comment_status":"open","ping_status":"open","sticky":false,"template":"","format":"standard","meta":{"_monsterinsights_skip_tracking":false,"_monsterinsights_sitenote_active":false,"_monsterinsights_sitenote_note":"","_monsterinsights_sitenote_category":0,"footnotes":"","jetpack_publicize_message":"","jetpack_publicize_feature_enabled":true,"jetpack_social_post_already_shared":true,"jetpack_social_options":{"image_generator_settings":{"template":"highway","default_image_id":0,"font":"","enabled":false},"version":2}},"categories":[1908],"tags":[],"class_list":["post-8576","post","type-post","status-publish","format-standard","has-post-thumbnail","hentry","category-derechos-humanos"],"jetpack_publicize_connections":[],"_links":{"self":[{"href":"https:\/\/www.enorsai.com\/noticias\/wp-json\/wp\/v2\/posts\/8576","targetHints":{"allow":["GET"]}}],"collection":[{"href":"https:\/\/www.enorsai.com\/noticias\/wp-json\/wp\/v2\/posts"}],"about":[{"href":"https:\/\/www.enorsai.com\/noticias\/wp-json\/wp\/v2\/types\/post"}],"author":[{"embeddable":true,"href":"https:\/\/www.enorsai.com\/noticias\/wp-json\/wp\/v2\/users\/12"}],"replies":[{"embeddable":true,"href":"https:\/\/www.enorsai.com\/noticias\/wp-json\/wp\/v2\/comments?post=8576"}],"version-history":[{"count":1,"href":"https:\/\/www.enorsai.com\/noticias\/wp-json\/wp\/v2\/posts\/8576\/revisions"}],"predecessor-version":[{"id":8578,"href":"https:\/\/www.enorsai.com\/noticias\/wp-json\/wp\/v2\/posts\/8576\/revisions\/8578"}],"wp:featuredmedia":[{"embeddable":true,"href":"https:\/\/www.enorsai.com\/noticias\/wp-json\/wp\/v2\/media\/8577"}],"wp:attachment":[{"href":"https:\/\/www.enorsai.com\/noticias\/wp-json\/wp\/v2\/media?parent=8576"}],"wp:term":[{"taxonomy":"category","embeddable":true,"href":"https:\/\/www.enorsai.com\/noticias\/wp-json\/wp\/v2\/categories?post=8576"},{"taxonomy":"post_tag","embeddable":true,"href":"https:\/\/www.enorsai.com\/noticias\/wp-json\/wp\/v2\/tags?post=8576"}],"curies":[{"name":"wp","href":"https:\/\/api.w.org\/{rel}","templated":true}]}}