{"id":8532,"date":"2025-09-11T07:34:04","date_gmt":"2025-09-11T10:34:04","guid":{"rendered":"https:\/\/www.enorsai.com\/noticias\/?p=8532"},"modified":"2025-09-11T07:38:21","modified_gmt":"2025-09-11T10:38:21","slug":"el-gobierno-de-la-verguenza-milei-veta-la-emergencia-pediatrica-ajustando-contra-el-garrahan-y-la-salud-infantil","status":"publish","type":"post","link":"https:\/\/www.enorsai.com\/noticias\/politica\/el-gobierno-de-la-verguenza-milei-veta-la-emergencia-pediatrica-ajustando-contra-el-garrahan-y-la-salud-infantil\/","title":{"rendered":"El gobierno de la verg\u00fcenza: Milei veta la Emergencia Pedi\u00e1trica ajustando contra el Garrahan y la salud infantil"},"content":{"rendered":"\n<p>El presidente Javier Milei profundiz\u00f3 el ajuste fiscal con una nueva medida que gener\u00f3 rechazo en amplios sectores sociales y pol\u00edticos: el veto total a la Ley de Emergencia Pedi\u00e1trica destinada al Hospital Garrahan. El decreto, firmado durante la madrugada y publicado en el Bolet\u00edn Oficial, se suma al rechazo previo a la Ley de Financiamiento Universitario, confirmando la estrategia del Gobierno de bloquear cualquier intento del Congreso por reforzar \u00e1reas sensibles como la educaci\u00f3n y la salud.<\/p>\n\n\n\n<p>La decisi\u00f3n presidencial desconoce lo aprobado por el Senado hace apenas dos semanas, donde la iniciativa hab\u00eda recibido un respaldo contundente con 62 votos a favor y solo 8 en contra. La ley contemplaba mayores recursos, recomposici\u00f3n salarial para profesionales de la salud y la derogaci\u00f3n de la resoluci\u00f3n 2109\/2025, que hab\u00eda modificado el sistema de residencias m\u00e9dicas. El proyecto se apoyaba en la Ley 26.061 de Protecci\u00f3n Integral de los Derechos de Ni\u00f1os, Ni\u00f1as y Adolescentes, que garantiza el derecho a la salud integral de manera igualitaria y gratuita.<\/p>\n\n\n\n<p>El texto del veto repite los argumentos habituales de la administraci\u00f3n libertaria: la defensa del \u201cequilibrio fiscal\u201d y el rechazo a lo que considera un \u201cgasto p\u00fablico desmedido e irresponsable\u201d. El Gobierno calcula que la aplicaci\u00f3n de la ley tendr\u00eda un impacto de m\u00e1s de 115 mil millones de pesos en recomposici\u00f3n salarial, lo que \u2014seg\u00fan sus fundamentos\u2014 \u201cerosionar\u00eda la estabilidad presupuestaria de la Naci\u00f3n y de las provincias\u201d. Adem\u00e1s, sostiene que el proyecto \u201ccarece de financiamiento genuino\u201d, \u201cfomenta la arbitrariedad\u201d y \u201cprofundiza distorsiones salariales\u201d.<\/p>\n\n\n\n<p>La reacci\u00f3n en el \u00e1mbito de la salud no tard\u00f3 en llegar. La Asociaci\u00f3n de Profesionales y T\u00e9cnicos (APyT) del Hospital Garrahan hab\u00eda anticipado que, de concretarse el veto, impulsar\u00edan medidas de fuerza y movilizaciones. Ahora se esperan anuncios de protestas y una eventual Marcha Federal en Buenos Aires y en las plazas del pa\u00eds. En un comunicado, el gremio se\u00f1al\u00f3 que junto a la comunidad hospitalaria se mantendr\u00e1n en estado de alerta y convocaron a una conferencia de prensa frente al Congreso el pr\u00f3ximo lunes, en la que participar\u00e1n tambi\u00e9n organizaciones universitarias. El objetivo es exigir a diputados y senadores que insistan en el tratamiento de la ley y rechacen de manera inmediata cualquier veto presidencial.<\/p>\n\n\n\n<p>La pulseada entre el Ejecutivo y el Parlamento vuelve a tensarse, mientras la Casa Rosada a\u00fan mantiene en suspenso su definici\u00f3n sobre la Ley de Redistribuci\u00f3n Autom\u00e1tica de los Aportes del Tesoro Nacional (ATN), una norma clave para los gobernadores. El escenario pol\u00edtico anticipa nuevos choques en el Congreso, donde la oposici\u00f3n buscar\u00e1 insistir con la sanci\u00f3n de la emergencia pedi\u00e1trica y marcar un freno a la pol\u00edtica de ajuste que el Gobierno de Milei pretende consolidar.<\/p>\n\n\n\n<p>Fuente:<\/p>\n\n\n\n<p>.<a href=\"https:\/\/www.pagina12.com.ar\/857020-el-veto-de-javier-milei-al-garrahan\">https:\/\/www.pagina12.com.ar\/857020-el-veto-de-javier-milei-al-garrahan<\/a><\/p>\n","protected":false},"excerpt":{"rendered":"<p>El presidente Javier Milei profundiz\u00f3 el ajuste fiscal con una nueva medida que gener\u00f3 rechazo en amplios sectores sociales y pol\u00edticos: el veto total a la Ley de Emergencia Pedi\u00e1trica destinada al Hospital Garrahan. El decreto, firmado durante la madrugada y publicado en el Bolet\u00edn Oficial, se suma al rechazo previo a la Ley de&#8230;<\/p>\n","protected":false},"author":13,"featured_media":8533,"comment_status":"open","ping_status":"open","sticky":false,"template":"","format":"standard","meta":{"_monsterinsights_skip_tracking":false,"_monsterinsights_sitenote_active":false,"_monsterinsights_sitenote_note":"","_monsterinsights_sitenote_category":0,"footnotes":"","jetpack_publicize_message":"","jetpack_publicize_feature_enabled":true,"jetpack_social_post_already_shared":true,"jetpack_social_options":{"image_generator_settings":{"template":"highway","default_image_id":0,"font":"","enabled":false},"version":2}},"categories":[2,4],"tags":[],"class_list":["post-8532","post","type-post","status-publish","format-standard","has-post-thumbnail","hentry","category-politica","category-sociedad"],"jetpack_publicize_connections":[],"_links":{"self":[{"href":"https:\/\/www.enorsai.com\/noticias\/wp-json\/wp\/v2\/posts\/8532","targetHints":{"allow":["GET"]}}],"collection":[{"href":"https:\/\/www.enorsai.com\/noticias\/wp-json\/wp\/v2\/posts"}],"about":[{"href":"https:\/\/www.enorsai.com\/noticias\/wp-json\/wp\/v2\/types\/post"}],"author":[{"embeddable":true,"href":"https:\/\/www.enorsai.com\/noticias\/wp-json\/wp\/v2\/users\/13"}],"replies":[{"embeddable":true,"href":"https:\/\/www.enorsai.com\/noticias\/wp-json\/wp\/v2\/comments?post=8532"}],"version-history":[{"count":2,"href":"https:\/\/www.enorsai.com\/noticias\/wp-json\/wp\/v2\/posts\/8532\/revisions"}],"predecessor-version":[{"id":8536,"href":"https:\/\/www.enorsai.com\/noticias\/wp-json\/wp\/v2\/posts\/8532\/revisions\/8536"}],"wp:featuredmedia":[{"embeddable":true,"href":"https:\/\/www.enorsai.com\/noticias\/wp-json\/wp\/v2\/media\/8533"}],"wp:attachment":[{"href":"https:\/\/www.enorsai.com\/noticias\/wp-json\/wp\/v2\/media?parent=8532"}],"wp:term":[{"taxonomy":"category","embeddable":true,"href":"https:\/\/www.enorsai.com\/noticias\/wp-json\/wp\/v2\/categories?post=8532"},{"taxonomy":"post_tag","embeddable":true,"href":"https:\/\/www.enorsai.com\/noticias\/wp-json\/wp\/v2\/tags?post=8532"}],"curies":[{"name":"wp","href":"https:\/\/api.w.org\/{rel}","templated":true}]}}