{"id":8516,"date":"2025-09-10T20:14:29","date_gmt":"2025-09-10T23:14:29","guid":{"rendered":"https:\/\/www.enorsai.com\/noticias\/?p=8516"},"modified":"2025-09-10T20:14:37","modified_gmt":"2025-09-10T23:14:37","slug":"milei-veto-la-ley-de-financiamiento-universitario-ajuste-conflicto-y-rechazo-social","status":"publish","type":"post","link":"https:\/\/www.enorsai.com\/noticias\/politica\/milei-veto-la-ley-de-financiamiento-universitario-ajuste-conflicto-y-rechazo-social\/","title":{"rendered":"Milei vet\u00f3 la ley de financiamiento universitario: ajuste, conflicto y rechazo social"},"content":{"rendered":"\n<h1 class=\"wp-block-heading\"> \u00daltima hora<\/h1>\n\n\n\n<p><strong>Por Redacci\u00f3n Enorsai<\/strong> | 10 de septiembre de 2025<\/p>\n\n\n\n<blockquote class=\"wp-block-quote is-layout-flow wp-block-quote-is-layout-flow\">\n<p><em>\u201cEl presidente vet\u00f3 la ley universitaria que garantizaba actualizaci\u00f3n de fondos y salarios por inflaci\u00f3n. Universidades, docentes y la sociedad responden con protestas y repudian el ajuste.\u201d<\/em><\/p>\n<\/blockquote>\n\n\n\n<p>El presidente Javier Milei oficializ\u00f3 el veto total a la ley de financiamiento universitario, que aseguraba la actualizaci\u00f3n de las partidas presupuestarias por inflaci\u00f3n acumulada y la recomposici\u00f3n salarial del sector docente a partir de diciembre de 2023. La medida, publicada en el Bolet\u00edn Oficial, responde \u2013seg\u00fan el Gobierno\u2013 a la necesidad de preservar el super\u00e1vit fiscal, aunque agrava el conflicto con el sector educativo y reactiva la movilizaci\u00f3n social[web:75][web:77][web:79].<br><strong>Fuentes:<\/strong> C5N, Infobae, \u00c1mbito, P\u00e1gina\/12, LMNeuqu\u00e9n.<\/p>\n\n\n\n<h2 class=\"wp-block-heading\">\u00bfQu\u00e9 establec\u00eda la ley vetada?<\/h2>\n\n\n\n<ul class=\"wp-block-list\">\n<li>Actualizaci\u00f3n autom\u00e1tica de fondos para universidades nacionales seg\u00fan la inflaci\u00f3n 2023-2024[web:75][web:79].<\/li>\n\n\n\n<li>Nuevo esquema de recomposici\u00f3n salarial para docentes y no docentes universitarios desde diciembre 2023.<\/li>\n\n\n\n<li>Reapertura de paritarias y aumento de becas estudiantiles.<\/li>\n\n\n\n<li>Incremento presupuestario para hospitales y centros de investigaci\u00f3n vinculados a las universidades.<\/li>\n<\/ul>\n\n\n\n<p>La iniciativa fue aprobada por ampl\u00edsima mayor\u00eda en el Congreso, impulsada por la oposici\u00f3n y el Consejo Interuniversitario Nacional, pero el oficialismo adujo \u201ccosto fiscal excesivo\u201d, remitiendo el veto total y bloqueando su aplicaci\u00f3n inmediata.[web:75][web:79]<\/p>\n\n\n\n<h2 class=\"wp-block-heading\">Fundamentos del veto y reacci\u00f3n oficial<\/h2>\n\n\n\n<p>El Gobierno justific\u00f3 el veto por \u201cincumplimiento de la Ley 24.156\u201d y la falta de una fuente clara de financiamiento para el gasto extra estimado por la Jefatura de Gabinete en $1,07 billones para 2025. Milei reiter\u00f3 que no tolerar\u00e1 ampliaciones presupuestarias que pongan en \u201criesgo el equilibrio fiscal, base del plan econ\u00f3mico\u201d. El veto tambi\u00e9n alcanzar\u00e1 leyes clave como la emergencia pedi\u00e1trica y los Aportes del Tesoro Nacional (ATN) para provincias[web:75][web:76][web:79].<\/p>\n\n\n\n<h2 class=\"wp-block-heading\">Repercusiones: paro docente y protesta nacional<\/h2>\n\n\n\n<p>El rechazo gener\u00f3 nuevas marchas universitarias y el anuncio de paro nacional por parte de las federaciones docentes (CONADU, FEDUN), volviendo a instalar la agenda educativa y el reclamo de actualizaci\u00f3n salarial en la protesta social. El Hospital Garrahan y la demanda de fondos para ni\u00f1ez fueron tambi\u00e9n eje de reclamo federal, junto a la defensa de la educaci\u00f3n y la ciencia[web:80][web:78].<\/p>\n\n\n\n<ul class=\"wp-block-list\">\n<li>Marchas y clases p\u00fablicas en Plaza de Mayo y todo el pa\u00eds.<\/li>\n\n\n\n<li>Universidades y sociedades cient\u00edficas denuncian \u201cdesfinanciamiento y ataque a la soberan\u00eda educativa\u201d.<\/li>\n\n\n\n<li>Congreso Nacional deber\u00e1 decidir si insiste con la ley vetada: necesita 2\/3 de votos en ambas c\u00e1maras.<\/li>\n<\/ul>\n\n\n\n<h2 class=\"wp-block-heading\">Preguntas frecuentes SEO<\/h2>\n\n\n\n<p>\u00bfPor qu\u00e9 vet\u00f3 Milei la ley universitaria? El gobierno argumenta \u201ccosto fiscal inasumible\u201d y mantiene su programa de ajuste y equilibrio presupuestario[web:75][web:79]. \u00bfQu\u00e9 reclaman las universidades y los docentes? Actualizaci\u00f3n de fondos por inflaci\u00f3n, recomposici\u00f3n salarial y presupuesto suficiente para sostener la educaci\u00f3n p\u00fablica y la investigaci\u00f3n[web:78][web:80]. \u00bfPuede el Congreso revertir el veto? S\u00ed, pero solo si re\u00fane dos tercios de los votos en Diputados y en el Senado[web:75]. \u00bfQu\u00e9 sectores m\u00e1s resultan afectados? Adem\u00e1s de universidades, hospitales universitarios y \u00e1reas de ciencia y tecnolog\u00eda, ni\u00f1ez (Hospital Garrahan) y recursos a provincias tambi\u00e9n quedan en riesgo[web:76][web:80].<\/p>\n\n\n\n<p><strong>Fuentes:<\/strong> C5N El Diario, Infobae, \u00c1mbito, P\u00e1gina\/12, LMNeuqu\u00e9n, redes universitarias y gremios docentes.<br>Redacci\u00f3n Enorsai | Derechos reservados \u00a9 2025<\/p>\n","protected":false},"excerpt":{"rendered":"<p>\u00daltima hora Por Redacci\u00f3n Enorsai | 10 de septiembre de 2025 \u201cEl presidente vet\u00f3 la ley universitaria que garantizaba actualizaci\u00f3n de fondos y salarios por inflaci\u00f3n. Universidades, docentes y la sociedad responden con protestas y repudian el ajuste.\u201d El presidente Javier Milei oficializ\u00f3 el veto total a la ley de financiamiento universitario, que aseguraba la&#8230;<\/p>\n","protected":false},"author":4,"featured_media":7419,"comment_status":"open","ping_status":"open","sticky":false,"template":"","format":"standard","meta":{"_monsterinsights_skip_tracking":false,"_monsterinsights_sitenote_active":false,"_monsterinsights_sitenote_note":"","_monsterinsights_sitenote_category":0,"footnotes":"","jetpack_publicize_message":"Milei vet\u00f3 la ley de financiamiento universitario: ajuste, conflicto y rechazo social","jetpack_publicize_feature_enabled":true,"jetpack_social_post_already_shared":false,"jetpack_social_options":{"image_generator_settings":{"template":"highway","default_image_id":0,"font":"","enabled":false},"version":2}},"categories":[2,4],"tags":[3499,926,1872,3502,3505,3495,3501,3500,3492,1569,3491,3498,45,3494,3497,3503,3506,3496,3504,3493,2535],"class_list":["post-8516","post","type-post","status-publish","format-standard","has-post-thumbnail","hentry","category-politica","category-sociedad","tag-actualizacion-por-inflacion","tag-ajuste-fiscal","tag-atn","tag-ciencia-y-tecnologia","tag-conflicto-politico","tag-conflicto-universitario","tag-congreso-nacional","tag-crisis-educativa","tag-educacion-publica","tag-hospital-garrahan","tag-ley-de-financiamiento-universitario","tag-marcha-universitaria","tag-milei","tag-paro-docente","tag-presupuesto-universitario","tag-rechazo-social","tag-recortes-presupuesto","tag-salarios-docentes","tag-sector-educativo","tag-universidades-nacionales","tag-veto-presidencial"],"jetpack_publicize_connections":[],"_links":{"self":[{"href":"https:\/\/www.enorsai.com\/noticias\/wp-json\/wp\/v2\/posts\/8516","targetHints":{"allow":["GET"]}}],"collection":[{"href":"https:\/\/www.enorsai.com\/noticias\/wp-json\/wp\/v2\/posts"}],"about":[{"href":"https:\/\/www.enorsai.com\/noticias\/wp-json\/wp\/v2\/types\/post"}],"author":[{"embeddable":true,"href":"https:\/\/www.enorsai.com\/noticias\/wp-json\/wp\/v2\/users\/4"}],"replies":[{"embeddable":true,"href":"https:\/\/www.enorsai.com\/noticias\/wp-json\/wp\/v2\/comments?post=8516"}],"version-history":[{"count":1,"href":"https:\/\/www.enorsai.com\/noticias\/wp-json\/wp\/v2\/posts\/8516\/revisions"}],"predecessor-version":[{"id":8517,"href":"https:\/\/www.enorsai.com\/noticias\/wp-json\/wp\/v2\/posts\/8516\/revisions\/8517"}],"wp:featuredmedia":[{"embeddable":true,"href":"https:\/\/www.enorsai.com\/noticias\/wp-json\/wp\/v2\/media\/7419"}],"wp:attachment":[{"href":"https:\/\/www.enorsai.com\/noticias\/wp-json\/wp\/v2\/media?parent=8516"}],"wp:term":[{"taxonomy":"category","embeddable":true,"href":"https:\/\/www.enorsai.com\/noticias\/wp-json\/wp\/v2\/categories?post=8516"},{"taxonomy":"post_tag","embeddable":true,"href":"https:\/\/www.enorsai.com\/noticias\/wp-json\/wp\/v2\/tags?post=8516"}],"curies":[{"name":"wp","href":"https:\/\/api.w.org\/{rel}","templated":true}]}}