{"id":8510,"date":"2025-09-10T19:01:31","date_gmt":"2025-09-10T22:01:31","guid":{"rendered":"https:\/\/www.enorsai.com\/noticias\/?p=8510"},"modified":"2025-09-10T19:01:41","modified_gmt":"2025-09-10T22:01:41","slug":"la-receta-es-crecimiento-y-no-ajuste-el-analisis-de-carlos-bianco-sobre-inflacion-y-gestion-peronista","status":"publish","type":"post","link":"https:\/\/www.enorsai.com\/noticias\/politica\/la-receta-es-crecimiento-y-no-ajuste-el-analisis-de-carlos-bianco-sobre-inflacion-y-gestion-peronista\/","title":{"rendered":"\u00abLa receta es crecimiento y no ajuste\u00bb: el an\u00e1lisis de Carlos Bianco sobre inflaci\u00f3n y gesti\u00f3n peronista"},"content":{"rendered":"\n<p><\/p>\n\n\n\n<p><strong>Por Redacci\u00f3n Enorsai<\/strong> | 10 de septiembre de 2025<\/p>\n\n\n\n<blockquote class=\"wp-block-quote is-layout-flow wp-block-quote-is-layout-flow\">\n<p><em>\u201cLa disciplina fiscal debe basarse en generaci\u00f3n de ingresos, no en la quita de derechos a los sectores vulnerables. La clave es recaudar sobre quienes m\u00e1s tienen y permitir que la econom\u00eda crezca para incrementar los recursos estatales.\u201d \u2013 Carlos Bianco<\/em><\/p>\n<\/blockquote>\n\n\n\n<p>En di\u00e1logo con Radio Con Vos, Carlos Bianco analiz\u00f3 el futuro econ\u00f3mico argentino, enfatiz\u00f3 la importancia de un sistema impositivo progresivo y critic\u00f3 la pol\u00edtica monetaria actual que asfixia a pymes y comercios[web:41][web:45]. La entrevista incluy\u00f3 reflexiones hist\u00f3ricas sobre el impacto de la inflaci\u00f3n y profundiz\u00f3 sobre la interna y estrategia pol\u00edtica del peronismo en el marco electoral.<\/p>\n\n\n\n<h2 class=\"wp-block-heading\">Disciplina fiscal y pol\u00edticas inclusivas<\/h2>\n\n\n\n<p>Bianco advierte que la estabilidad y el equilibrio fiscal deben lograrse mediante ingresos progresivos, sin recortes a jubilados, discapacitados ni provincias[web:41][web:45]. Sostiene que \u201cel equilibrio fiscal no puede ser un fin en s\u00ed mismo, sino una herramienta para el crecimiento y la estabilidad\u201d. Propone reforzar los impuestos a los sectores de mayores ingresos y apostar al crecimiento econ\u00f3mico para mejorar la recaudaci\u00f3n estatal.<\/p>\n\n\n\n<figure class=\"wp-block-table\"><table class=\"has-fixed-layout\"><tbody><tr><th>Sistema Impositivo<\/th><td>Progresivo, priorizando la recaudaci\u00f3n sobre los sectores de m\u00e1s ingresos[web:41]<\/td><\/tr><tr><th>Pol\u00edtica Monetaria<\/th><td>Cr\u00edtica a las tasas elevadas: \u201cLas tasas actuales funden a las pymes y frenan el consumo\u201d[web:41]<\/td><\/tr><tr><th>Recortes<\/th><td>No acompa\u00f1ar recortes a sectores vulnerables; equilibrio mediante generaci\u00f3n de ingresos[web:41][web:45]<\/td><\/tr><\/tbody><\/table><\/figure>\n\n\n\n<h2 class=\"wp-block-heading\">Inflaci\u00f3n y experiencia hist\u00f3rica<\/h2>\n\n\n\n<p>Bianco relata el impacto cotidiano de la hiperinflaci\u00f3n en los a\u00f1os de Alfons\u00edn, donde la devaluaci\u00f3n del salario obligaba a familias trabajadoras a buscar refugio en activos dolarizados y bienes b\u00e1sicos con urgencia. Subraya que la gesti\u00f3n peronista reciente defendi\u00f3 impuestos progresivos y la protecci\u00f3n social frente al ajuste fiscal[web:41][web:45].<\/p>\n\n\n\n<h2 class=\"wp-block-heading\">Interna peronista y conducci\u00f3n pol\u00edtica<\/h2>\n\n\n\n<p>Ante la pregunta sobre liderazgo interno, Bianco reconoce disputas y diferencias, pero destaca la importancia de mantener el orden y evitar peleas internas durante la campa\u00f1a. \u201cCada sector tiene su conducci\u00f3n y reconocimiento; la estrategia electoral la defini\u00f3 el gobernador Axel Kicillof y sali\u00f3 bien\u201d, se\u00f1ala[web:41][web:42].<\/p>\n\n\n\n<ul class=\"wp-block-list\">\n<li>Reconoce pluralidad y distintos liderazgos (Cristina, Axel, Massa)[web:41].<\/li>\n\n\n\n<li>Apuesta a la unidad y el debate democr\u00e1tico armado con respeto.<\/li>\n\n\n\n<li>El buen resultado electoral consolid\u00f3 el orden pol\u00edtico dentro de la provincia de Buenos Aires.<\/li>\n<\/ul>\n\n\n\n<h2 class=\"wp-block-heading\">Balance de gesti\u00f3n bonaerense<\/h2>\n\n\n\n<p>Bianco subray\u00f3 que la provincia sigue priorizando inversiones en salud, educaci\u00f3n, producci\u00f3n y seguridad, pese a menores recursos y falta de cooperaci\u00f3n nacional[web:45]. Las obras p\u00fablicas reactivadas y la transparencia electoral marcaron el cierre de un a\u00f1o desafiante para el ejecutivo provincial.<\/p>\n\n\n\n<figure class=\"wp-block-table\"><table class=\"has-fixed-layout\"><tbody><tr><th>Fuerza Patria<\/th><td>46,93%[web:44]<\/td><\/tr><tr><th>La Libertad Avanza<\/th><td>33,85%[web:44]<\/td><\/tr><tr><th>Participaci\u00f3n<\/th><td>M\u00e1s del 63% del padr\u00f3n[web:42][web:44]<\/td><\/tr><tr><th>Transparencia electoral<\/th><td>Sin incidentes ni denuncias, triple chequeo de datos[web:42][web:43]<\/td><\/tr><\/tbody><\/table><\/figure>\n\n\n\n<h2 class=\"wp-block-heading\">Preguntas frecuentes SEO<\/h2>\n\n\n\n<p>\u00bfQu\u00e9 propone Carlos Bianco para evitar el ajuste? Recaudaci\u00f3n fiscal progresiva y generaci\u00f3n de ingresos genuinos, evitando recortes a los sectores vulnerables y promoviendo el crecimiento econ\u00f3mico[web:41]. \u00bfCu\u00e1l es la cr\u00edtica a la pol\u00edtica monetaria actual? Las tasas de inter\u00e9s extremadamente altas asfixian al sector productivo y limitan el consumo interno[web:41]. \u00bfCu\u00e1l fue el resultado electoral en la provincia de Buenos Aires? Fuerza Patria gan\u00f3 con m\u00e1s del 46% de los votos, superando por m\u00e1s de 13 puntos a La Libertad Avanza[web:42][web:44]. \u00bfC\u00f3mo manej\u00f3 la provincia el escrutinio y la transparencia electoral? Implement\u00f3 triple chequeo de datos y garantiz\u00f3 la seguridad del proceso, sin denuncias ni incidentes[web:42][web:43].<\/p>\n\n\n\n<p><strong>Fuentes:<\/strong> Radio Con Vos, Entrevista exclusiva con Carlos Bianco, Ministro de Gobierno bonaerense; <a href=\"https:\/\/www.infobae.com\/politica\/2025\/09\/08\/carlos-bianco-el-dia-despues-de-la-victoria-si-milei-no-modifica-el-rumbo-va-a-ser-cada-vez-mas-dificil-para-sociedad\/\">Infobae<\/a>, <a href=\"https:\/\/www.gba.gob.ar\/gobierno\/noticias\/bianco_%E2%80%9Cen_la_provincia_de_buenos_aires_no_habr%C3%A1_ajuste%E2%80%9D\">Gobierno PBA<\/a>, <a href=\"https:\/\/tn.com.ar\/politica\/2025\/09\/07\/resultados-elecciones-en-provincia-de-buenos-aires-2025-el-mapa-con-todos-los-datos-del-escrutinio\/\">TN<\/a><\/p>\n\n\n\n<p>Redacci\u00f3n Enorsai | Derechos reservados \u00a9 2025<\/p>\n","protected":false},"excerpt":{"rendered":"<p>Por Redacci\u00f3n Enorsai | 10 de septiembre de 2025 \u201cLa disciplina fiscal debe basarse en generaci\u00f3n de ingresos, no en la quita de derechos a los sectores vulnerables. La clave es recaudar sobre quienes m\u00e1s tienen y permitir que la econom\u00eda crezca para incrementar los recursos estatales.\u201d \u2013 Carlos Bianco En di\u00e1logo con Radio Con&#8230;<\/p>\n","protected":false},"author":13,"featured_media":8511,"comment_status":"open","ping_status":"open","sticky":false,"template":"","format":"standard","meta":{"_monsterinsights_skip_tracking":false,"_monsterinsights_sitenote_active":false,"_monsterinsights_sitenote_note":"","_monsterinsights_sitenote_category":0,"footnotes":"","jetpack_publicize_message":"\"La receta es crecimiento y no ajuste\": el an\u00e1lisis de Carlos Bianco sobre inflaci\u00f3n y gesti\u00f3n peronista","jetpack_publicize_feature_enabled":true,"jetpack_social_post_already_shared":false,"jetpack_social_options":{"image_generator_settings":{"template":"highway","default_image_id":0,"font":"","enabled":false},"version":2}},"categories":[3,2],"tags":[926,3307,3479,179,3473,3439,2987,2872,2529,3477,3471,3472,3474,3476,3165,2542,3478,2612,3475,3480,1767],"class_list":["post-8510","post","type-post","status-publish","format-standard","has-post-thumbnail","hentry","category-economia","category-politica","tag-ajuste-fiscal","tag-carlos-bianco","tag-conduccion-peronista","tag-crisis-economica","tag-disciplina-fiscal","tag-elecciones-provincia-de-buenos-aires","tag-entrevista","tag-equilibrio-fiscal","tag-fuerza-patria","tag-gobierno-bonaerense","tag-inflacion-argentina","tag-peronismo-2025","tag-politica-economica-argentina","tag-politica-monetaria-argentina","tag-pymes-argentina","tag-radio-con-vos","tag-recortes-sociales","tag-resultados-electorales","tag-sistema-impositivo-progresivo","tag-transparencia-electoral","tag-unidad-peronista"],"jetpack_publicize_connections":[],"_links":{"self":[{"href":"https:\/\/www.enorsai.com\/noticias\/wp-json\/wp\/v2\/posts\/8510","targetHints":{"allow":["GET"]}}],"collection":[{"href":"https:\/\/www.enorsai.com\/noticias\/wp-json\/wp\/v2\/posts"}],"about":[{"href":"https:\/\/www.enorsai.com\/noticias\/wp-json\/wp\/v2\/types\/post"}],"author":[{"embeddable":true,"href":"https:\/\/www.enorsai.com\/noticias\/wp-json\/wp\/v2\/users\/13"}],"replies":[{"embeddable":true,"href":"https:\/\/www.enorsai.com\/noticias\/wp-json\/wp\/v2\/comments?post=8510"}],"version-history":[{"count":1,"href":"https:\/\/www.enorsai.com\/noticias\/wp-json\/wp\/v2\/posts\/8510\/revisions"}],"predecessor-version":[{"id":8512,"href":"https:\/\/www.enorsai.com\/noticias\/wp-json\/wp\/v2\/posts\/8510\/revisions\/8512"}],"wp:featuredmedia":[{"embeddable":true,"href":"https:\/\/www.enorsai.com\/noticias\/wp-json\/wp\/v2\/media\/8511"}],"wp:attachment":[{"href":"https:\/\/www.enorsai.com\/noticias\/wp-json\/wp\/v2\/media?parent=8510"}],"wp:term":[{"taxonomy":"category","embeddable":true,"href":"https:\/\/www.enorsai.com\/noticias\/wp-json\/wp\/v2\/categories?post=8510"},{"taxonomy":"post_tag","embeddable":true,"href":"https:\/\/www.enorsai.com\/noticias\/wp-json\/wp\/v2\/tags?post=8510"}],"curies":[{"name":"wp","href":"https:\/\/api.w.org\/{rel}","templated":true}]}}