{"id":850,"date":"2025-02-08T07:45:13","date_gmt":"2025-02-08T10:45:13","guid":{"rendered":"https:\/\/www.enorsai.com\/noticias\/?p=850"},"modified":"2025-02-08T07:45:13","modified_gmt":"2025-02-08T10:45:13","slug":"del-no-hay-plata-al-aumento-expres-el-gobierno-de-milei-rompe-su-propio-techo-de-paritarias-y-le-da-aumento-salarial-a-gendarmeria","status":"publish","type":"post","link":"https:\/\/www.enorsai.com\/noticias\/economia\/del-no-hay-plata-al-aumento-expres-el-gobierno-de-milei-rompe-su-propio-techo-de-paritarias-y-le-da-aumento-salarial-a-gendarmeria\/","title":{"rendered":"Del \u00abNo Hay Plata\u00bb al Aumento Expr\u00e9s: El Gobierno de Milei Rompe su Propio Techo de Paritarias y le da aumento salarial a Gendarmer\u00eda"},"content":{"rendered":"\n<p><strong><em>En un giro que expone las contradicciones del discurso oficial, el gobierno de Javier Milei otorg\u00f3 un aumento salarial significativo a la Gendarmer\u00eda Nacional, luego de amenazas de medidas de fuerza por parte de los efectivos. Esta decisi\u00f3n no solo rompe el techo de paritarias que la propia Secretar\u00eda de Trabajo impuso a los gremios estatales y del sector privado, sino que tambi\u00e9n revela el doble est\u00e1ndar en la gesti\u00f3n del ajuste fiscal.<br><\/em><\/strong><br>Mientras el gobierno repite el mantra del \u00abno hay plata\u00bb para justificar recortes en \u00e1reas sensibles como educaci\u00f3n, salud y ciencia, parece que los fondos aparecen con celeridad cuando se trata de mantener el aparato represivo en calma. La suba salarial para los gendarmes fue aprobada en tiempo r\u00e9cord, contrastando con la dura postura hacia los docentes universitarios, investigadores y trabajadores p\u00fablicos que enfrentan congelamientos salariales y despidos masivos.<br><br>El aumento a la Gendarmer\u00eda refleja una pol\u00edtica de ajuste selectivo donde el \u00aborden\u00bb y la \u00abseguridad\u00bb se priorizan por encima de los derechos laborales y sociales. Este favoritismo hacia las fuerzas de seguridad no es casual: responde a la necesidad del gobierno de garantizar un control social efectivo en un contexto de creciente conflictividad debido a las medidas de ajuste estructural.<br><br>Resulta ir\u00f3nico que un gobierno que demoniza la protesta social y ataca sistem\u00e1ticamente a los sindicatos haya cedido r\u00e1pidamente ante la presi\u00f3n de la Gendarmer\u00eda. Esto demuestra que el poder de negociaci\u00f3n no est\u00e1 mal visto por el oficialismo cuando proviene de sectores clave para la represi\u00f3n de la disidencia.<br><br>Este aumento no solo representa un alivio para los bolsillos de los gendarmes, sino que sienta un precedente preocupante: el gobierno cede ante la presi\u00f3n cuando el reclamo proviene de sectores estrat\u00e9gicos para el control del orden p\u00fablico. En contraste, la negativa sistem\u00e1tica a mejorar las condiciones de los trabajadores civiles alimenta la desigualdad y la tensi\u00f3n social.<br><br><strong>Fuentes:<\/strong><\/p>\n\n\n\n<ul class=\"wp-block-list\">\n<li><a href=\"https:\/\/www.eldestapeweb.com\/politica\/paritarias-2025\/tras-la-amenaza-de-movilizacion-milei-aumento-salarios-a-gendarmeria-y-rompio-el-techo-de-paritarias-20252782353\">https:\/\/www.eldestapeweb.com\/politica\/paritarias-2025\/tras-la-amenaza-de-movilizacion-milei-aumento-salarios-a-gendarmeria-y-rompio-el-techo-de-paritarias-20252782353<\/a><\/li>\n\n\n\n<li><a href=\"https:\/\/www.ambito.com\/economia\/salarios-el-gobierno-javier-milei-confirmo-aumentos-sueldos-policias-gendarmes-y-otras-fuerzas-seguridad-n6111135\">https:\/\/www.ambito.com\/economia\/salarios-el-gobierno-javier-milei-confirmo-aumentos-sueldos-policias-gendarmes-y-otras-fuerzas-seguridad-n6111135<\/a><\/li>\n\n\n\n<li><a href=\"https:\/\/www.politicargentina.com\/notas\/202502\/63916-luego-de-que-amenazaran-con-una-movilizacion-el-gobierno-aumento-los-salarios-de-gendarmeria.html#:~:text=Un%20gendarme%20pasar%C3%A1%20a%20tener,pesos%20a%20partir%20de%20marzo.\">https:\/\/www.politicargentina.com\/notas\/202502\/63916-luego-de-que-amenazaran-con-una-movilizacion-el-gobierno-aumento-los-salarios-de-gendarmeria.html<\/a><\/li>\n<\/ul>\n\n\n","protected":false},"excerpt":{"rendered":"<p>En un giro que expone las contradicciones del discurso oficial, el gobierno de Javier Milei otorg\u00f3 un aumento salarial significativo a la Gendarmer\u00eda Nacional, luego de amenazas de medidas de fuerza por parte de los efectivos. Esta decisi\u00f3n no solo rompe el techo de paritarias que la propia Secretar\u00eda de Trabajo impuso a los gremios&#8230;<\/p>\n","protected":false},"author":9,"featured_media":856,"comment_status":"open","ping_status":"open","sticky":false,"template":"","format":"standard","meta":{"_monsterinsights_skip_tracking":false,"_monsterinsights_sitenote_active":false,"_monsterinsights_sitenote_note":"","_monsterinsights_sitenote_category":0,"footnotes":"","jetpack_publicize_message":"","jetpack_publicize_feature_enabled":true,"jetpack_social_post_already_shared":true,"jetpack_social_options":{"image_generator_settings":{"template":"highway","default_image_id":0,"font":"","enabled":false},"version":2}},"categories":[3,4],"tags":[15,261,45,304],"class_list":["post-850","post","type-post","status-publish","format-standard","has-post-thumbnail","hentry","category-economia","category-sociedad","tag-economia","tag-gendarmeria","tag-milei","tag-paritarias"],"jetpack_publicize_connections":[],"_links":{"self":[{"href":"https:\/\/www.enorsai.com\/noticias\/wp-json\/wp\/v2\/posts\/850","targetHints":{"allow":["GET"]}}],"collection":[{"href":"https:\/\/www.enorsai.com\/noticias\/wp-json\/wp\/v2\/posts"}],"about":[{"href":"https:\/\/www.enorsai.com\/noticias\/wp-json\/wp\/v2\/types\/post"}],"author":[{"embeddable":true,"href":"https:\/\/www.enorsai.com\/noticias\/wp-json\/wp\/v2\/users\/9"}],"replies":[{"embeddable":true,"href":"https:\/\/www.enorsai.com\/noticias\/wp-json\/wp\/v2\/comments?post=850"}],"version-history":[{"count":2,"href":"https:\/\/www.enorsai.com\/noticias\/wp-json\/wp\/v2\/posts\/850\/revisions"}],"predecessor-version":[{"id":857,"href":"https:\/\/www.enorsai.com\/noticias\/wp-json\/wp\/v2\/posts\/850\/revisions\/857"}],"wp:featuredmedia":[{"embeddable":true,"href":"https:\/\/www.enorsai.com\/noticias\/wp-json\/wp\/v2\/media\/856"}],"wp:attachment":[{"href":"https:\/\/www.enorsai.com\/noticias\/wp-json\/wp\/v2\/media?parent=850"}],"wp:term":[{"taxonomy":"category","embeddable":true,"href":"https:\/\/www.enorsai.com\/noticias\/wp-json\/wp\/v2\/categories?post=850"},{"taxonomy":"post_tag","embeddable":true,"href":"https:\/\/www.enorsai.com\/noticias\/wp-json\/wp\/v2\/tags?post=850"}],"curies":[{"name":"wp","href":"https:\/\/api.w.org\/{rel}","templated":true}]}}