{"id":8494,"date":"2025-09-10T09:17:48","date_gmt":"2025-09-10T12:17:48","guid":{"rendered":"https:\/\/www.enorsai.com\/noticias\/?p=8494"},"modified":"2025-09-10T11:29:45","modified_gmt":"2025-09-10T14:29:45","slug":"zaiat-tras-la-derrota-electoral-el-dolar-estalla-el-gobierno-no-tiene-autocritica-y-la-crisis-la-paga-la-sociedad","status":"publish","type":"post","link":"https:\/\/www.enorsai.com\/noticias\/economia\/zaiat-tras-la-derrota-electoral-el-dolar-estalla-el-gobierno-no-tiene-autocritica-y-la-crisis-la-paga-la-sociedad\/","title":{"rendered":"Zaiat tras la derrota electoral: \u201cEl d\u00f3lar estalla, el gobierno no tiene autocr\u00edtica y la crisis la paga la sociedad\u201d"},"content":{"rendered":"\n<p>Por Redacci\u00f3n Enorsai<\/p>\n\n\n\n<p>Tras la derrota electoral oficialista, Alfredo Zaiat analiza en El Destape TV el impacto en el d\u00f3lar, la fuga de capitales y la ausencia de autocr\u00edtica oficial. Advierte: \u201cLa historia se repite: sin poder pol\u00edtico, sin repensar el rumbo, la crisis la pagan los jubilados, asalariados y peque\u00f1os comerciantes\u201d. El experimento libertario muestra sus l\u00edmites y la urgencia de un acuerdo democr\u00e1tico y distributivo.<\/p>\n\n\n\n<h2 class=\"wp-block-heading\">Estallido del d\u00f3lar y p\u00e1nico financiero<\/h2>\n\n\n\n<p>El d\u00f3lar oficial mayorista cruz\u00f3 los $1.460 y el BCRA permiti\u00f3 una devaluaci\u00f3n acelerada tras la ca\u00edda en las urnas. \u201cLevantaron el \u2018cielo raso\u2019, lo dejaron correr para ver d\u00f3nde se puede intervenir con reservas\u201d, analiza Zaiat. El p\u00e1nico y la huida de capitales replican el ciclo visto en crisis anteriores, donde la Argentina reitera su loop de inestabilidad tras los shocks pol\u00edticos.<\/p>\n\n\n\n<ul class=\"wp-block-list\">\n<li>El gobierno intent\u00f3 echar la culpa a la pol\u00edtica y las internas, pero la vulnerabilidad macroecon\u00f3mica ya era advertida por toda la comunidad de economistas.<\/li>\n\n\n\n<li>El ajuste sin poder pol\u00edtico se demostr\u00f3 inviable: la confianza del mercado se perdi\u00f3 y ning\u00fan \u201cfusible\u201d de gabinete puede revertir el desarme financiero.<\/li>\n<\/ul>\n\n\n\n<h2 class=\"wp-block-heading\">Interna y desconexi\u00f3n: el experimento libertario en crisis<\/h2>\n\n\n\n<p>Zaiat remarca que el oficialismo no s\u00f3lo niega errores sino que profundiza sus divisiones internas, mientras la sociedad enfrenta aumentos de precios en aceites, harinas y alimentos esenciales. \u201cEl sector social m\u00e1s golpeado es el de ingresos fijos, asalariados, jubilados y peque\u00f1os comerciantes. El d\u00f3lar flota, los precios suben y ning\u00fan relato lo puede justificar.\u201d<\/p>\n\n\n\n<ul class=\"wp-block-list\">\n<li>Los rumores de cambios de gabinete y la fragilidad pol\u00edtica solo agravan el p\u00e1nico.<\/li>\n\n\n\n<li>Sin autocr\u00edtica ni acuerdos distributivos, el gobierno pierde credibilidad ante la sociedad y el mundo financiero, acelerando la crisis.<\/li>\n<\/ul>\n\n\n\n<p><strong>Infograf\u00eda | Claves del an\u00e1lisis de Zaiat<\/strong><\/p>\n\n\n\n<figure class=\"wp-block-table\"><table class=\"has-fixed-layout\"><tbody><tr><th>Eje<\/th><th>Situaci\u00f3n<\/th><\/tr><tr><td>Poder pol\u00edtico<\/td><td>En crisis tras la derrota, sin capacidad de estabilizar el d\u00f3lar<\/td><\/tr><tr><td>D\u00f3lar<\/td><td>Devaluaci\u00f3n acelerada y fuga de capitales<\/td><\/tr><tr><td>Pol\u00edtica econ\u00f3mica<\/td><td>Ausencia total de autocr\u00edtica y ajuste sin plan B<\/td><\/tr><tr><td>Sector social<\/td><td>El ajuste golpea a asalariados, jubilados y comerciantes<\/td><\/tr><\/tbody><\/table><\/figure>\n\n\n\n<h2 class=\"wp-block-heading\">Conclusi\u00f3n: un llamado a repensar modelos y pactar salidas<\/h2>\n\n\n\n<p>Zaiat concluye: \u201cLa crisis argentina no es solo econ\u00f3mica, es pol\u00edtica y social. Hace falta un nuevo pacto democr\u00e1tico y distributivo que impida repetir la destrucci\u00f3n de cada ciclo. Sin consensos y sin poder, la historia vuelve al mismo loop de siempre, y los costos los paga la gente\u201d.<\/p>\n\n\n\n<p>M\u00e1s editoriales y videos en <a href=\"https:\/\/www.eldestapeweb.com\/\" target=\"_blank\" rel=\"noreferrer noopener\">El Destape<\/a>.<\/p>\n\n\n\n<p><strong>Reflexi\u00f3n final:<\/strong> Sin autocr\u00edtica ni cambio de estrategia, el experimento libertario termina en una repetici\u00f3n de crisis que solo castiga a los sectores populares y destruye poder pol\u00edtico y econ\u00f3mico.<\/p>\n\n\n\n<p>Escribinos tus opiniones a <a href=\"mailto:enorsaionline@gmail.com\">enorsaionline@gmail.com<\/a><\/p>\n\n\n\n<h2 class=\"wp-block-heading\">Preguntas frecuentes sobre el an\u00e1lisis de Zaiat<\/h2>\n\n\n\n<h3 class=\"wp-block-heading\">\u00bfPor qu\u00e9 subi\u00f3 el d\u00f3lar tras la derrota oficialista?<\/h3>\n\n\n\n<p>Por la falta de poder pol\u00edtico y la ausencia de control real: el BCRA dej\u00f3 correr el tipo de cambio, replicando crisis ya conocidas en la econom\u00eda argentina.<\/p>\n\n\n\n<h3 class=\"wp-block-heading\">\u00bfQui\u00e9n paga el costo social del ajuste?<\/h3>\n\n\n\n<p>El impacto recae en los sectores de ingresos fijos: asalariados, jubilados y comercios son los primeros afectados por la suba de precios y la devaluaci\u00f3n.<\/p>\n\n\n\n<h3 class=\"wp-block-heading\">\u00bfQu\u00e9 propone Zaiat para salir del \u201cbucle\u201d de crisis?<\/h3>\n\n\n\n<p>Un nuevo acuerdo democr\u00e1tico y distributivo, con autocr\u00edtica, consensos b\u00e1sicos y pol\u00edticas que prioricen la producci\u00f3n y el bienestar de la sociedad.<\/p>\n\n\n\n<h3 class=\"wp-block-heading\">\u00bfD\u00f3nde seguir m\u00e1s an\u00e1lisis y videos de Zaiat?<\/h3>\n\n\n\n<p>En El Destape TV, Radio y Web, donde Zaiat y equipo publican sus an\u00e1lisis diarios de la econom\u00eda argentina.<\/p>\n","protected":false},"excerpt":{"rendered":"<p>Alfredo Zaiat analiza el estallido del d\u00f3lar y la crisis pos electoral: denuncia la falta de autocr\u00edtica del gobierno y advierte que sin poder pol\u00edtico no hay salida. El ajuste lo pagan los sectores vulnerables.<\/p>\n","protected":false},"author":5,"featured_media":8495,"comment_status":"open","ping_status":"open","sticky":false,"template":"","format":"standard","meta":{"_monsterinsights_skip_tracking":false,"_monsterinsights_sitenote_active":false,"_monsterinsights_sitenote_note":"","_monsterinsights_sitenote_category":0,"footnotes":"","jetpack_publicize_message":"Zaiat: \u201cEl d\u00f3lar estalla y la crisis la paga la gente: sin autocr\u00edtica, el gobierno repite el loop argentino\u201d","jetpack_publicize_feature_enabled":true,"jetpack_social_post_already_shared":false,"jetpack_social_options":{"image_generator_settings":{"template":"highway","default_image_id":0,"font":"","enabled":false},"version":2}},"categories":[3],"tags":[58,2565,3455,179,282,2570,2053,3470,45],"class_list":["post-8494","post","type-post","status-publish","format-standard","has-post-thumbnail","hentry","category-economia","tag-ajuste","tag-alfredo-zaiat","tag-autocritica","tag-crisis-economica","tag-dolar","tag-el-destape","tag-fuga-de-capitales","tag-gabinete","tag-milei"],"jetpack_publicize_connections":[],"_links":{"self":[{"href":"https:\/\/www.enorsai.com\/noticias\/wp-json\/wp\/v2\/posts\/8494","targetHints":{"allow":["GET"]}}],"collection":[{"href":"https:\/\/www.enorsai.com\/noticias\/wp-json\/wp\/v2\/posts"}],"about":[{"href":"https:\/\/www.enorsai.com\/noticias\/wp-json\/wp\/v2\/types\/post"}],"author":[{"embeddable":true,"href":"https:\/\/www.enorsai.com\/noticias\/wp-json\/wp\/v2\/users\/5"}],"replies":[{"embeddable":true,"href":"https:\/\/www.enorsai.com\/noticias\/wp-json\/wp\/v2\/comments?post=8494"}],"version-history":[{"count":1,"href":"https:\/\/www.enorsai.com\/noticias\/wp-json\/wp\/v2\/posts\/8494\/revisions"}],"predecessor-version":[{"id":8496,"href":"https:\/\/www.enorsai.com\/noticias\/wp-json\/wp\/v2\/posts\/8494\/revisions\/8496"}],"wp:featuredmedia":[{"embeddable":true,"href":"https:\/\/www.enorsai.com\/noticias\/wp-json\/wp\/v2\/media\/8495"}],"wp:attachment":[{"href":"https:\/\/www.enorsai.com\/noticias\/wp-json\/wp\/v2\/media?parent=8494"}],"wp:term":[{"taxonomy":"category","embeddable":true,"href":"https:\/\/www.enorsai.com\/noticias\/wp-json\/wp\/v2\/categories?post=8494"},{"taxonomy":"post_tag","embeddable":true,"href":"https:\/\/www.enorsai.com\/noticias\/wp-json\/wp\/v2\/tags?post=8494"}],"curies":[{"name":"wp","href":"https:\/\/api.w.org\/{rel}","templated":true}]}}