{"id":8490,"date":"2025-09-10T08:58:05","date_gmt":"2025-09-10T11:58:05","guid":{"rendered":"https:\/\/www.enorsai.com\/noticias\/?p=8490"},"modified":"2025-09-10T08:58:10","modified_gmt":"2025-09-10T11:58:10","slug":"raul-kollmann-un-gobierno-paralizado-y-sin-autocritica-atrapado-en-el-escandalo-de-coimas-y-la-interna","status":"publish","type":"post","link":"https:\/\/www.enorsai.com\/noticias\/politica\/raul-kollmann-un-gobierno-paralizado-y-sin-autocritica-atrapado-en-el-escandalo-de-coimas-y-la-interna\/","title":{"rendered":"Ra\u00fal Kollmann: Un gobierno paralizado y sin autocr\u00edtica, atrapado en el esc\u00e1ndalo de coimas y la interna"},"content":{"rendered":"\n<p>Por Redacci\u00f3n Enorsai<\/p>\n\n\n\n<p>Ra\u00fal Kollmann, en C5N, describe un gobierno de Milei \u201cen shock pol\u00edtico\u201d, sin capacidad de autocr\u00edtica y paralizado ante el esc\u00e1ndalo de coimas en Discapacidad, persecuciones medi\u00e1ticas y peleas internas. El Poder Ejecutivo, lejos de dar explicaciones, recurre a denuncias y censura, mientras su base social y pol\u00edtica lo cuestiona desde adentro y afuera.<a href=\"https:\/\/www.pagina12.com.ar\/854266-censura-y-allanamientos-la-arremetida-desesperada-de-los-mil\" target=\"_blank\" rel=\"noreferrer noopener\">[P\u00e1gina12]<\/a><\/p>\n\n\n\n<h2 class=\"wp-block-heading\">De la par\u00e1lisis al autoaislamiento: coimas, denuncias y silencio<\/h2>\n\n\n\n<p>Kollmann se\u00f1ala que hace semanas el gobierno no logra salir de la conmoci\u00f3n institucional generada por la filtraci\u00f3n de audios sobre coimas en la Agencia de Discapacidad. En lugar de enfrentar el esc\u00e1ndalo, apela a medidas desesperadas: pedidos judiciales de censura y persecuci\u00f3n a periodistas, sin dar una sola explicaci\u00f3n p\u00fablica ni desmentir las denuncias centrales.<a href=\"https:\/\/www.pagina12.com.ar\/854266-censura-y-allanamientos-la-arremetida-desesperada-de-los-mil\" target=\"_blank\" rel=\"noreferrer noopener\">[P\u00e1gina12]<\/a><\/p>\n\n\n\n<ul class=\"wp-block-list\">\n<li>El oficialismo busca silenciar la investigaci\u00f3n sobre \u201cel 3% de Karina\u201d mediante cautelares y allanamientos a medios, sumando pol\u00e9mica judicial y desconfianza.<a href=\"https:\/\/www.pagina12.com.ar\/854266-censura-y-allanamientos-la-arremetida-desesperada-de-los-mil\" target=\"_blank\" rel=\"noreferrer noopener\">[P\u00e1gina12]<\/a><\/li>\n\n\n\n<li>La falta de voceros y la ausencia de respuestas en los temas clave contribuyen a la percepci\u00f3n de par\u00e1lisis y de que nadie asume el costo pol\u00edtico.<\/li>\n\n\n\n<li>El control del n\u00facleo Milei-Karina es intocable en la interna, a pesar del reclamo incluso de bases libertarias y aliados hist\u00f3ricos.<\/li>\n<\/ul>\n\n\n\n<h2 class=\"wp-block-heading\">Peleas, marginaci\u00f3n y desilusi\u00f3n entre los aliados libertarios<\/h2>\n\n\n\n<p>Kollmann subraya que tuiteros, militantes iniciales y aliados fundamentales de los inicios de La Libertad Avanza ahora expresan bronca y exigen explicaciones. No s\u00f3lo por quedar fuera de las listas, sino por la marginaci\u00f3n en la toma de decisiones y la falta de cumplimiento de promesas electorales.<a href=\"https:\/\/www.pagina12.com.ar\/854266-censura-y-allanamientos-la-arremetida-desesperada-de-los-mil\" target=\"_blank\" rel=\"noreferrer noopener\">[P\u00e1gina12]<\/a><\/p>\n\n\n\n<ul class=\"wp-block-list\">\n<li>El shock posterior a la cat\u00e1strofe electoral potencia la crisis: la conciencia de derrota, la frustraci\u00f3n y la falta de autocr\u00edtica \u201cparalizan\u201d al gobierno.<\/li>\n\n\n\n<li>Reclamos de transparencia y participaci\u00f3n son respondidos con burocracia, censura y actitudes defensivas.<\/li>\n\n\n\n<li>El c\u00edrculo cerrado resiste al cambio, mientras aumenta la presi\u00f3n medi\u00e1tica y social por explicaciones administrativas e institucionales.<\/li>\n<\/ul>\n\n\n\n<p><strong>Infograf\u00eda | Factores de la par\u00e1lisis y crisis oficialista<\/strong><\/p>\n\n\n\n<figure class=\"wp-block-table\"><table class=\"has-fixed-layout\"><tbody><tr><th>Factor<\/th><th>Detalle<\/th><\/tr><tr><td>Esc\u00e1ndalo de coimas<\/td><td>Audios, 3% de coimas, falta de aclaraciones, silencios y denuncias judiciales sin pruebas<\/td><\/tr><tr><td>Censura y persecuci\u00f3n<\/td><td>Pedidos de cautelares, allanamientos y restricciones a periodistas y medios<\/td><\/tr><tr><td>Interna libertaria<\/td><td>Bronca en aliados marginados, peleas en redes, c\u00edrculo de Karina Milei intocable<\/td><\/tr><tr><td>Sin autocr\u00edtica<\/td><td>Ausencia total de explicaciones p\u00fablicas, par\u00e1lisis y falta de reacci\u00f3n pol\u00edtica<\/td><\/tr><\/tbody><\/table><\/figure>\n\n\n\n<h2 class=\"wp-block-heading\">Conclusi\u00f3n: shock, aislamiento y deriva sin respuesta<\/h2>\n\n\n\n<p>Para Kollmann, el silencio y la falta de autocr\u00edtica real reflejan un gobierno recluido en su propia crisis, m\u00e1s preocupado por tapar el esc\u00e1ndalo y contener la interna que por responder a la sociedad o corregir errores. La desconexi\u00f3n entre n\u00facleo de poder y base social expone la fragilidad institucional y el peligro de la par\u00e1lisis pol\u00edtica.<a href=\"https:\/\/www.pagina12.com.ar\/854266-censura-y-allanamientos-la-arremetida-desesperada-de-los-mil\" target=\"_blank\" rel=\"noreferrer noopener\">[P\u00e1gina12]<\/a><\/p>\n\n\n\n<p>M\u00e1s an\u00e1lisis y opini\u00f3n en <a href=\"https:\/\/www.pagina12.com.ar\/854266-censura-y-allanamientos-la-arremetida-desesperada-de-los-mil\" target=\"_blank\" rel=\"noreferrer noopener\">P\u00e1gina12<\/a>.<\/p>\n\n\n\n<p><strong>Reflexi\u00f3n final:<\/strong> Kollmann concluye: sin autocr\u00edtica, sin explicaciones reales y sin apertura a demandas sociales, el gobierno s\u00f3lo profundiza su crisis de credibilidad, con riesgo creciente de par\u00e1lisis y aislamiento.<\/p>\n\n\n\n<p>Dej\u00e1 tu opini\u00f3n al <a href=\"mailto:enorsaionline@gmail.com\">enorsaionline@gmail.com<\/a><\/p>\n\n\n\n<h2 class=\"wp-block-heading\">Preguntas frecuentes sobre el an\u00e1lisis de Kollmann<\/h2>\n\n\n\n<h3 class=\"wp-block-heading\">\u00bfPor qu\u00e9 sostiene Kollmann que el gobierno est\u00e1 paralizado?<\/h3>\n\n\n\n<p>Por la falta de respuesta ante los esc\u00e1ndalos, la inacci\u00f3n y el silencio oficial, el aislamiento del n\u00facleo de poder y la resistencia a la autocr\u00edtica.<\/p>\n\n\n\n<h3 class=\"wp-block-heading\">\u00bfQu\u00e9 rol cumplen el esc\u00e1ndalo de coimas y la censura?<\/h3>\n\n\n\n<p>Son el eje de una crisis que el gobierno busca tapar con denuncias judiciales sin pruebas y represi\u00f3n medi\u00e1tica, en vez de transparentar y corregir.<\/p>\n\n\n\n<h3 class=\"wp-block-heading\">\u00bfC\u00f3mo influye la interna libertaria en la crisis?<\/h3>\n\n\n\n<p>Las peleas y la marginaci\u00f3n de aliados originales alimentan la bronca, la desmovilizaci\u00f3n y el desgaste de legitimidad de Milei.<\/p>\n\n\n\n<h3 class=\"wp-block-heading\">\u00bfD\u00f3nde leer m\u00e1s an\u00e1lisis sobre esta crisis pol\u00edtica?<\/h3>\n\n\n\n<p>P\u00e1gina12, Enorsai y medios digitales publican an\u00e1lisis cr\u00edticos y seguimiento de la crisis institucional argentina.<\/p>\n","protected":false},"excerpt":{"rendered":"<p>Ra\u00fal Kollmann afirma que el gobierno de Milei est\u00e1 paralizado, no da explicaciones sobre esc\u00e1ndalos ni autocr\u00edtica, y apuesta a silenciar denuncias en vez de reconstruir credibilidad.<\/p>\n","protected":false},"author":13,"featured_media":8491,"comment_status":"open","ping_status":"open","sticky":false,"template":"","format":"standard","meta":{"_monsterinsights_skip_tracking":false,"_monsterinsights_sitenote_active":false,"_monsterinsights_sitenote_note":"","_monsterinsights_sitenote_category":0,"footnotes":"","jetpack_publicize_message":"Ra\u00fal Kollmann: \u201cUn gobierno paralizado, sin autocr\u00edtica y acorralado por el esc\u00e1ndalo de las coimas\u201d","jetpack_publicize_feature_enabled":true,"jetpack_social_post_already_shared":false,"jetpack_social_options":{"image_generator_settings":{"template":"highway","default_image_id":0,"font":"","enabled":false},"version":2}},"categories":[2],"tags":[3455,504,43,3422,27,1993,174,3469,446,45],"class_list":["post-8490","post","type-post","status-publish","format-standard","has-post-thumbnail","hentry","category-politica","tag-autocritica","tag-censura","tag-crisis","tag-escandalo-coimas","tag-gobierno","tag-interna","tag-karina-milei","tag-kollmann","tag-la-libertad-avanza","tag-milei"],"jetpack_publicize_connections":[],"_links":{"self":[{"href":"https:\/\/www.enorsai.com\/noticias\/wp-json\/wp\/v2\/posts\/8490","targetHints":{"allow":["GET"]}}],"collection":[{"href":"https:\/\/www.enorsai.com\/noticias\/wp-json\/wp\/v2\/posts"}],"about":[{"href":"https:\/\/www.enorsai.com\/noticias\/wp-json\/wp\/v2\/types\/post"}],"author":[{"embeddable":true,"href":"https:\/\/www.enorsai.com\/noticias\/wp-json\/wp\/v2\/users\/13"}],"replies":[{"embeddable":true,"href":"https:\/\/www.enorsai.com\/noticias\/wp-json\/wp\/v2\/comments?post=8490"}],"version-history":[{"count":1,"href":"https:\/\/www.enorsai.com\/noticias\/wp-json\/wp\/v2\/posts\/8490\/revisions"}],"predecessor-version":[{"id":8492,"href":"https:\/\/www.enorsai.com\/noticias\/wp-json\/wp\/v2\/posts\/8490\/revisions\/8492"}],"wp:featuredmedia":[{"embeddable":true,"href":"https:\/\/www.enorsai.com\/noticias\/wp-json\/wp\/v2\/media\/8491"}],"wp:attachment":[{"href":"https:\/\/www.enorsai.com\/noticias\/wp-json\/wp\/v2\/media?parent=8490"}],"wp:term":[{"taxonomy":"category","embeddable":true,"href":"https:\/\/www.enorsai.com\/noticias\/wp-json\/wp\/v2\/categories?post=8490"},{"taxonomy":"post_tag","embeddable":true,"href":"https:\/\/www.enorsai.com\/noticias\/wp-json\/wp\/v2\/tags?post=8490"}],"curies":[{"name":"wp","href":"https:\/\/api.w.org\/{rel}","templated":true}]}}