{"id":8474,"date":"2025-09-10T06:48:26","date_gmt":"2025-09-10T09:48:26","guid":{"rendered":"https:\/\/www.enorsai.com\/noticias\/mundo\/francia-vive-masivas-protestas-contra-el-gobierno-bajo-el-lema-bloqueemos-todo\/"},"modified":"2025-09-10T06:55:20","modified_gmt":"2025-09-10T09:55:20","slug":"francia-vive-masivas-protestas-contra-el-gobierno-bajo-el-lema-bloqueemos-todo","status":"publish","type":"post","link":"https:\/\/www.enorsai.com\/noticias\/mundo\/francia-vive-masivas-protestas-contra-el-gobierno-bajo-el-lema-bloqueemos-todo\/","title":{"rendered":"Francia vive masivas protestas contra el gobierno bajo el lema &#8216;Bloqueemos todo&#8217;"},"content":{"rendered":"\n<p>Francia atraviesa una jornada de m\u00e1xima tensi\u00f3n pol\u00edtica y social con miles de personas movilizadas en todo el pa\u00eds bajo el lema \u201cBloqueemos todo\u201d, en protesta contra el gobierno de Emmanuel Macron y las pol\u00edticas de ajuste que han desencadenado un creciente descontento popular. La ca\u00edda del gabinete encabezado por Fran\u00e7ois Bayrou, que present\u00f3 su renuncia el martes, y el nombramiento expr\u00e9s de S\u00e9bastien Lecornu como nuevo primer ministro, no lograron desactivar la furia en las calles. Por el contrario, las movilizaciones de este mi\u00e9rcoles marcan el inicio de lo que podr\u00eda ser un nuevo ciclo de disturbios y par\u00e1lisis social en Francia.<br><br>El despliegue de seguridad es in\u00e9dito: 80.000 agentes de polic\u00eda fueron enviados a distintos puntos del pa\u00eds ante la posibilidad de que m\u00e1s de 100.000 manifestantes participen en la jornada. Desde las primeras horas se registraron incidentes graves, como el incendio de un autob\u00fas en Rennes, bloqueos de rutas en Clermont-Ferrand, enfrentamientos en Par\u00eds y movilizaciones frente a una planta de Amazon en Lille. Tambi\u00e9n en Marsella cientos de manifestantes ocuparon la estaci\u00f3n ferroviaria principal, mientras en Saboya un centenar de ciclistas colaps\u00f3 la circulaci\u00f3n en rotondas al grito de \u201cMacron, d\u00e9gage\u201d.<\/p>\n\n\n\n<figure class=\"wp-block-embed is-type-rich is-provider-twitter wp-block-embed-twitter\"><div class=\"wp-block-embed__wrapper\">\n<blockquote class=\"twitter-tweet\" data-width=\"550\" data-dnt=\"true\"><p lang=\"es\" dir=\"ltr\">\u2757\ufe0f\ud83c\uddeb\ud83c\uddf7Protestas en Francia tras la ca\u00edda del Gobierno<br><br>Los manifestantes bloquean las calles de Marsella con contenedores de basura y gritan &quot;necesitamos dinero&quot;.<a href=\"https:\/\/t.co\/I2C0pDUNw0\">https:\/\/t.co\/I2C0pDUNw0<\/a> <a href=\"https:\/\/t.co\/4BgR7RPn4R\">pic.twitter.com\/4BgR7RPn4R<\/a><\/p>&mdash; RT en Espa\u00f1ol (@ActualidadRT) <a href=\"https:\/\/twitter.com\/ActualidadRT\/status\/1965705967028572208?ref_src=twsrc%5Etfw\">September 10, 2025<\/a><\/blockquote><script async src=\"https:\/\/platform.twitter.com\/widgets.js\" charset=\"utf-8\"><\/script>\n<\/div><\/figure>\n\n\n\n<p><br>La represi\u00f3n fue inmediata y violenta. Videos difundidos en redes sociales muestran a las fuerzas de seguridad golpeando a manifestantes pac\u00edficos en Par\u00eds, donde estudiantes secundarios bloqueaban el liceo H\u00e9l\u00e8ne-Boucher. El Ministerio del Interior en funciones, a cargo de Bruno Retailleau, reconoci\u00f3 m\u00e1s de 200 detenciones en lo que va de la ma\u00f1ana, con 132 arrestos en la capital y sus alrededores. Retailleau acus\u00f3 a la izquierda radical y a Francia Insumisa de haber \u201csecuestrado\u201d la protesta, se\u00f1alando la presencia de grupos organizados y encapuchados, a los que describi\u00f3 como \u201cel ADN de los movimientos de extrema izquierda\u201d.<br><br>Las im\u00e1genes que circulan reflejan un verdadero escenario de caos: barricadas en llamas, choques entre fuerzas de seguridad y manifestantes, y la extensi\u00f3n de los bloqueos a distintas ciudades del pa\u00eds. Lo que comenz\u00f3 como una protesta contra las pol\u00edticas de recorte y el intento de recomposici\u00f3n del gobierno se transform\u00f3 en un cuestionamiento directo al presidente Macron, quien enfrenta un nivel de rechazo social sin precedentes. Seg\u00fan distintas encuestas, siete de cada diez franceses exigen su renuncia inmediata.<br><br>El lema \u201cBloqueemos todo\u201d no es solo una consigna: es la demostraci\u00f3n de una estrategia coordinada para paralizar al pa\u00eds, interrumpir transportes, colapsar servicios y golpear a los grandes s\u00edmbolos del poder econ\u00f3mico. Amazon, el sistema ferroviario y hasta la circulaci\u00f3n urbana se convirtieron en blancos de una movilizaci\u00f3n que busca forzar un cambio pol\u00edtico profundo.<br><br>En este contexto, la crisis francesa trasciende la coyuntura. No se trata solamente de un recambio de primer ministro ni de un ajuste m\u00e1s, sino de la expresi\u00f3n de un rechazo popular masivo que amenaza con abrir una nueva etapa de inestabilidad. Con un gobierno debilitado y una ciudadan\u00eda movilizada, Francia se asoma a un escenario que recuerda a las grandes insurrecciones sociales de su historia, donde la calle vuelve a marcar el pulso de la pol\u00edtica.<br><br>Fuente:<\/p>\n\n\n\n<p>.<\/p>\n","protected":false},"excerpt":{"rendered":"<p>Francia atraviesa una jornada de m\u00e1xima tensi\u00f3n pol\u00edtica y social con miles de personas movilizadas en todo el pa\u00eds bajo el lema \u201cBloqueemos todo\u201d, en protesta contra el gobierno de Emmanuel Macron y las pol\u00edticas de ajuste que han desencadenado un creciente descontento popular. La ca\u00edda del gabinete encabezado por Fran\u00e7ois Bayrou, que present\u00f3 su&#8230;<\/p>\n","protected":false},"author":9,"featured_media":8473,"comment_status":"open","ping_status":"open","sticky":false,"template":"","format":"standard","meta":{"_monsterinsights_skip_tracking":false,"_monsterinsights_sitenote_active":false,"_monsterinsights_sitenote_note":"","_monsterinsights_sitenote_category":0,"footnotes":"","jetpack_publicize_message":"","jetpack_publicize_feature_enabled":true,"jetpack_social_post_already_shared":true,"jetpack_social_options":{"image_generator_settings":{"template":"highway","default_image_id":0,"font":"","enabled":false},"version":2}},"categories":[7],"tags":[],"class_list":["post-8474","post","type-post","status-publish","format-standard","has-post-thumbnail","hentry","category-mundo"],"jetpack_publicize_connections":[],"_links":{"self":[{"href":"https:\/\/www.enorsai.com\/noticias\/wp-json\/wp\/v2\/posts\/8474","targetHints":{"allow":["GET"]}}],"collection":[{"href":"https:\/\/www.enorsai.com\/noticias\/wp-json\/wp\/v2\/posts"}],"about":[{"href":"https:\/\/www.enorsai.com\/noticias\/wp-json\/wp\/v2\/types\/post"}],"author":[{"embeddable":true,"href":"https:\/\/www.enorsai.com\/noticias\/wp-json\/wp\/v2\/users\/9"}],"replies":[{"embeddable":true,"href":"https:\/\/www.enorsai.com\/noticias\/wp-json\/wp\/v2\/comments?post=8474"}],"version-history":[{"count":1,"href":"https:\/\/www.enorsai.com\/noticias\/wp-json\/wp\/v2\/posts\/8474\/revisions"}],"predecessor-version":[{"id":8475,"href":"https:\/\/www.enorsai.com\/noticias\/wp-json\/wp\/v2\/posts\/8474\/revisions\/8475"}],"wp:featuredmedia":[{"embeddable":true,"href":"https:\/\/www.enorsai.com\/noticias\/wp-json\/wp\/v2\/media\/8473"}],"wp:attachment":[{"href":"https:\/\/www.enorsai.com\/noticias\/wp-json\/wp\/v2\/media?parent=8474"}],"wp:term":[{"taxonomy":"category","embeddable":true,"href":"https:\/\/www.enorsai.com\/noticias\/wp-json\/wp\/v2\/categories?post=8474"},{"taxonomy":"post_tag","embeddable":true,"href":"https:\/\/www.enorsai.com\/noticias\/wp-json\/wp\/v2\/tags?post=8474"}],"curies":[{"name":"wp","href":"https:\/\/api.w.org\/{rel}","templated":true}]}}