{"id":8466,"date":"2025-09-09T19:30:20","date_gmt":"2025-09-09T22:30:20","guid":{"rendered":"https:\/\/www.enorsai.com\/noticias\/?p=8466"},"modified":"2025-09-09T19:30:31","modified_gmt":"2025-09-09T22:30:31","slug":"el-autor-de-el-loco-sobre-la-interna-milei-karina-y-el-riesgo-de-un-gobierno-dominado-por-vinculos-emocionales","status":"publish","type":"post","link":"https:\/\/www.enorsai.com\/noticias\/politica\/el-autor-de-el-loco-sobre-la-interna-milei-karina-y-el-riesgo-de-un-gobierno-dominado-por-vinculos-emocionales\/","title":{"rendered":"El autor de \u00abEl Loco\u00bb sobre la interna Milei-Karina y el riesgo de un gobierno dominado por v\u00ednculos emocionales"},"content":{"rendered":"\n<p>Por Redacci\u00f3n Enorsai<\/p>\n\n\n\n<p>En Radio 10, Juan Luis Gonz\u00e1lez, autor de <em>El Loco<\/em> y <em>Las fuerzas del cielo<\/em>, analiz\u00f3 las consecuencias institucionales, pol\u00edticas y personales de la relaci\u00f3n entre Javier Milei y su hermana Karina, cada vez m\u00e1s en el centro del poder y los conflictos tras las \u00faltimas elecciones. Gonz\u00e1lez advierte: \u201cNada cambiar\u00e1 mientras Karina gobierne, aunque el pa\u00eds reclame otra direcci\u00f3n\u201d.<a href=\"https:\/\/jornaleconomico.sapo.pt\/noticias\/milei-acredita-que-esta-a-ser-guiado-por-forcas-divinas-revela-biografia\/\" target=\"_blank\" rel=\"noreferrer noopener\">[JornalEconomico]<\/a><a href=\"https:\/\/es.wikipedia.org\/wiki\/Juan_Luis_Gonz%C3%A1lez_(periodista)\" target=\"_blank\" rel=\"noreferrer noopener\">[Wikipedia]<\/a><\/p>\n\n\n\n<h2 class=\"wp-block-heading\">Milei-Karina: la dependencia m\u00e1s all\u00e1 de la pol\u00edtica<\/h2>\n\n\n\n<p>Gonz\u00e1lez detalla que la relaci\u00f3n entre los hermanos Milei trasciende lo pol\u00edtico, se apoya en traumas de infancia y se expresa ahora como una <strong>\u201cextorsi\u00f3n emocional\u201d<\/strong>: Karina sostiene el monopolio afectivo y de poder, marcando decisiones p\u00fablicas y privadas.<a href=\"https:\/\/pagina12.com.ar\/568560-como-es-el-loco-la-biografia-de-milei\" target=\"_blank\" rel=\"noreferrer noopener\">[P\u00e1gina12]<\/a> El presidente, asegura el bi\u00f3grafo, \u201cno es capaz de cortar con su hermana a\u00fan si eso perjudica su futuro o la estabilidad del gobierno\u201d.<\/p>\n\n\n\n<ul class=\"wp-block-list\">\n<li>La influencia de Karina se impone sobre funcionarios y sobre el propio Milei, que ha declarado abiertamente que ella \u201ces el jefe\u201d y la ve como garante m\u00edstica de su destino pol\u00edtico.<a href=\"https:\/\/jornaleconomico.sapo.pt\/noticias\/milei-acredita-que-esta-a-ser-guiado-por-forcas-divinas-revela-biografia\/\" target=\"_blank\" rel=\"noreferrer noopener\">[JornalEconomico]<\/a><\/li>\n\n\n\n<li>El c\u00edrculo de poder se sostiene en alianzas m\u00edsticas y pragm\u00e1ticas, con Karina y la red Menem agrupando a leales, sin debate institucional ni apertura pol\u00edtica.<a href=\"https:\/\/es.wikipedia.org\/wiki\/Juan_Luis_Gonz%C3%A1lez_(periodista)\" target=\"_blank\" rel=\"noreferrer noopener\">[Wikipedia]<\/a><\/li>\n\n\n\n<li>La ley de hielo y el retiro de la palabra se usan como castigo emocional en los v\u00ednculos de gobierno.<\/li>\n<\/ul>\n\n\n\n<h2 class=\"wp-block-heading\">Poder, spiritualismo y toma de decisiones en crisis<\/h2>\n\n\n\n<p>Seg\u00fan Gonz\u00e1lez, los hermanos Milei creen en fuerzas divinas y pr\u00e1cticas esot\u00e9ricas, atribuyen giros pol\u00edticos y nombramientos incluso al tarot y la mediumnidad.<a href=\"https:\/\/noticias.perfil.com\/noticias\/politica\/juan-luis-gonzalez-presenta-su-nuevo-libro-sobre-javier-milei-en-la-feria-del-libro.phtml\" target=\"_blank\" rel=\"noreferrer noopener\">[Perfil]<\/a> El autor revela c\u00f3mo esto condiciona nombramientos clave y genera fracturas con socios pol\u00edticos, como ocurri\u00f3 recientemente con Kikuchi y ahora con Pareja.<\/p>\n\n\n\n<ul class=\"wp-block-list\">\n<li>La hermana de Milei es vista en el entorno libertario como una figura \u201cdura y despiadada\u201d, capaz de anteponer intereses personales sobre necesidades institucionales.<a href=\"https:\/\/pagina12.com.ar\/568560-como-es-el-loco-la-biografia-de-milei\" target=\"_blank\" rel=\"noreferrer noopener\">[P\u00e1gina12]<\/a><\/li>\n\n\n\n<li>Las internas por poder se repiten: quien integra la mesa chica, pone leales en listas y ejerce presi\u00f3n para la permanencia o el desplazamiento, generando crisis en el Congreso.<a href=\"https:\/\/jornaleconomico.sapo.pt\/noticias\/milei-acredita-que-esta-a-ser-guiado-por-forcas-divinas-revela-biografia\/\" target=\"_blank\" rel=\"noreferrer noopener\">[JornalEconomico]<\/a><\/li>\n\n\n\n<li>El presidente se muestra convencido de ser guiado por una \u201cfuerza del cielo\u201d y legitima el peso de los v\u00ednculos familiares y espirituales en el gobierno.<\/li>\n<\/ul>\n\n\n\n<p><strong>Infograf\u00eda | Claves sobre Milei, Karina y el poder<\/strong><\/p>\n\n\n\n<figure class=\"wp-block-table\"><table class=\"has-fixed-layout\"><tbody><tr><th>Punto central<\/th><th>Detalle<\/th><\/tr><tr><td>Relaci\u00f3n de poder<\/td><td>Karina Milei controla decisiones pol\u00edticas y personales del presidente<\/td><\/tr><tr><td>Origen del v\u00ednculo<\/td><td>Traumas familiares y dependencia emocional, reforzados desde la infancia<\/td><\/tr><tr><td>Poder espiritual<\/td><td>La agenda y los nombramientos oficiales se deciden seg\u00fan creencias m\u00edsticas y tarot<\/td><\/tr><tr><td>Riesgo institucional<\/td><td>Falta de autonom\u00eda presidencial, riesgo de par\u00e1lisis y conflicto permanente<\/td><\/tr><\/tbody><\/table><\/figure>\n\n\n\n<h2 class=\"wp-block-heading\">Conclusi\u00f3n: un poder presidencial condicionado y una Argentina en zozobra<\/h2>\n\n\n\n<p>Juan Luis Gonz\u00e1lez advierte que, en este modelo, las decisiones de Estado pueden responder m\u00e1s a la din\u00e1mica emocional interna y creencias que a la racionalidad pol\u00edtica, agravando la crisis y la incertidumbre institucional.<\/p>\n\n\n\n<p>M\u00e1s detalles y an\u00e1lisis en <a href=\"https:\/\/jornaleconomico.sapo.pt\/noticias\/milei-acredita-que-esta-a-ser-guiado-por-forcas-divinas-revela-biografia\/\" target=\"_blank\" rel=\"noreferrer noopener\">JornalEconomico<\/a>, <a href=\"https:\/\/es.wikipedia.org\/wiki\/Juan_Luis_Gonz%C3%A1lez_(periodista)\" target=\"_blank\" rel=\"noreferrer noopener\">Wikipedia<\/a>, <a href=\"https:\/\/pagina12.com.ar\/568560-como-es-el-loco-la-biografia-de-milei\" target=\"_blank\" rel=\"noreferrer noopener\">P\u00e1gina12<\/a> y <a href=\"https:\/\/noticias.perfil.com\/noticias\/politica\/juan-luis-gonzalez-presenta-su-nuevo-libro-sobre-javier-milei-en-la-feria-del-libro.phtml\" target=\"_blank\" rel=\"noreferrer noopener\">Perfil<\/a>.<\/p>\n\n\n\n<p><strong>Reflexi\u00f3n final:<\/strong> La historia \u00edntima de Milei y Karina es hoy la clave del poder y el principal riesgo institucional argentino: \u00bfpuede gobernar un presidente bajo extorsi\u00f3n emocional y creencias m\u00edsticas?<\/p>\n\n\n\n<p>Dej\u00e1 tu opini\u00f3n y consulta a <a href=\"mailto:enorsaionline@gmail.com\">enorsaionline@gmail.com<\/a><\/p>\n\n\n\n<h2 class=\"wp-block-heading\">Preguntas frecuentes sobre Milei, Karina y el poder presidencial<\/h2>\n\n\n\n<h3 class=\"wp-block-heading\">\u00bfPor qu\u00e9 Karina Milei tiene tanto poder sobre el presidente?<\/h3>\n\n\n\n<p>Por una dependencia emocional surgida en la infancia y reforzada por su rol familiar y m\u00edstico, que se impone sobre lo institucional y pol\u00edtico.<\/p>\n\n\n\n<h3 class=\"wp-block-heading\">\u00bfQu\u00e9 papel tiene el espiritismo y el tarot?<\/h3>\n\n\n\n<p>Las creencias m\u00edsticas influyen en nombramientos, decisiones pol\u00edticas y frentes internos del gobierno Milei.<\/p>\n\n\n\n<h3 class=\"wp-block-heading\">\u00bfPuede cambiar la din\u00e1mica de poder en Casa Rosada?<\/h3>\n\n\n\n<p>La evidencia indica que la relaci\u00f3n Milei-Karina es estructural y no puede ser alterada por presiones pol\u00edticas externas.<\/p>\n\n\n\n<h3 class=\"wp-block-heading\">\u00bfD\u00f3nde leer m\u00e1s sobre esta interna y el futuro institucional?<\/h3>\n\n\n\n<p>Libros y notas de Juan Luis Gonz\u00e1lez, adem\u00e1s de los \u00faltimos art\u00edculos de P\u00e1gina12, Perfil y JornalEconomico aportan an\u00e1lisis y documentos in\u00e9ditos.<\/p>\n","protected":false},"excerpt":{"rendered":"<p>Por Redacci\u00f3n Enorsai En Radio 10, Juan Luis Gonz\u00e1lez, autor de El Loco y Las fuerzas del cielo, analiz\u00f3 las consecuencias institucionales, pol\u00edticas y personales de la relaci\u00f3n entre Javier Milei y su hermana Karina, cada vez m\u00e1s en el centro del poder y los conflictos tras las \u00faltimas elecciones. Gonz\u00e1lez advierte: \u201cNada cambiar\u00e1 mientras&#8230;<\/p>\n","protected":false},"author":14,"featured_media":8467,"comment_status":"open","ping_status":"open","sticky":false,"template":"","format":"standard","meta":{"_monsterinsights_skip_tracking":false,"_monsterinsights_sitenote_active":false,"_monsterinsights_sitenote_note":"","_monsterinsights_sitenote_category":0,"footnotes":"","jetpack_publicize_message":"El autor de \"El Loco\" sobre la interna Milei-Karina y el riesgo de un gobierno dominado por...\n","jetpack_publicize_feature_enabled":true,"jetpack_social_post_already_shared":false,"jetpack_social_options":{"image_generator_settings":{"template":"highway","default_image_id":0,"font":"","enabled":false},"version":2}},"categories":[17,2],"tags":[778,3462,3465,27,3461,174,3460,45,3463,3464],"class_list":["post-8466","post","type-post","status-publish","format-standard","has-post-thumbnail","hentry","category-opinion","category-politica","tag-crisis-institucional","tag-el-loco","tag-extorsion-emocional","tag-gobierno","tag-juan-luis-gonzalez","tag-karina-milei","tag-las-fuerzas-del-cielo","tag-milei","tag-misticismo","tag-tarot"],"jetpack_publicize_connections":[],"_links":{"self":[{"href":"https:\/\/www.enorsai.com\/noticias\/wp-json\/wp\/v2\/posts\/8466","targetHints":{"allow":["GET"]}}],"collection":[{"href":"https:\/\/www.enorsai.com\/noticias\/wp-json\/wp\/v2\/posts"}],"about":[{"href":"https:\/\/www.enorsai.com\/noticias\/wp-json\/wp\/v2\/types\/post"}],"author":[{"embeddable":true,"href":"https:\/\/www.enorsai.com\/noticias\/wp-json\/wp\/v2\/users\/14"}],"replies":[{"embeddable":true,"href":"https:\/\/www.enorsai.com\/noticias\/wp-json\/wp\/v2\/comments?post=8466"}],"version-history":[{"count":1,"href":"https:\/\/www.enorsai.com\/noticias\/wp-json\/wp\/v2\/posts\/8466\/revisions"}],"predecessor-version":[{"id":8468,"href":"https:\/\/www.enorsai.com\/noticias\/wp-json\/wp\/v2\/posts\/8466\/revisions\/8468"}],"wp:featuredmedia":[{"embeddable":true,"href":"https:\/\/www.enorsai.com\/noticias\/wp-json\/wp\/v2\/media\/8467"}],"wp:attachment":[{"href":"https:\/\/www.enorsai.com\/noticias\/wp-json\/wp\/v2\/media?parent=8466"}],"wp:term":[{"taxonomy":"category","embeddable":true,"href":"https:\/\/www.enorsai.com\/noticias\/wp-json\/wp\/v2\/categories?post=8466"},{"taxonomy":"post_tag","embeddable":true,"href":"https:\/\/www.enorsai.com\/noticias\/wp-json\/wp\/v2\/tags?post=8466"}],"curies":[{"name":"wp","href":"https:\/\/api.w.org\/{rel}","templated":true}]}}