{"id":8463,"date":"2025-09-09T19:16:01","date_gmt":"2025-09-09T22:16:01","guid":{"rendered":"https:\/\/www.enorsai.com\/noticias\/?p=8463"},"modified":"2025-09-09T19:16:16","modified_gmt":"2025-09-09T22:16:16","slug":"rebelion-en-redes-tuiteros-libertarios-y-milei-choque-insultos-y-traiciones-tras-la-derrota-electoral","status":"publish","type":"post","link":"https:\/\/www.enorsai.com\/noticias\/politica\/rebelion-en-redes-tuiteros-libertarios-y-milei-choque-insultos-y-traiciones-tras-la-derrota-electoral\/","title":{"rendered":"Rebeli\u00f3n en redes: tuiteros libertarios y Milei, choque, insultos y traiciones tras la derrota electoral"},"content":{"rendered":"\n<p>Por Redacci\u00f3n Enorsai<\/p>\n\n\n\n<p>El terremoto electoral que sacudi\u00f3 al gobierno libertario se multiplic\u00f3 en la calle virtual: los tuiteros y figuras centrales del mile\u00edsmo estallaron en peleas, acusaciones y traiciones. \u00c1lvaro Siccarelli y Lilia Lemoine, Karina Milei, candidatos y comunicadores se trenzan en insultos y pases de factura, mientras crecen los cuestionamientos y las revelaciones de internas.<a href=\"https:\/\/x.com\/alzicarelli\/status\/1827352229029855726\" target=\"_blank\" rel=\"noreferrer noopener\">[X]<\/a><\/p>\n\n\n\n<h2 class=\"wp-block-heading\">Del fandom a la guerra: \u201cKarina L\u00f3pez Rega\u201d, agresiones y crisis libertaria<\/h2>\n\n\n\n<p>Exponentes de redes como Siccarelli y Lemoine protagonizan esc\u00e1ndalos p\u00fablicos, acus\u00e1ndose de traidores, mercenarios y responsables del \u201cdesastre\u201d gubernamental. El apodo \u201cKarina L\u00f3pez Rega\u201d para la hermana presidencial, y denuncias de acoso y agresi\u00f3n f\u00edsica, reflejan una fractura interna que ahora se vive ante todos.<a href=\"https:\/\/x.com\/alzicarelli\/status\/1827352229029855726\" target=\"_blank\" rel=\"noreferrer noopener\">[X]<\/a><\/p>\n\n\n\n<ul class=\"wp-block-list\">\n<li>Lilia Lemoine, colapsada, sube videos y tuits de denuncias personales e intentos de victimizaci\u00f3n, mientras es responsabilizada por el colapso de la estrategia de comunicaci\u00f3n.<\/li>\n\n\n\n<li>\u201cNunca tuviste amigos ni dignidad\u201d: tuiteros influyentes pasan de ser militantes digitales a opositores y cr\u00edticos implacables.<\/li>\n\n\n\n<li>El gobierno, tras la paliza electoral, enfrenta no solo la hostilidad p\u00fablica sino el fuego cruzado de sus propios exaliados digitales.<\/li>\n<\/ul>\n\n\n\n<h2 class=\"wp-block-heading\">La interna libertaria se viraliza: insultos, memes y rupturas explosivas<\/h2>\n\n\n\n<p>Las redes sociales muestran traiciones, insultos y memes en tiempo real. El conflicto entre diputados, influencers y funcionarios evidencia el derrumbe de la alianza virtual que fue clave en el ascenso de Milei. Los videos de agresiones, acusaciones de espionaje, fake news y disturbios se reproducen minuto a minuto, profundizando la crisis.<a href=\"https:\/\/www.youtube.com\/watch?v=Bn3PZoBBaAs\" target=\"_blank\" rel=\"noreferrer noopener\">[YouTube]<\/a><\/p>\n\n\n\n<ul class=\"wp-block-list\">\n<li>Candidatos del mile\u00edsmo exhiben sus diferencias y caen en el rid\u00edculo: desde fotos con Karina Milei hasta mensajes violentos y acusaciones graves.<\/li>\n\n\n\n<li>El \u201ctodos contra todos\u201d atraviesa tuiteros, periodistas, funcionarios y militantes, con peleas in\u00e9ditas por bancas, visibilidad y el fracaso electoral.<\/li>\n\n\n\n<li>La pol\u00e9mica con Adorni y las cr\u00edticas abiertas a la soberbia presidencial profundizan la fractura p\u00fablica.<\/li>\n<\/ul>\n\n\n\n<p><strong>Infograf\u00eda | El derrumbe del mile\u00edsmo digital<\/strong><\/p>\n\n\n\n<figure class=\"wp-block-table\"><table class=\"has-fixed-layout\"><tbody><tr><th>Protagonista<\/th><th>Esc\u00e1ndalo<\/th><\/tr><tr><td>Lilia Lemoine<\/td><td>Videos, insultos y denuncias tras ser acusada de colapso mental y agresividad<\/td><\/tr><tr><td>\u00c1lvaro Siccarelli<\/td><td>Insultos y ruptura p\u00fablica con Lemoine y Karina Milei<\/td><\/tr><tr><td>Karina Milei<\/td><td>Apodo \u00abL\u00f3pez Rega\u00bb, blanco de traiciones y memes virales<\/td><\/tr><tr><td>Tuiteros libertarios<\/td><td>Pases de factura y mensajes violentos, ruptura tras la derrota<\/td><\/tr><tr><td>Periodistas allegados<\/td><td>Peleas en redes, cr\u00edticas a la estrategia presidencial<\/td><\/tr><\/tbody><\/table><\/figure>\n\n\n\n<h2 class=\"wp-block-heading\">Conclusi\u00f3n: los l\u00edmites de la \u201ccalle virtual\u201d y el costo pol\u00edtico de la derrota<\/h2>\n\n\n\n<p>El universo digital de Milei, que fue bandera en la construcci\u00f3n de su poder, hoy expone el derrumbe de alianzas, la emergencia de traiciones y la crisis del relato que promet\u00eda unidad y victoria. Para el gobierno, la rebeli\u00f3n en redes se suma a la debilidad institucional y al descr\u00e9dito ante la sociedad.<\/p>\n\n\n\n<p>M\u00e1s casos, tuits y videos en <a href=\"https:\/\/x.com\/alzicarelli\/status\/1827352229029855726\" target=\"_blank\" rel=\"noreferrer noopener\">X<\/a> y canales de C5N.<\/p>\n\n\n\n<p><strong>Reflexi\u00f3n final:<\/strong> La rebeli\u00f3n tuitera revela el lado m\u00e1s salvaje de la crisis oficialista: insultos, traiciones y denuncias p\u00fablicas que ya no pueden ocultarse en la pol\u00edtica argentina.<\/p>\n\n\n\n<p>Envi\u00e1 tus denuncias y opiniones a <a href=\"mailto:enorsaionline@gmail.com\">enorsaionline@gmail.com<\/a><\/p>\n\n\n\n<h2 class=\"wp-block-heading\">Preguntas frecuentes sobre la rebeli\u00f3n tuitera contra Milei<\/h2>\n\n\n\n<h3 class=\"wp-block-heading\">\u00bfPor qu\u00e9 estall\u00f3 la rebeli\u00f3n digital contra Milei?<\/h3>\n\n\n\n<p>La dura derrota electoral y el caos interno generaron pases de factura, insultos y rupturas in\u00e9ditas entre los principales tuiteros y dirigentes libertarios.<\/p>\n\n\n\n<h3 class=\"wp-block-heading\">\u00bfQui\u00e9nes son los protagonistas m\u00e1s pol\u00e9micos de la interna?<\/h3>\n\n\n\n<p>Lilia Lemoine, \u00c1lvaro Siccarelli y Karina Milei, entre otros; todos protagonistas de insultos p\u00fablicos y denuncia de traiciones.<\/p>\n\n\n\n<h3 class=\"wp-block-heading\">\u00bfCu\u00e1l es el efecto pol\u00edtico de la rebeli\u00f3n tuitera?<\/h3>\n\n\n\n<p>La crisis de unidad, la p\u00e9rdida de credibilidad y el descr\u00e9dito en redes sociales profundizan la debilidad pol\u00edtico-institucional del oficialismo.<\/p>\n\n\n\n<h3 class=\"wp-block-heading\">\u00bfD\u00f3nde seguir en tiempo real estas pol\u00e9micas?<\/h3>\n\n\n\n<p>Los hashtags libertarios en X, C5N y cuentas de periodistas cubren minuto a minuto la crisis en la calle virtual.<\/p>\n","protected":false},"excerpt":{"rendered":"<p>Los tuiteros libertarios estallan en insultos, traiciones y peleas tras la derrota de Milei. Crisis en redes, rupturas p\u00fablicas y denuncias tras el colapso electoral.<\/p>\n","protected":false},"author":5,"featured_media":8464,"comment_status":"open","ping_status":"open","sticky":false,"template":"","format":"standard","meta":{"_monsterinsights_skip_tracking":false,"_monsterinsights_sitenote_active":false,"_monsterinsights_sitenote_note":"","_monsterinsights_sitenote_category":0,"footnotes":"","jetpack_publicize_message":"Rebeli\u00f3n en redes: tuiteros libertarios estallan contra Milei tras la derrota electoral","jetpack_publicize_feature_enabled":true,"jetpack_social_post_already_shared":false,"jetpack_social_options":{"image_generator_settings":{"template":"highway","default_image_id":0,"font":"","enabled":false},"version":2}},"categories":[17,2],"tags":[2588,717,3458,174,2955,2069,45,3457,1617,1149,3459,3456],"class_list":["post-8463","post","type-post","status-publish","format-standard","has-post-thumbnail","hentry","category-opinion","category-politica","tag-c5n","tag-crisis-politica","tag-derrota-electoral","tag-karina-milei","tag-lilia-lemoine","tag-memes","tag-milei","tag-pelea","tag-rebelion","tag-redes-sociales","tag-siccarelli","tag-tuiteros"],"jetpack_publicize_connections":[],"_links":{"self":[{"href":"https:\/\/www.enorsai.com\/noticias\/wp-json\/wp\/v2\/posts\/8463","targetHints":{"allow":["GET"]}}],"collection":[{"href":"https:\/\/www.enorsai.com\/noticias\/wp-json\/wp\/v2\/posts"}],"about":[{"href":"https:\/\/www.enorsai.com\/noticias\/wp-json\/wp\/v2\/types\/post"}],"author":[{"embeddable":true,"href":"https:\/\/www.enorsai.com\/noticias\/wp-json\/wp\/v2\/users\/5"}],"replies":[{"embeddable":true,"href":"https:\/\/www.enorsai.com\/noticias\/wp-json\/wp\/v2\/comments?post=8463"}],"version-history":[{"count":1,"href":"https:\/\/www.enorsai.com\/noticias\/wp-json\/wp\/v2\/posts\/8463\/revisions"}],"predecessor-version":[{"id":8465,"href":"https:\/\/www.enorsai.com\/noticias\/wp-json\/wp\/v2\/posts\/8463\/revisions\/8465"}],"wp:featuredmedia":[{"embeddable":true,"href":"https:\/\/www.enorsai.com\/noticias\/wp-json\/wp\/v2\/media\/8464"}],"wp:attachment":[{"href":"https:\/\/www.enorsai.com\/noticias\/wp-json\/wp\/v2\/media?parent=8463"}],"wp:term":[{"taxonomy":"category","embeddable":true,"href":"https:\/\/www.enorsai.com\/noticias\/wp-json\/wp\/v2\/categories?post=8463"},{"taxonomy":"post_tag","embeddable":true,"href":"https:\/\/www.enorsai.com\/noticias\/wp-json\/wp\/v2\/tags?post=8463"}],"curies":[{"name":"wp","href":"https:\/\/api.w.org\/{rel}","templated":true}]}}