{"id":8460,"date":"2025-09-09T19:08:11","date_gmt":"2025-09-09T22:08:11","guid":{"rendered":"https:\/\/www.enorsai.com\/noticias\/?p=8460"},"modified":"2025-09-09T19:08:30","modified_gmt":"2025-09-09T22:08:30","slug":"la-eleccion-que-cambio-la-historia-larroque-revela-el-nuevo-limite-a-milei","status":"publish","type":"post","link":"https:\/\/www.enorsai.com\/noticias\/politica\/la-eleccion-que-cambio-la-historia-larroque-revela-el-nuevo-limite-a-milei\/","title":{"rendered":"La elecci\u00f3n que cambi\u00f3 la historia: Larroque revela el nuevo l\u00edmite a Milei"},"content":{"rendered":"\n<p><\/p>\n\n\n\n<p>Por Redacci\u00f3n Enorsai<\/p>\n\n\n\n<p>Andr\u00e9s Larroque, ministro de Desarrollo bonaerense, afirm\u00f3 en Radio 10 que la contundente derrota electoral oficialista \u201cle pone un l\u00edmite\u201d a Javier Milei y refleja el hartazgo social frente al ajuste y la crisis. El dirigente destac\u00f3 la unidad del peronismo, la necesidad de autocr\u00edtica y la importancia del trabajo territorial para recuperar la esperanza popular.<a href=\"https:\/\/www.radio10.com.ar\/larroque-a5140114\" target=\"_blank\" rel=\"noreferrer noopener\">[Radio10]<\/a><\/p>\n\n\n\n<h2 class=\"wp-block-heading\">El voto como l\u00edmite al ajuste y a Milei<\/h2>\n\n\n\n<p>Larroque calific\u00f3 el resultado como un \u201cdesahogo\u201d general y asegur\u00f3 que la elecci\u00f3n fue m\u00e1s una derrota de Milei que un triunfo personal o partidario: \u201cLa gente lleg\u00f3 a una situaci\u00f3n de hartazgo y lo demostr\u00f3 en las urnas\u201d. Seg\u00fan el ministro, el ciclo que se abre exige capitalizar la unidad y mantener el compromiso con la sociedad para no defraudar la esperanza generada tras la crisis.<a href=\"https:\/\/www.radio10.com.ar\/larroque-a5140114\" target=\"_blank\" rel=\"noreferrer noopener\">[Radio10]<\/a><\/p>\n\n\n\n<ul class=\"wp-block-list\">\n<li>\u201cNo es un cheque en blanco: la esperanza debe transformarse en compromiso y autocr\u00edtica.\u201d<\/li>\n\n\n\n<li>\u201cEl pueblo no nos va a perdonar si repetimos errores\u201d.<\/li>\n\n\n\n<li>Reivindic\u00f3 la gesti\u00f3n social de Kicillof y la inversi\u00f3n r\u00e9cord en alimentaci\u00f3n, a pesar del ahogo presupuestario nacional.<\/li>\n<\/ul>\n\n\n\n<h2 class=\"wp-block-heading\">Unidad, gesti\u00f3n y autocr\u00edtica: construir futuro y no defraudar<\/h2>\n\n\n\n<p>Larroque resalt\u00f3 la madurez del peronismo para dejar atr\u00e1s diferencias, acordar una lista conjunta y recuperar la esperanza federal. Sostuvo que Axel Kicillof es hoy el referente m\u00e1s destacado del espacio bonaerense y que el trabajo territorial fue clave para reconectar con la sociedad.<\/p>\n\n\n\n<ul class=\"wp-block-list\">\n<li>La unidad, la presencia en el territorio y la gesti\u00f3n social permitieron revertir la crisis e \u201ciluminar esperanza en Argentina\u201d.<\/li>\n\n\n\n<li>Alert\u00f3 que el desaf\u00edo ahora es evitar la repetici\u00f3n de errores y responder a las demandas de la sociedad.<\/li>\n\n\n\n<li>Abog\u00f3 por una reconstrucci\u00f3n colectiva y federal de cara a los pr\u00f3ximos desaf\u00edos electorales.<\/li>\n<\/ul>\n\n\n\n<p><strong>Infograf\u00eda | Claves del mensaje de Larroque<\/strong><\/p>\n\n\n\n<figure class=\"wp-block-table\"><table class=\"has-fixed-layout\"><tbody><tr><th>Punto<\/th><th>Detalle<\/th><\/tr><tr><td>L\u00edmite a Milei<\/td><td>El voto expresa hartazgo social con el ajuste libertario<\/td><\/tr><tr><td>Unidad peronista<\/td><td>Lista \u00fanica y reconstrucci\u00f3n tras crisis interna<\/td><\/tr><tr><td>Gesti\u00f3n<\/td><td>Inversi\u00f3n social r\u00e9cord y territorialidad bonaerense<\/td><\/tr><tr><td>Alerta futuro<\/td><td>La esperanza de la gente no es un cheque en blanco; urge autocr\u00edtica<\/td><\/tr><\/tbody><\/table><\/figure>\n\n\n\n<h2 class=\"wp-block-heading\">Conclusi\u00f3n: esperanza y responsabilidad hist\u00f3rica<\/h2>\n\n\n\n<p>Larroque concluy\u00f3 que el resultado es un mensaje claro de l\u00edmite social y pol\u00edtico para Milei, y advierte: \u201cSi volvemos a tener una oportunidad, no nos va a perdonar ni la gente ni nosotros cometer los mismos errores\u201d.<\/p>\n\n\n\n<p>M\u00e1s noticias y an\u00e1lisis en <a href=\"https:\/\/www.radio10.com.ar\/larroque-a5140114\" target=\"_blank\" rel=\"noreferrer noopener\">Radio 10<\/a> y Enorsai.<\/p>\n\n\n\n<p><strong>Reflexi\u00f3n final:<\/strong> El peronismo reconstruye poder territorial y se compromete a responder a la esperanza social con responsabilidad, autocr\u00edtica y gesti\u00f3n.<\/p>\n\n\n\n<p>Dej\u00e1 tu opini\u00f3n a <a href=\"mailto:enorsaionline@gmail.com\">enorsaionline@gmail.com<\/a><\/p>\n\n\n\n<h2 class=\"wp-block-heading\">Preguntas frecuentes sobre el an\u00e1lisis de Larroque<\/h2>\n\n\n\n<h3 class=\"wp-block-heading\">\u00bfCu\u00e1l es el principal mensaje del resultado electoral seg\u00fan Larroque?<\/h3>\n\n\n\n<p>Que la sociedad impuso un l\u00edmite al ajuste extremo y exige mayor compromiso y autocr\u00edtica pol\u00edtica.<\/p>\n\n\n\n<h3 class=\"wp-block-heading\">\u00bfC\u00f3mo eval\u00faa Larroque la unidad del peronismo?<\/h3>\n\n\n\n<p>Como condici\u00f3n clave para el triunfo, pero alerta que debe profundizarse con autocr\u00edtica y reconstrucci\u00f3n federal.<\/p>\n\n\n\n<h3 class=\"wp-block-heading\">\u00bfQu\u00e9 rol destaca de Kicillof en la victoria?<\/h3>\n\n\n\n<p>La gesti\u00f3n territorial fue decisiva y hoy simboliza la esperanza bonaerense del peronismo.<\/p>\n\n\n\n<h3 class=\"wp-block-heading\">\u00bfD\u00f3nde seguir las novedades pol\u00edticas de Larroque y el peronismo?<\/h3>\n\n\n\n<p>Radio 10, Enorsai y los canales oficiales actualizan las entrevistas y an\u00e1lisis de Larroque y su entorno pol\u00edtico.<\/p>\n","protected":false},"excerpt":{"rendered":"<p>Andr\u00e9s Larroque afirma que el resultado electoral bonaerense representa un l\u00edmite a Milei y una nueva oportunidad que el peronismo debe honrar con autocr\u00edtica y gesti\u00f3n social.<\/p>\n","protected":false},"author":13,"featured_media":8461,"comment_status":"open","ping_status":"open","sticky":false,"template":"","format":"standard","meta":{"_monsterinsights_skip_tracking":false,"_monsterinsights_sitenote_active":false,"_monsterinsights_sitenote_note":"","_monsterinsights_sitenote_category":0,"footnotes":"","jetpack_publicize_message":"Larroque: \u201cEl resultado electoral le pone un l\u00edmite a Milei\u201d","jetpack_publicize_feature_enabled":true,"jetpack_social_post_already_shared":false,"jetpack_social_options":{"image_generator_settings":{"template":"highway","default_image_id":0,"font":"","enabled":false},"version":2}},"categories":[2],"tags":[3455,190,3454,104,3453,3452,45,363,2362,1589],"class_list":["post-8460","post","type-post","status-publish","format-standard","has-post-thumbnail","hentry","category-politica","tag-autocritica","tag-elecciones","tag-gestion-social","tag-kicillof","tag-larroque","tag-limite","tag-milei","tag-peronismo","tag-radio-10","tag-unidad"],"jetpack_publicize_connections":[],"_links":{"self":[{"href":"https:\/\/www.enorsai.com\/noticias\/wp-json\/wp\/v2\/posts\/8460","targetHints":{"allow":["GET"]}}],"collection":[{"href":"https:\/\/www.enorsai.com\/noticias\/wp-json\/wp\/v2\/posts"}],"about":[{"href":"https:\/\/www.enorsai.com\/noticias\/wp-json\/wp\/v2\/types\/post"}],"author":[{"embeddable":true,"href":"https:\/\/www.enorsai.com\/noticias\/wp-json\/wp\/v2\/users\/13"}],"replies":[{"embeddable":true,"href":"https:\/\/www.enorsai.com\/noticias\/wp-json\/wp\/v2\/comments?post=8460"}],"version-history":[{"count":1,"href":"https:\/\/www.enorsai.com\/noticias\/wp-json\/wp\/v2\/posts\/8460\/revisions"}],"predecessor-version":[{"id":8462,"href":"https:\/\/www.enorsai.com\/noticias\/wp-json\/wp\/v2\/posts\/8460\/revisions\/8462"}],"wp:featuredmedia":[{"embeddable":true,"href":"https:\/\/www.enorsai.com\/noticias\/wp-json\/wp\/v2\/media\/8461"}],"wp:attachment":[{"href":"https:\/\/www.enorsai.com\/noticias\/wp-json\/wp\/v2\/media?parent=8460"}],"wp:term":[{"taxonomy":"category","embeddable":true,"href":"https:\/\/www.enorsai.com\/noticias\/wp-json\/wp\/v2\/categories?post=8460"},{"taxonomy":"post_tag","embeddable":true,"href":"https:\/\/www.enorsai.com\/noticias\/wp-json\/wp\/v2\/tags?post=8460"}],"curies":[{"name":"wp","href":"https:\/\/api.w.org\/{rel}","templated":true}]}}