{"id":8453,"date":"2025-09-09T14:18:26","date_gmt":"2025-09-09T17:18:26","guid":{"rendered":"https:\/\/www.enorsai.com\/noticias\/?p=8453"},"modified":"2025-09-09T14:37:54","modified_gmt":"2025-09-09T17:37:54","slug":"%f0%9f%8c%9f-se-viene-la-segunda-edicion-de-baires-fashion-fest","status":"publish","type":"post","link":"https:\/\/www.enorsai.com\/noticias\/economia\/%f0%9f%8c%9f-se-viene-la-segunda-edicion-de-baires-fashion-fest\/","title":{"rendered":"\ud83c\udf1f Se viene la segunda edici\u00f3n de Baires Fashion Fest"},"content":{"rendered":"\n<p>&nbsp; La cuenta regresiva ya empez\u00f3: el pr\u00f3ximo viernes 12 de septiembre llega la Segunda Edici\u00f3n del Baires Fashion Fest, un evento \u00fanico que celebra la moda local como espacio de cultura, encuentro y descubrimiento.<\/p>\n\n\n\n<figure class=\"wp-block-image size-large\"><img loading=\"lazy\" decoding=\"async\" width=\"576\" height=\"1024\" src=\"https:\/\/www.enorsai.com\/noticias\/wp-content\/uploads\/2025\/09\/img-20250824-wa0057281296129905625046194886-576x1024.jpg\" alt=\"\" class=\"wp-image-8450\" srcset=\"https:\/\/www.enorsai.com\/noticias\/wp-content\/uploads\/2025\/09\/img-20250824-wa0057281296129905625046194886-576x1024.jpg 576w, https:\/\/www.enorsai.com\/noticias\/wp-content\/uploads\/2025\/09\/img-20250824-wa0057281296129905625046194886-169x300.jpg 169w, https:\/\/www.enorsai.com\/noticias\/wp-content\/uploads\/2025\/09\/img-20250824-wa0057281296129905625046194886.jpg 720w\" sizes=\"auto, (max-width: 576px) 100vw, 576px\" \/><\/figure>\n\n\n\n<p>En esta ocasi\u00f3n, el festival tendr\u00e1 lugar en Quetr\u00e9n (Olaz\u00e1bal 1784) y contar\u00e1 con una grilla imperdible de desfiles perform\u00e1ticos y propuestas art\u00edsticas.<\/p>\n\n\n\n<p> \ud83e\udea1 En la pasarela<br \/><br \/>\u2022<strong>Dulcinegra<\/strong><br \/><strong>\u2022Lazarte<\/strong><br \/><strong>\u2022Tabar\u00e9<\/strong><br \/><strong>\u2022Wachiwawa<\/strong><\/p>\n\n\n\n<p>La direcci\u00f3n de arte y performances estar\u00e1 a cargo de Jimena Gaona Luna (@jimenagaonaluna), aportando un marco creativo que potencia el cruce entre moda, m\u00fasica y expresi\u00f3n corporal.<\/p>\n\n\n\n<p>\ud83c\udfb6 M\u00fasica en vivo<br \/><br \/>La noche estar\u00e1 musicalizada por los DJs:<br \/><br \/><strong>V.Monkey<\/strong><br \/><strong>Anita Pasi\u00f3n<\/strong><\/p>\n\n\n\n<p>\ud83d\udc57 Pasarela abierta + concurso de outfits<br \/><br \/>El festival contar\u00e1 con una pasarela abierta y un concurso de looks con un premio especial de Luz y Chapa. Muy pronto se anunciar\u00e1n las categor\u00edas, para que todas las personas puedan animarse a participar y mostrar su estilo.<\/p>\n\n\n\n<p> \ud83d\udcf8 Postas fotogr\u00e1ficas<br \/><br \/>Adem\u00e1s, habr\u00e1 estaciones fotogr\u00e1ficas listas para que el p\u00fablico luzca sus mejores outfits y se lleve un recuerdo de esta celebraci\u00f3n de la moda emergente.<\/p>\n\n\n\n<p>\ud83d\udca1<strong> Las productoras detr\u00e1s del festival<\/strong><br \/><br \/>Baires Fashion Fest es una creaci\u00f3n de dos productoras que llevan la moda y la m\u00fasica en la piel.<\/p>\n\n\n\n<figure class=\"wp-block-image size-large\"><img loading=\"lazy\" decoding=\"async\" width=\"576\" height=\"1024\" src=\"https:\/\/www.enorsai.com\/noticias\/wp-content\/uploads\/2025\/09\/img-20250824-wa0059282293572131160607762337-576x1024.jpg\" alt=\"\" class=\"wp-image-8451\" srcset=\"https:\/\/www.enorsai.com\/noticias\/wp-content\/uploads\/2025\/09\/img-20250824-wa0059282293572131160607762337-576x1024.jpg 576w, https:\/\/www.enorsai.com\/noticias\/wp-content\/uploads\/2025\/09\/img-20250824-wa0059282293572131160607762337-169x300.jpg 169w, https:\/\/www.enorsai.com\/noticias\/wp-content\/uploads\/2025\/09\/img-20250824-wa0059282293572131160607762337.jpg 720w\" sizes=\"auto, (max-width: 576px) 100vw, 576px\" \/><\/figure>\n\n\n\n<p>Manuela Wajsman (@manudivax): guitarrista y performer, con gran experiencia en producci\u00f3n de recitales y audiovisual, quien transform\u00f3 un sue\u00f1o en una fiesta real.<br \/>Mar\u00eda Laura Ciocoletto (@lebardi\u00e9): dise\u00f1adora independiente y autogestiva, vestuarista y realizadora, con una fuerte conexi\u00f3n con artistas y emprendedores locales.<\/p>\n\n\n\n<figure class=\"wp-block-image size-large\"><img loading=\"lazy\" decoding=\"async\" width=\"576\" height=\"1024\" src=\"https:\/\/www.enorsai.com\/noticias\/wp-content\/uploads\/2025\/09\/img-20250824-wa0074281298205831807726431203-576x1024.jpg\" alt=\"\" class=\"wp-image-8452\" srcset=\"https:\/\/www.enorsai.com\/noticias\/wp-content\/uploads\/2025\/09\/img-20250824-wa0074281298205831807726431203-576x1024.jpg 576w, https:\/\/www.enorsai.com\/noticias\/wp-content\/uploads\/2025\/09\/img-20250824-wa0074281298205831807726431203-169x300.jpg 169w, https:\/\/www.enorsai.com\/noticias\/wp-content\/uploads\/2025\/09\/img-20250824-wa0074281298205831807726431203.jpg 720w\" sizes=\"auto, (max-width: 576px) 100vw, 576px\" \/><\/figure>\n\n\n\n<p>Ambas unieron talento y pasi\u00f3n para darle vida a este espacio que impulsa a dise\u00f1adores emergentes y celebra la cultura de la moda en todas sus expresiones.<\/p>\n\n\n\n<p><strong>\ud83d\udccd Info pr\u00e1ctica<\/strong><br \/><br \/>\ud83d\uddd3 Viernes 12 de septiembre<br \/>\ud83d\udccd Quetr\u00e9n, Olaz\u00e1bal 1784<br \/>\ud83c\udf9f Consegu\u00ed tus entradas anticipadas<\/p>\n\n\n\n<p><a href=\"https:\/\/www.passline.com\/eventos\/baires-fashion-fest\">https:\/\/www.passline.com\/eventos\/baires-fashion-fest<\/a><\/p>\n\n\n\n<p>\ud83d\udcf2 Segu\u00ed a Baires Fashion Fest en Instagram para todas las novedades:<\/p>\n\n\n\n<p><a href=\"https:\/\/www.instagram.com\/bairesfashionfest_ok?igsh=MWZlYjRxNTU1aXV5Yg==\">https:\/\/www.instagram.com\/bairesfashionfest_ok?igsh=MWZlYjRxNTU1aXV5Yg==<\/a><\/p>\n\n\n\n<p>#LaModaEsCultura<\/p>\n","protected":false},"excerpt":{"rendered":"<p>&nbsp; La cuenta regresiva ya empez\u00f3: el pr\u00f3ximo viernes 12 de septiembre llega la Segunda Edici\u00f3n del Baires Fashion Fest, un evento \u00fanico que celebra la moda local como espacio de cultura, encuentro y descubrimiento. En esta ocasi\u00f3n, el festival tendr\u00e1 lugar en Quetr\u00e9n (Olaz\u00e1bal 1784) y contar\u00e1 con una grilla imperdible de desfiles perform\u00e1ticos&#8230;<\/p>\n","protected":false},"author":15,"featured_media":0,"comment_status":"open","ping_status":"open","sticky":false,"template":"","format":"standard","meta":{"_monsterinsights_skip_tracking":false,"_monsterinsights_sitenote_active":false,"_monsterinsights_sitenote_note":"","_monsterinsights_sitenote_category":0,"footnotes":"","jetpack_publicize_message":"","jetpack_publicize_feature_enabled":true,"jetpack_social_post_already_shared":true,"jetpack_social_options":{"image_generator_settings":{"template":"highway","default_image_id":0,"font":"","enabled":false},"version":2}},"categories":[5,3,4],"tags":[663,3449,3450,3451],"class_list":["post-8453","post","type-post","status-publish","format-standard","hentry","category-cultura","category-economia","category-sociedad","tag-cultura","tag-moda-disruptiva","tag-moda-sustentable","tag-segunda-edicion-del-baires-fashion-fest"],"jetpack_publicize_connections":[],"_links":{"self":[{"href":"https:\/\/www.enorsai.com\/noticias\/wp-json\/wp\/v2\/posts\/8453","targetHints":{"allow":["GET"]}}],"collection":[{"href":"https:\/\/www.enorsai.com\/noticias\/wp-json\/wp\/v2\/posts"}],"about":[{"href":"https:\/\/www.enorsai.com\/noticias\/wp-json\/wp\/v2\/types\/post"}],"author":[{"embeddable":true,"href":"https:\/\/www.enorsai.com\/noticias\/wp-json\/wp\/v2\/users\/15"}],"replies":[{"embeddable":true,"href":"https:\/\/www.enorsai.com\/noticias\/wp-json\/wp\/v2\/comments?post=8453"}],"version-history":[{"count":4,"href":"https:\/\/www.enorsai.com\/noticias\/wp-json\/wp\/v2\/posts\/8453\/revisions"}],"predecessor-version":[{"id":8457,"href":"https:\/\/www.enorsai.com\/noticias\/wp-json\/wp\/v2\/posts\/8453\/revisions\/8457"}],"wp:attachment":[{"href":"https:\/\/www.enorsai.com\/noticias\/wp-json\/wp\/v2\/media?parent=8453"}],"wp:term":[{"taxonomy":"category","embeddable":true,"href":"https:\/\/www.enorsai.com\/noticias\/wp-json\/wp\/v2\/categories?post=8453"},{"taxonomy":"post_tag","embeddable":true,"href":"https:\/\/www.enorsai.com\/noticias\/wp-json\/wp\/v2\/tags?post=8453"}],"curies":[{"name":"wp","href":"https:\/\/api.w.org\/{rel}","templated":true}]}}