{"id":8433,"date":"2025-09-09T08:42:58","date_gmt":"2025-09-09T11:42:58","guid":{"rendered":"https:\/\/www.enorsai.com\/noticias\/?p=8433"},"modified":"2025-09-09T08:42:58","modified_gmt":"2025-09-09T11:42:58","slug":"bondarenko-le-tiro-municion-gruesa-a-milei-un-dia-despues-de-las-elecciones","status":"publish","type":"post","link":"https:\/\/www.enorsai.com\/noticias\/politica\/bondarenko-le-tiro-municion-gruesa-a-milei-un-dia-despues-de-las-elecciones\/","title":{"rendered":"Bondarenko le tir\u00f3 munici\u00f3n gruesa a Milei un d\u00eda despu\u00e9s de las elecciones"},"content":{"rendered":"\n<p><strong><em>El candidato de Milei en la Tercera reconoci\u00f3 los problemas del programa econ\u00f3mico: \u00bb Mi mam\u00e1 es jubilada y no llega a fin de mes, el d\u00eda 15 para ella es fin de mes\u00bb. Lo cruz\u00f3 el Gordo Dan.<\/em><\/strong><\/p>\n\n\n\n<p>El candidato de Javier Milei en la Tercera secci\u00f3n electoral reconoci\u00f3 que los problemas de la econom\u00eda llevaron a la derrota de La Libertad Avanza en la provincia de Buenos Aires y el Gordo Dan le sali\u00f3 al cruce.<\/p>\n\n\n\n<p>\u00abMi mam\u00e1 es jubilada y no llega a fin de mes\u00bb, admiti\u00f3 de manera brutal el excomisario Maximiliano Bondarenko, ahora diputado electo.<\/p>\n\n\n\n<p>\u00abPara ella el d\u00eda 15 es fin de mes\u00bb, agreg\u00f3 Bondarenko en CNN Radio. \u00abYo digo la verdad\u00bb, insisti\u00f3.<\/p>\n\n\n\n<p>\u00abJavier Milei cuando asumi\u00f3 dijo que \u00edbamos a tener que ajustarnos, se hizo ese ajuste, los argentinos lo bancaron, una gran parte lo sigue bancando. Evidentemente, otra parte de los argentinos nos est\u00e1 diciendo que abramos los ojos en algunas cuestiones que tenemos que empezar a rever y reflexionar\u00bb, dijo Bondarenko.<\/p>\n\n\n\n<p>\u00abNos estamos equivocando en algo. El que sabe y tiene la batuta es el ciudadano, no es la pol\u00edtica. Tenemos que aprender a escuchar\u00bb, complet\u00f3.<\/p>\n\n\n\n<p>Las declaraciones de Bondarenko provocaron una r\u00e1pida reacci\u00f3n del Gordo Dan, que le sali\u00f3 al cruce por X. \u00abEl flamante diputado electo por la Libertad Avanza Maximiliano Bondarenko le suelta la mano a Milei y le atribuye la derrota electoral al plan econ\u00f3mico del equipo que destruy\u00f3 la inflaci\u00f3n en la Argentina UN D\u00cdA DESPU\u00c9S DE LA ELECCI\u00d3N\u00bb, se enoj\u00f3.<\/p>\n\n\n\n<p>Por LPO<\/p>\n","protected":false},"excerpt":{"rendered":"<p>El candidato de Milei en la Tercera reconoci\u00f3 los problemas del programa econ\u00f3mico: \u00bb Mi mam\u00e1 es jubilada y no llega a fin de mes, el d\u00eda 15 para ella es fin de mes\u00bb. Lo cruz\u00f3 el Gordo Dan. El candidato de Javier Milei en la Tercera secci\u00f3n electoral reconoci\u00f3 que los problemas de la&#8230;<\/p>\n","protected":false},"author":5,"featured_media":8434,"comment_status":"open","ping_status":"open","sticky":false,"template":"","format":"standard","meta":{"_monsterinsights_skip_tracking":false,"_monsterinsights_sitenote_active":false,"_monsterinsights_sitenote_note":"","_monsterinsights_sitenote_category":0,"footnotes":"","jetpack_publicize_message":"","jetpack_publicize_feature_enabled":true,"jetpack_social_post_already_shared":true,"jetpack_social_options":{"image_generator_settings":{"template":"highway","default_image_id":0,"font":"","enabled":false},"version":2}},"categories":[2],"tags":[58,43,45],"class_list":["post-8433","post","type-post","status-publish","format-standard","has-post-thumbnail","hentry","category-politica","tag-ajuste","tag-crisis","tag-milei"],"jetpack_publicize_connections":[],"_links":{"self":[{"href":"https:\/\/www.enorsai.com\/noticias\/wp-json\/wp\/v2\/posts\/8433","targetHints":{"allow":["GET"]}}],"collection":[{"href":"https:\/\/www.enorsai.com\/noticias\/wp-json\/wp\/v2\/posts"}],"about":[{"href":"https:\/\/www.enorsai.com\/noticias\/wp-json\/wp\/v2\/types\/post"}],"author":[{"embeddable":true,"href":"https:\/\/www.enorsai.com\/noticias\/wp-json\/wp\/v2\/users\/5"}],"replies":[{"embeddable":true,"href":"https:\/\/www.enorsai.com\/noticias\/wp-json\/wp\/v2\/comments?post=8433"}],"version-history":[{"count":1,"href":"https:\/\/www.enorsai.com\/noticias\/wp-json\/wp\/v2\/posts\/8433\/revisions"}],"predecessor-version":[{"id":8435,"href":"https:\/\/www.enorsai.com\/noticias\/wp-json\/wp\/v2\/posts\/8433\/revisions\/8435"}],"wp:featuredmedia":[{"embeddable":true,"href":"https:\/\/www.enorsai.com\/noticias\/wp-json\/wp\/v2\/media\/8434"}],"wp:attachment":[{"href":"https:\/\/www.enorsai.com\/noticias\/wp-json\/wp\/v2\/media?parent=8433"}],"wp:term":[{"taxonomy":"category","embeddable":true,"href":"https:\/\/www.enorsai.com\/noticias\/wp-json\/wp\/v2\/categories?post=8433"},{"taxonomy":"post_tag","embeddable":true,"href":"https:\/\/www.enorsai.com\/noticias\/wp-json\/wp\/v2\/tags?post=8433"}],"curies":[{"name":"wp","href":"https:\/\/api.w.org\/{rel}","templated":true}]}}