{"id":843,"date":"2025-02-07T21:54:16","date_gmt":"2025-02-08T00:54:16","guid":{"rendered":"https:\/\/www.enorsai.com\/noticias\/?p=843"},"modified":"2025-02-07T21:54:16","modified_gmt":"2025-02-08T00:54:16","slug":"cerraron-16-500-pymes-en-10-meses-de-gestion-del-presidente-javier-milei","status":"publish","type":"post","link":"https:\/\/www.enorsai.com\/noticias\/economia\/cerraron-16-500-pymes-en-10-meses-de-gestion-del-presidente-javier-milei\/","title":{"rendered":"Cerraron 16.500 pymes en 10 meses de Gesti\u00f3n del Presidente Javier Milei"},"content":{"rendered":"\n<p>El dato de 6500 pymes cerradas que calcularon entidades empresariales pymes se suman a las 10.000 pymes que denunci\u00f3 la Asociaci\u00f3n de Empresarios y Empresarias Nacionales para el Desarrollo Argentino.<\/p>\n\n\n\n<p>El&nbsp;<strong>Presidente de la Asociaci\u00f3n de Empresarios y Empresarias Nacionales para el Desarrollo Argentino &#8211; ENAC &#8211; Leo Bilanski<\/strong>&nbsp;fue entrevistado por CANAL 9 en virtud de que en 10 meses de gesti\u00f3n, se han cerrado 16,500 pymes.<\/p>\n\n\n\n<p>El dato de 6500 pymes cerradas fue calculada por distintas entidades empresariales pymes y se suma a la informaci\u00f3n que ENAC public\u00f3 en Junio donde seg\u00fan fuentes oficiales ya hab\u00edan cerrado 10.000 pymes a Junio del 2024.<\/p>\n\n\n\n<figure class=\"wp-block-embed is-type-video is-provider-youtube wp-block-embed-youtube wp-embed-aspect-16-9 wp-has-aspect-ratio\"><div class=\"wp-block-embed__wrapper\">\n<iframe loading=\"lazy\" title=\"Cerraron 16.500 pymes en 10 meses de Gesti\u00f3n del Presidente Javier Milei\" width=\"640\" height=\"360\" src=\"https:\/\/www.youtube.com\/embed\/GTdWw3dmll8?feature=oembed\" frameborder=\"0\" allow=\"accelerometer; autoplay; clipboard-write; encrypted-media; gyroscope; picture-in-picture; web-share\" referrerpolicy=\"strict-origin-when-cross-origin\" allowfullscreen><\/iframe>\n<\/div><\/figure>\n\n\n\n<h2 class=\"wp-block-heading\">Causa de la Crisis<\/h2>\n\n\n\n<ul class=\"wp-block-list\">\n<li>13.2% de ca\u00edda en las ventas de comercios.<\/li>\n\n\n\n<li>Reducci\u00f3n del consumo.<\/li>\n\n\n\n<li>Aumento en los costos de servicios y alquileres.<\/li>\n\n\n\n<li>Tipo de cambio del d\u00f3lar que afecta la competitividad de las exportaciones.<\/li>\n\n\n\n<li>Impacto Laboral: Aproximadamente 380,000 trabajadores han perdido su empleo desde el inicio de la gesti\u00f3n de Milei, con una media de 11 empleados por pyme cerrada.<\/li>\n\n\n\n<li>Percepci\u00f3n de los Empresarios: Un 82% de los empresarios considera que la econom\u00eda est\u00e1 en recesi\u00f3n o depresi\u00f3n.<\/li>\n\n\n\n<li>Propuestas de Ayuda: Se requieren leyes que ofrezcan beneficios fiscales y apoyo a las pymes, consideradas el coraz\u00f3n de la industria nacional<\/li>\n<\/ul>\n\n\n\n<figure class=\"wp-block-image\"><img decoding=\"async\" src=\"https:\/\/enac.org.ar\/download\/multimedia.normal.9bb3d0ce3c832ab1.bWFwYSBkZSBpZGVhc19ub3JtYWwud2VicA%3D%3D.webp\" alt=\"mapa de ideas\"\/><\/figure>\n\n\n\n<h2 class=\"wp-block-heading\"><\/h2>\n\n\n\n<p><strong>Fuente:<\/strong><\/p>\n\n\n\n<ul class=\"wp-block-list\">\n<li><a href=\"https:\/\/enac.org.ar\/contenido\/4004\/cerraron-16500-pymes-en-10-meses-de-gestion-del-presidente-javier-milei#:~:text=G%C3%A9nero%20Comisiones%20%2D%20Industria-,Cerraron%2016.500%20pymes%20en%2010%20meses%20de%20Gesti%C3%B3n%20del%20Presidente,ENAC%20%2D%20en%20Junio%20del%202024.\">https:\/\/enac.org.ar\/contenido\/4004\/cerraron-16500-pymes-en-10-meses-de-gestion-del-presidente-javier-milei<\/a><\/li>\n<\/ul>\n\n\n\n<p><\/p>\n\n\n","protected":false},"excerpt":{"rendered":"<p>El dato de 6500 pymes cerradas que calcularon entidades empresariales pymes se suman a las 10.000 pymes que denunci\u00f3 la Asociaci\u00f3n de Empresarios y Empresarias Nacionales para el Desarrollo Argentino.<\/p>\n","protected":false},"author":1,"featured_media":844,"comment_status":"open","ping_status":"open","sticky":false,"template":"","format":"standard","meta":{"_monsterinsights_skip_tracking":false,"_monsterinsights_sitenote_active":false,"_monsterinsights_sitenote_note":"","_monsterinsights_sitenote_category":0,"footnotes":"","jetpack_publicize_message":"","jetpack_publicize_feature_enabled":true,"jetpack_social_post_already_shared":true,"jetpack_social_options":{"image_generator_settings":{"template":"highway","default_image_id":0,"font":"","enabled":false},"version":2}},"categories":[3],"tags":[43,15,45,301],"class_list":["post-843","post","type-post","status-publish","format-standard","has-post-thumbnail","hentry","category-economia","tag-crisis","tag-economia","tag-milei","tag-pymes"],"jetpack_publicize_connections":[],"_links":{"self":[{"href":"https:\/\/www.enorsai.com\/noticias\/wp-json\/wp\/v2\/posts\/843","targetHints":{"allow":["GET"]}}],"collection":[{"href":"https:\/\/www.enorsai.com\/noticias\/wp-json\/wp\/v2\/posts"}],"about":[{"href":"https:\/\/www.enorsai.com\/noticias\/wp-json\/wp\/v2\/types\/post"}],"author":[{"embeddable":true,"href":"https:\/\/www.enorsai.com\/noticias\/wp-json\/wp\/v2\/users\/1"}],"replies":[{"embeddable":true,"href":"https:\/\/www.enorsai.com\/noticias\/wp-json\/wp\/v2\/comments?post=843"}],"version-history":[{"count":1,"href":"https:\/\/www.enorsai.com\/noticias\/wp-json\/wp\/v2\/posts\/843\/revisions"}],"predecessor-version":[{"id":845,"href":"https:\/\/www.enorsai.com\/noticias\/wp-json\/wp\/v2\/posts\/843\/revisions\/845"}],"wp:featuredmedia":[{"embeddable":true,"href":"https:\/\/www.enorsai.com\/noticias\/wp-json\/wp\/v2\/media\/844"}],"wp:attachment":[{"href":"https:\/\/www.enorsai.com\/noticias\/wp-json\/wp\/v2\/media?parent=843"}],"wp:term":[{"taxonomy":"category","embeddable":true,"href":"https:\/\/www.enorsai.com\/noticias\/wp-json\/wp\/v2\/categories?post=843"},{"taxonomy":"post_tag","embeddable":true,"href":"https:\/\/www.enorsai.com\/noticias\/wp-json\/wp\/v2\/tags?post=843"}],"curies":[{"name":"wp","href":"https:\/\/api.w.org\/{rel}","templated":true}]}}