{"id":8398,"date":"2025-09-08T05:38:11","date_gmt":"2025-09-08T08:38:11","guid":{"rendered":"https:\/\/www.enorsai.com\/noticias\/?p=8398"},"modified":"2025-09-08T05:38:17","modified_gmt":"2025-09-08T08:38:17","slug":"rumbo-al-precipicio-milei-reconoce-la-derrota-pero-se-aferra-al-ajuste-asegurando-que-no-se-retrocede-ni-un-milimetro","status":"publish","type":"post","link":"https:\/\/www.enorsai.com\/noticias\/politica\/rumbo-al-precipicio-milei-reconoce-la-derrota-pero-se-aferra-al-ajuste-asegurando-que-no-se-retrocede-ni-un-milimetro\/","title":{"rendered":"Rumbo al precipicio: Milei reconoce la derrota pero se aferra al ajuste asegurando que \u201cno se retrocede ni un mil\u00edmetro\u201d"},"content":{"rendered":"\n<p>Javier Milei reconoci\u00f3 la derrota de su espacio en la provincia de Buenos Aires, pero lejos de mostrar se\u00f1ales de repliegue, se aferr\u00f3 a su discurso m\u00e1s dogm\u00e1tico: \u201cNo se retrocede ni un mil\u00edmetro en el rumbo\u201d, dijo frente a un auditorio escaso y golpeado por el resultado. El presidente, que hab\u00eda ingresado al coqueto sal\u00f3n platense junto a su hermana Karina Milei y a su asesor Santiago Caputo, busc\u00f3 blindar el llamado \u201ctri\u00e1ngulo de hierro\u201d en medio de una noche amarga que termin\u00f3 en derrota por 13 puntos frente al peronismo.<\/p>\n\n\n\n<p>El mandatario intent\u00f3 disfrazar de \u201cpiso\u201d lo que fue una dura ca\u00edda pol\u00edtica y, aunque prometi\u00f3 una \u201cprofunda autocr\u00edtica\u201d, en ning\u00fan momento plante\u00f3 modificar el camino econ\u00f3mico que hunde a gran parte de la sociedad en la recesi\u00f3n. Por el contrario, reafirm\u00f3 que seguir\u00e1 defendiendo el ajuste, la restricci\u00f3n monetaria y el esquema cambiario como dogmas intocables. En un mensaje que busc\u00f3 transmitir firmeza, Milei se aferr\u00f3 a su libreto de 2023, a pesar de que la realidad electoral lo golpea de frente.<\/p>\n\n\n\n<p>La derrota dej\u00f3 expuestas fisuras internas en La Libertad Avanza. Mientras Sebasti\u00e1n Pareja habl\u00f3 de \u201cautocr\u00edtica\u201d pero ponder\u00f3 los \u201c26 legisladores provinciales\u201d que sumar\u00e1n, el sector de las \u201cFuerzas del Cielo\u201d que responde a Caputo qued\u00f3 marginado y relegado. En el sal\u00f3n se respiraba tensi\u00f3n: caras largas, aplausos tibios y un clima de incertidumbre que dej\u00f3 en evidencia la fragilidad del armado libertario.<\/p>\n\n\n\n<p>Incluso figuras como Lilia Lemoine intentaron relativizar la magnitud de la derrota, aunque el resultado fue contundente y dej\u00f3 a los libertarios sin control de las secciones clave del mapa bonaerense. Mientras tanto, dirigentes del PRO como Cristian Ritondo, Diego Santilli y Alejandro Finocchiaro se mostraban cautelosos y a la defensiva, sabiendo que la alianza con Milei empieza a mostrar grietas.<\/p>\n\n\n\n<p>El discurso presidencial, lejos de ser un gesto de madurez pol\u00edtica, fue la reafirmaci\u00f3n de un dogmatismo que no logra reconocer el mensaje de las urnas. Milei eligi\u00f3 victimizarse, acusar al \u201caparato peronista\u201d y cerrarse sobre un c\u00edrculo cada vez m\u00e1s chico de poder. La imagen del Presidente, trastabillando con las palabras y refugiado en un sal\u00f3n blindado por Gendarmer\u00eda y la PSA, sintetiza el contraste entre la ret\u00f3rica libertaria y la realidad pol\u00edtica: un gobierno que pierde respaldo en las urnas, pero que promete redoblar el ajuste sin escuchar el grito de la sociedad.<\/p>\n\n\n\n<p>Fuente:<\/p>\n\n\n\n<p>.<a href=\"https:\/\/www.clarin.com\/politica\/milei-admitio-clara-derrota-libertaria-advirtio-rumbo-retrocede-milimetro_0_O8Fb0XykE7.html\">https:\/\/www.clarin.com\/politica\/milei-admitio-clara-derrota-libertaria-advirtio-rumbo-retrocede-milimetro_0_O8Fb0XykE7.html<\/a><\/p>\n","protected":false},"excerpt":{"rendered":"<p>Javier Milei reconoci\u00f3 la derrota de su espacio en la provincia de Buenos Aires, pero lejos de mostrar se\u00f1ales de repliegue, se aferr\u00f3 a su discurso m\u00e1s dogm\u00e1tico: \u201cNo se retrocede ni un mil\u00edmetro en el rumbo\u201d, dijo frente a un auditorio escaso y golpeado por el resultado. El presidente, que hab\u00eda ingresado al coqueto&#8230;<\/p>\n","protected":false},"author":9,"featured_media":8400,"comment_status":"open","ping_status":"open","sticky":false,"template":"","format":"standard","meta":{"_monsterinsights_skip_tracking":false,"_monsterinsights_sitenote_active":false,"_monsterinsights_sitenote_note":"","_monsterinsights_sitenote_category":0,"footnotes":"","jetpack_publicize_message":"","jetpack_publicize_feature_enabled":true,"jetpack_social_post_already_shared":true,"jetpack_social_options":{"image_generator_settings":{"template":"highway","default_image_id":0,"font":"","enabled":false},"version":2}},"categories":[17,2],"tags":[],"class_list":["post-8398","post","type-post","status-publish","format-standard","has-post-thumbnail","hentry","category-opinion","category-politica"],"jetpack_publicize_connections":[],"_links":{"self":[{"href":"https:\/\/www.enorsai.com\/noticias\/wp-json\/wp\/v2\/posts\/8398","targetHints":{"allow":["GET"]}}],"collection":[{"href":"https:\/\/www.enorsai.com\/noticias\/wp-json\/wp\/v2\/posts"}],"about":[{"href":"https:\/\/www.enorsai.com\/noticias\/wp-json\/wp\/v2\/types\/post"}],"author":[{"embeddable":true,"href":"https:\/\/www.enorsai.com\/noticias\/wp-json\/wp\/v2\/users\/9"}],"replies":[{"embeddable":true,"href":"https:\/\/www.enorsai.com\/noticias\/wp-json\/wp\/v2\/comments?post=8398"}],"version-history":[{"count":1,"href":"https:\/\/www.enorsai.com\/noticias\/wp-json\/wp\/v2\/posts\/8398\/revisions"}],"predecessor-version":[{"id":8401,"href":"https:\/\/www.enorsai.com\/noticias\/wp-json\/wp\/v2\/posts\/8398\/revisions\/8401"}],"wp:featuredmedia":[{"embeddable":true,"href":"https:\/\/www.enorsai.com\/noticias\/wp-json\/wp\/v2\/media\/8400"}],"wp:attachment":[{"href":"https:\/\/www.enorsai.com\/noticias\/wp-json\/wp\/v2\/media?parent=8398"}],"wp:term":[{"taxonomy":"category","embeddable":true,"href":"https:\/\/www.enorsai.com\/noticias\/wp-json\/wp\/v2\/categories?post=8398"},{"taxonomy":"post_tag","embeddable":true,"href":"https:\/\/www.enorsai.com\/noticias\/wp-json\/wp\/v2\/tags?post=8398"}],"curies":[{"name":"wp","href":"https:\/\/api.w.org\/{rel}","templated":true}]}}