{"id":8395,"date":"2025-09-08T00:53:36","date_gmt":"2025-09-08T03:53:36","guid":{"rendered":"https:\/\/www.enorsai.com\/noticias\/?p=8395"},"modified":"2025-09-08T00:53:43","modified_gmt":"2025-09-08T03:53:43","slug":"del-triangulo-de-hierro-al-triangulo-fundante-radiografia-de-una-derrota-anunciada-y-un-triunfo-que-abre-futuro","status":"publish","type":"post","link":"https:\/\/www.enorsai.com\/noticias\/politica\/del-triangulo-de-hierro-al-triangulo-fundante-radiografia-de-una-derrota-anunciada-y-un-triunfo-que-abre-futuro\/","title":{"rendered":"Del tri\u00e1ngulo de hierro al tri\u00e1ngulo fundante: radiograf\u00eda de una derrota anunciada y un triunfo que abre futuro"},"content":{"rendered":"\n<p><strong>Federico Gonz\u00e1lez<\/strong><\/p>\n\n\n\n<p>Las elecciones provinciales no s\u00f3lo dejaron un resultado: dibujaron dos figuras pol\u00edticas en tensi\u00f3n. De un lado, el&nbsp;<strong>tri\u00e1ngulo de hierro<\/strong>&nbsp;\u2014Javier Milei, Karina Milei y Santiago Caputo\u2014 que quiso presentarse como fortaleza, pero que en la pr\u00e1ctica mostr\u00f3 rigidez, soberbia y fragilidad. Del otro, el&nbsp;<strong>tri\u00e1ngulo fundante<\/strong>&nbsp;\u2014Cristina Fern\u00e1ndez de Kirchner, Axel Kicillof y Sergio Massa\u2014 que, con estilos distintos, encarn\u00f3 sensatez, responsabilidad y conciencia colectiva.<\/p>\n\n\n\n<p><strong>El hierro que se oxida<\/strong><\/p>\n\n\n\n<p>El llamado \u201cc\u00edrculo de hierro\u201d se ofreci\u00f3 como blindaje del presidente. Pero en las urnas revel\u00f3 m\u00e1s debilidad que firmeza. Javier Milei reaccion\u00f3 a la derrota con gritos y excusas, Karina Milei funcion\u00f3 como custodia cerrada de un peque\u00f1o n\u00facleo endog\u00e1mico, y Santiago Caputo, el supuesto gran estratega, qued\u00f3 descolocado frente al territorio real. Un tri\u00e1ngulo&nbsp;<strong>cerrado, caprichoso y fr\u00e1gil<\/strong>, sostenido m\u00e1s en bravuconadas que en gesti\u00f3n.<\/p>\n\n\n\n<p>Ese hierro, que promet\u00eda fuerza, se oxid\u00f3 en contacto con la realidad. Lo que parec\u00eda coraje se volvi\u00f3 berrinche; lo que se vendi\u00f3 como \u00e9pica termin\u00f3 en victimizaci\u00f3n. No hubo estadista, apenas un influencer despechado.<\/p>\n\n\n\n<p><strong>El tri\u00e1ngulo fundante<\/strong><\/p>\n\n\n\n<p>En contraposici\u00f3n emergi\u00f3 otro tri\u00e1ngulo, muy distinto en textura y proyecci\u00f3n.<\/p>\n\n\n\n<ul class=\"wp-block-list\">\n<li><strong>Cristina Fern\u00e1ndez de Kirchner<\/strong>\u00a0aport\u00f3 m\u00edstica, votos y la fuerza simb\u00f3lica de quien, pese a los ataques, permanece como m\u00e1rtir estoica.<\/li>\n\n\n\n<li><strong>Axel Kicillof<\/strong>\u00a0sostuvo gesti\u00f3n, convicci\u00f3n y honestidad: la imagen de un gobernador\u00a0<strong>sensato y responsable<\/strong>\u00a0que responde con hechos.<\/li>\n\n\n\n<li><strong>Sergio Massa<\/strong>, en silencio, pero con eficacia, fue el arquitecto de la unidad: teji\u00f3 alianzas, evit\u00f3 fracturas y dio orden al conjunto.<\/li>\n<\/ul>\n\n\n\n<p>Este&nbsp;<strong>tri\u00e1ngulo fundante<\/strong>&nbsp;no se proclama perfecto, pero s\u00ed&nbsp;<strong>razonable, responsable y consciente<\/strong>. Fundante porque no se limita a administrar lo dado: constituye la base de una nueva etapa, la semilla de un futuro pol\u00edtico que se abre tras la derrota del hierro oxidado.<\/p>\n\n\n\n<p><strong>Radiograf\u00eda de la jornada<\/strong><\/p>\n\n\n\n<p>La participaci\u00f3n electoral fue mayor a lo que muchos auguraban, superando el 60%. La \u00e9pica libertaria de las \u201cadherencias silentes\u201d choc\u00f3 contra la pol\u00edtica territorial del peronismo. Y la reacci\u00f3n presidencial, m\u00e1s propia de la negaci\u00f3n pol\u00edtica que de la sabidur\u00eda del estadista, no hizo m\u00e1s que confirmar que este desenlace estaba escrito.<\/p>\n\n\n\n<p>Lo que se jug\u00f3 no fue solo una elecci\u00f3n: fue la evidencia de que la rigidez se quiebra y que, en pol\u00edtica, lo que tiende a perdurar es la capacidad de fundar s\u00edntesis constructivas y no absurdamente beligerantes.<\/p>\n\n\n\n<p><strong>Del hierro a lo fundante<\/strong><\/p>\n\n\n\n<p>El pa\u00eds no necesita un tri\u00e1ngulo de hierro&nbsp;<strong>que niegue, culpe y se encierre<\/strong>, sino un&nbsp;<strong>tri\u00e1ngulo fundante<\/strong>&nbsp;<strong>que comprometa, dialogue y construya<\/strong>.<\/p>\n\n\n\n<p>Ese es el saldo pol\u00edtico de la jornada: el hierro puede sonar fuerte, pero se oxida. Lo fundante, en cambio, no deslumbra, pero arraiga y abre camino.<\/p>\n\n\n\n<p><strong>Addendum<\/strong><\/p>\n\n\n\n<p>Iron\u00eda libertaria: al final fue \u201c\u00a1Viva la libertad\u00a0<strong>de votar<\/strong>, carajo!\u201d. <\/p>\n\n\n\n<p><strong>Federico Gonz\u00e1lez y Asociados<\/strong><\/p>\n","protected":false},"excerpt":{"rendered":"<p>Federico Gonz\u00e1lez Las elecciones provinciales no s\u00f3lo dejaron un resultado: dibujaron dos figuras pol\u00edticas en tensi\u00f3n. De un lado, el&nbsp;tri\u00e1ngulo de hierro&nbsp;\u2014Javier Milei, Karina Milei y Santiago Caputo\u2014 que quiso presentarse como fortaleza, pero que en la pr\u00e1ctica mostr\u00f3 rigidez, soberbia y fragilidad. Del otro, el&nbsp;tri\u00e1ngulo fundante&nbsp;\u2014Cristina Fern\u00e1ndez de Kirchner, Axel Kicillof y Sergio Massa\u2014&#8230;<\/p>\n","protected":false},"author":4,"featured_media":8396,"comment_status":"open","ping_status":"open","sticky":false,"template":"","format":"standard","meta":{"_monsterinsights_skip_tracking":false,"_monsterinsights_sitenote_active":false,"_monsterinsights_sitenote_note":"","_monsterinsights_sitenote_category":0,"footnotes":"","jetpack_publicize_message":"Reflexiones sobre las Elecciones en la Provincia de Buenos Aires","jetpack_publicize_feature_enabled":true,"jetpack_social_post_already_shared":false,"jetpack_social_options":{"image_generator_settings":{"template":"highway","default_image_id":0,"font":"","enabled":false},"version":2}},"categories":[17,2],"tags":[58,93,43,387,3439,3080,45,72],"class_list":["post-8395","post","type-post","status-publish","format-standard","has-post-thumbnail","hentry","category-opinion","category-politica","tag-ajuste","tag-argentina","tag-crisis","tag-elecciones-argentina-2025","tag-elecciones-provincia-de-buenos-aires","tag-federico-gonzalez","tag-milei","tag-politica"],"jetpack_publicize_connections":[],"_links":{"self":[{"href":"https:\/\/www.enorsai.com\/noticias\/wp-json\/wp\/v2\/posts\/8395","targetHints":{"allow":["GET"]}}],"collection":[{"href":"https:\/\/www.enorsai.com\/noticias\/wp-json\/wp\/v2\/posts"}],"about":[{"href":"https:\/\/www.enorsai.com\/noticias\/wp-json\/wp\/v2\/types\/post"}],"author":[{"embeddable":true,"href":"https:\/\/www.enorsai.com\/noticias\/wp-json\/wp\/v2\/users\/4"}],"replies":[{"embeddable":true,"href":"https:\/\/www.enorsai.com\/noticias\/wp-json\/wp\/v2\/comments?post=8395"}],"version-history":[{"count":1,"href":"https:\/\/www.enorsai.com\/noticias\/wp-json\/wp\/v2\/posts\/8395\/revisions"}],"predecessor-version":[{"id":8397,"href":"https:\/\/www.enorsai.com\/noticias\/wp-json\/wp\/v2\/posts\/8395\/revisions\/8397"}],"wp:featuredmedia":[{"embeddable":true,"href":"https:\/\/www.enorsai.com\/noticias\/wp-json\/wp\/v2\/media\/8396"}],"wp:attachment":[{"href":"https:\/\/www.enorsai.com\/noticias\/wp-json\/wp\/v2\/media?parent=8395"}],"wp:term":[{"taxonomy":"category","embeddable":true,"href":"https:\/\/www.enorsai.com\/noticias\/wp-json\/wp\/v2\/categories?post=8395"},{"taxonomy":"post_tag","embeddable":true,"href":"https:\/\/www.enorsai.com\/noticias\/wp-json\/wp\/v2\/tags?post=8395"}],"curies":[{"name":"wp","href":"https:\/\/api.w.org\/{rel}","templated":true}]}}