{"id":8391,"date":"2025-09-08T00:40:00","date_gmt":"2025-09-08T03:40:00","guid":{"rendered":"https:\/\/www.enorsai.com\/noticias\/?p=8391"},"modified":"2025-09-08T00:40:11","modified_gmt":"2025-09-08T03:40:11","slug":"la-transaccion-discursiva-de-javier-milei-autocritica-en-las-palabras-inflexibilidad-en-los-hechos","status":"publish","type":"post","link":"https:\/\/www.enorsai.com\/noticias\/politica\/la-transaccion-discursiva-de-javier-milei-autocritica-en-las-palabras-inflexibilidad-en-los-hechos\/","title":{"rendered":"La transacci\u00f3n discursiva de Javier Milei: autocr\u00edtica en las palabras, inflexibilidad en \u00a0los hechos\u00a0"},"content":{"rendered":"\n<p><strong>Por<\/strong> <em style=\"font-weight: bold;\">Federico Gonz\u00e1lez\u00a0<\/em><\/p>\n\n\n\n<p>En las elecciones provinciales del domingo, <strong>el peronismo logr\u00f3 lo que muchos&nbsp; analistas vaticinaban <\/strong>pero pocos se animaban a decir en voz alta: <strong>una victoria clara, por&nbsp; m\u00e1s de 13 puntos sobre La Libertad Avanza. <\/strong>Una diferencia tan aplastante en las urnas&nbsp; como contundente en el plano simb\u00f3lico. No fue solo un aluvi\u00f3n de votos, sino tambi\u00e9n un <strong>cachetazo que desarma la \u00e9pica oficialista de \u201cmayor\u00edas adherentes\u201d <\/strong>y desnuda la&nbsp; fragilidad del experimento libertario en el barro real de la pol\u00edtica territorial.&nbsp;<\/p>\n\n\n\n<p><strong>Se gastaron r\u00edos de tinta <\/strong>sentenciando que la gente no ir\u00eda a votar y que el&nbsp; presentismo no superar\u00eda el 50%. Sin embargo, <strong>quien escribe sostuvo con claridad que la participaci\u00f3n oscilar\u00eda entre 60 y 65%. Tal como ocurri\u00f3. <\/strong>Y todav\u00eda m\u00e1s: agregu\u00e9 que&nbsp; en octubre la concurrencia ser\u00e1 mayor. Ya veremos.&nbsp;<\/p>\n\n\n\n<p>Pero, como era tambi\u00e9n previsible, <strong>la reacci\u00f3n <\/strong>del Presiente Milei potenci\u00f3 la&nbsp; magnitud del resultado. Contrario a lo que este articulista conjeturaba, Milei no se&nbsp; present\u00f3 como un ni\u00f1o caprichoso, sino como un presidente que \u2014al menos en el plano&nbsp; manifiesto\u2014 <strong>se esforz\u00f3 en aceptar la derrota con serenidad. Reconoci\u00f3 el rev\u00e9s&nbsp; electoral, prometi\u00f3 an\u00e1lisis y autocr\u00edtica, y agradeci\u00f3 a sus fiscales y militantes. <\/strong>Hasta&nbsp; aqu\u00ed, un gesto reflexivo que sorprendi\u00f3 acaso a propios y ajenos.&nbsp;<\/p>\n\n\n\n<p><strong>Sin embargo, debajo de esa superficie parsimoniosa emergi\u00f3 tambi\u00e9n otra&nbsp; capa: la reafirmaci\u00f3n absoluta de su programa. <\/strong>Mientras en lo pol\u00edtico habl\u00f3 de&nbsp; correcciones, <strong>en lo econ\u00f3mico no concedi\u00f3 ni un mil\u00edmetro. <\/strong>El mensaje fue claro: <strong>se&nbsp; revisar\u00e1n errores de campa\u00f1a, pero no se pondr\u00e1 en duda el rumbo fiscal, monetario,&nbsp; cambiario ni la ofensiva contra una casta que, a esta altura, atraviesa el seno mismo&nbsp; de su propio gobierno. <\/strong>All\u00ed no hay rectificaci\u00f3n posible. Fue, efectivamente, un <strong>discurso transaccional: <\/strong>el deseo beligerante refrenado en las&nbsp; formas, pero satisfecho en el contenido al blindar la esencia de su proyecto.&nbsp;<\/p>\n\n\n\n<p>La psicolog\u00eda ense\u00f1a que <strong>aceptar la realidad no siempre implica cambiar de&nbsp; rumbo. <\/strong>Puede tambi\u00e9n significar absorber el golpe sin alterar la estrategia. Y eso es lo&nbsp; que hizo Milei: <strong>reconoci\u00f3 la derrota, pero la resignific\u00f3 como un \u201cpiso\u201d desde el cual&nbsp; relanzar su campa\u00f1a hacia octubre. <\/strong>No hubo bravuconadas, pero s\u00ed un desaf\u00edo impl\u00edcito:&nbsp;<\/p>\n\n\n\n<p>1&nbsp;<\/p>\n\n\n\n<figure class=\"wp-block-image size-full\"><img loading=\"lazy\" decoding=\"async\" width=\"144\" height=\"83\" src=\"https:\/\/www.enorsai.com\/noticias\/wp-content\/uploads\/2025\/09\/image.png\" alt=\"\" class=\"wp-image-8392\"\/><\/figure>\n\n\n\n<p><strong>se corregir\u00e1n errores pol\u00edticos, pero no se tocar\u00e1 el inmaculado modelo. En suma, una&nbsp; m\u00e1s de las tantas versiones del gatopardismo.&nbsp;<\/strong><\/p>\n\n\n\n<p>En el trasfondo pol\u00edtico, <strong>la derrota golpe\u00f3 de lleno al tan mentado \u201cc\u00edrculo de&nbsp; hierro\u201d: <\/strong>el presidente Javier Milei, la secretaria general de la Presidencia Karina Milei y&nbsp; el estratega Santiago Caputo. Mientras que, en el bando ganador, emergi\u00f3 un nuevo tri\u00e1ngulo: <strong>Cristina Kirchner, Axel Kicillof y Sergio Massa. <\/strong>La primera aport\u00f3 m\u00edstica,&nbsp; votos y lo que emana de haber sido colocada en el lugar de m\u00e1rtir estoica. El gobernador&nbsp; Kicillof aport\u00f3 gesti\u00f3n, convicci\u00f3n y honestidad. Por \u00faltimo, Sergio Massa, aunque en&nbsp; silencio, fue el arquitecto indispensable de la unidad: sin su aporte inteligente y&nbsp; trabajado, el triunfo no habr\u00eda sido posible.&nbsp;<\/p>\n\n\n\n<p><strong>Addendum&nbsp;<\/strong><\/p>\n\n\n\n<p><strong>El peronismo celebra, La Libertad Avanza retrocede. Milei no se enfurece,&nbsp; pero procesa y redobla la apuesta. <\/strong>Un cuadro menos estridente de lo esperado, pero&nbsp; igualmente previsible en su l\u00f3gica: <strong>autocr\u00edtica en las palabras, inflexibilidad en los&nbsp; hechos.&nbsp;<\/strong><\/p>\n","protected":false},"excerpt":{"rendered":"<p>Por Federico Gonz\u00e1lez\u00a0 En las elecciones provinciales del domingo, el peronismo logr\u00f3 lo que muchos&nbsp; analistas vaticinaban pero pocos se animaban a decir en voz alta: una victoria clara, por&nbsp; m\u00e1s de 13 puntos sobre La Libertad Avanza. Una diferencia tan aplastante en las urnas&nbsp; como contundente en el plano simb\u00f3lico. No fue solo un&#8230;<\/p>\n","protected":false},"author":4,"featured_media":8393,"comment_status":"open","ping_status":"open","sticky":false,"template":"","format":"standard","meta":{"_monsterinsights_skip_tracking":false,"_monsterinsights_sitenote_active":false,"_monsterinsights_sitenote_note":"","_monsterinsights_sitenote_category":0,"footnotes":"","jetpack_publicize_message":"La transacci\u00f3n discursiva de Javier Milei: autocr\u00edtica en las palabras, inflexibilidad en \u00a0los hechos","jetpack_publicize_feature_enabled":true,"jetpack_social_post_already_shared":false,"jetpack_social_options":{"image_generator_settings":{"template":"highway","default_image_id":0,"font":"","enabled":false},"version":2}},"categories":[17,2],"tags":[58,93,238,700,2614,43,15,190,3439,3080,2529,2140,45,363,2195,72],"class_list":["post-8391","post","type-post","status-publish","format-standard","has-post-thumbnail","hentry","category-opinion","category-politica","tag-ajuste","tag-argentina","tag-axel-kicillof","tag-axel-kicillof-peronismo","tag-axel-kicillof-2","tag-crisis","tag-economia","tag-elecciones","tag-elecciones-provincia-de-buenos-aires","tag-federico-gonzalez","tag-fuerza-patria","tag-fuerzasdelcielo","tag-milei","tag-peronismo","tag-politica-2","tag-politica"],"jetpack_publicize_connections":[],"_links":{"self":[{"href":"https:\/\/www.enorsai.com\/noticias\/wp-json\/wp\/v2\/posts\/8391","targetHints":{"allow":["GET"]}}],"collection":[{"href":"https:\/\/www.enorsai.com\/noticias\/wp-json\/wp\/v2\/posts"}],"about":[{"href":"https:\/\/www.enorsai.com\/noticias\/wp-json\/wp\/v2\/types\/post"}],"author":[{"embeddable":true,"href":"https:\/\/www.enorsai.com\/noticias\/wp-json\/wp\/v2\/users\/4"}],"replies":[{"embeddable":true,"href":"https:\/\/www.enorsai.com\/noticias\/wp-json\/wp\/v2\/comments?post=8391"}],"version-history":[{"count":1,"href":"https:\/\/www.enorsai.com\/noticias\/wp-json\/wp\/v2\/posts\/8391\/revisions"}],"predecessor-version":[{"id":8394,"href":"https:\/\/www.enorsai.com\/noticias\/wp-json\/wp\/v2\/posts\/8391\/revisions\/8394"}],"wp:featuredmedia":[{"embeddable":true,"href":"https:\/\/www.enorsai.com\/noticias\/wp-json\/wp\/v2\/media\/8393"}],"wp:attachment":[{"href":"https:\/\/www.enorsai.com\/noticias\/wp-json\/wp\/v2\/media?parent=8391"}],"wp:term":[{"taxonomy":"category","embeddable":true,"href":"https:\/\/www.enorsai.com\/noticias\/wp-json\/wp\/v2\/categories?post=8391"},{"taxonomy":"post_tag","embeddable":true,"href":"https:\/\/www.enorsai.com\/noticias\/wp-json\/wp\/v2\/tags?post=8391"}],"curies":[{"name":"wp","href":"https:\/\/api.w.org\/{rel}","templated":true}]}}