{"id":839,"date":"2025-02-07T21:41:38","date_gmt":"2025-02-08T00:41:38","guid":{"rendered":"https:\/\/www.enorsai.com\/noticias\/?p=839"},"modified":"2025-07-04T18:51:14","modified_gmt":"2025-07-04T21:51:14","slug":"el-gobierno-de-javier-milei-y-su-postura-frente-al-consejo-de-derechos-humanos-de-la-onu","status":"publish","type":"post","link":"https:\/\/www.enorsai.com\/noticias\/derechos-humanos\/el-gobierno-de-javier-milei-y-su-postura-frente-al-consejo-de-derechos-humanos-de-la-onu\/","title":{"rendered":"El Gobierno de Javier Milei y su postura frente al Consejo de Derechos Humanos de la ONU"},"content":{"rendered":"\n<p>El gobierno de Javier Milei ha mostrado una postura cr\u00edtica hacia el Consejo de Derechos Humanos de las Naciones Unidas (ONU), llegando a evaluar la posibilidad de retirar a la Argentina de dicho organismo. Esta decisi\u00f3n se suma a otras acciones pol\u00e9micas del gobierno, como el retiro de la Argentina de la Organizaci\u00f3n Mundial de la Salud (OMS) y la intenci\u00f3n de abandonar el Acuerdo de Par\u00eds sobre el cambio clim\u00e1tico.<\/p>\n\n\n\n<p><strong>La importancia de la participaci\u00f3n de la Argentina en el Consejo de Derechos Humanos de la ONU<\/strong><\/p>\n\n\n\n<p>La presencia de la Argentina en el Consejo de Derechos Humanos de la ONU es fundamental para la promoci\u00f3n y protecci\u00f3n de los derechos humanos en el pa\u00eds y en la regi\u00f3n. El Consejo es un espacio clave para denunciar violaciones de derechos humanos, promover la cooperaci\u00f3n internacional en la materia y fortalecer las instituciones democr\u00e1ticas.<\/p>\n\n\n\n<p>La participaci\u00f3n de la Argentina en el Consejo tambi\u00e9n es importante para mantener el di\u00e1logo y la cooperaci\u00f3n con otros pa\u00edses en materia de derechos humanos, as\u00ed como para recibir asistencia t\u00e9cnica y financiera para fortalecer las capacidades nacionales en esta \u00e1rea.<\/p>\n\n\n\n<p><strong>El retiro de dictadores del Consejo de Derechos Humanos de la ONU<\/strong><\/p>\n\n\n\n<p>A lo largo de la historia, varios pa\u00edses con reg\u00edmenes dictatoriales y autoritarios se han retirado del Consejo de Derechos Humanos de la ONU o han sido expulsados del mismo debido a sus graves violaciones de derechos humanos. Algunos ejemplos son la Alemania Nazi, la Uni\u00f3n Sovi\u00e9tica, Chile durante la dictadura de Pinochet y la Sud\u00e1frica del Apartheid.<\/p>\n\n\n\n<p>El retiro de estos reg\u00edmenes del Consejo de Derechos Humanos de la ONU evidencia que este organismo es un espacio inc\u00f3modo para aquellos que violan los derechos humanos de sus ciudadanos. La presi\u00f3n internacional y el escrutinio p\u00fablico que ejerce el Consejo pueden ser una herramienta efectiva para denunciar y aislar a los reg\u00edmenes autoritarios.<\/p>\n\n\n\n<p><strong>Conclusi\u00f3n<\/strong><\/p>\n\n\n\n<p>La decisi\u00f3n del gobierno de Javier Milei de evaluar el retiro de la Argentina del Consejo de Derechos Humanos de la ONU es preocupante y va en contra de la tradici\u00f3n del pa\u00eds en materia de derechos humanos. La Argentina ha sido un actor clave en la promoci\u00f3n y protecci\u00f3n de los derechos humanos a nivel internacional, y su participaci\u00f3n en el Consejo es fundamental para seguir avanzando en esta agenda.<\/p>\n\n\n\n<p>Es importante recordar que los derechos humanos son universales e inalienables, y que todos los pa\u00edses tienen la obligaci\u00f3n de respetarlos y protegerlos. El Consejo de Derechos Humanos de la ONU es un espacio fundamental para garantizar el cumplimiento de esta obligaci\u00f3n y para denunciar las violaciones de derechos humanos que se cometen en todo el mundo.<\/p>\n","protected":false},"excerpt":{"rendered":"<p>El gobierno de Javier Milei ha mostrado una postura cr\u00edtica hacia el Consejo de Derechos Humanos de las Naciones Unidas (ONU), llegando a evaluar la posibilidad de retirar a la Argentina de dicho organismo. Esta decisi\u00f3n se suma a otras acciones pol\u00e9micas del gobierno, como el retiro de la Argentina de la Organizaci\u00f3n Mundial de&#8230;<\/p>\n","protected":false},"author":4,"featured_media":841,"comment_status":"open","ping_status":"open","sticky":false,"template":"","format":"standard","meta":{"_monsterinsights_skip_tracking":false,"_monsterinsights_sitenote_active":false,"_monsterinsights_sitenote_note":"","_monsterinsights_sitenote_category":0,"footnotes":"","jetpack_publicize_message":"","jetpack_publicize_feature_enabled":true,"jetpack_social_post_already_shared":true,"jetpack_social_options":{"image_generator_settings":{"template":"highway","default_image_id":0,"font":"","enabled":false},"version":2}},"categories":[1908],"tags":[299,78,207,45,300],"class_list":["post-839","post","type-post","status-publish","format-standard","has-post-thumbnail","hentry","category-derechos-humanos","tag-consejo-de-derechos-humanos-de-la-onu","tag-derechos-humanos","tag-dictadura","tag-milei","tag-nazi"],"jetpack_publicize_connections":[],"_links":{"self":[{"href":"https:\/\/www.enorsai.com\/noticias\/wp-json\/wp\/v2\/posts\/839","targetHints":{"allow":["GET"]}}],"collection":[{"href":"https:\/\/www.enorsai.com\/noticias\/wp-json\/wp\/v2\/posts"}],"about":[{"href":"https:\/\/www.enorsai.com\/noticias\/wp-json\/wp\/v2\/types\/post"}],"author":[{"embeddable":true,"href":"https:\/\/www.enorsai.com\/noticias\/wp-json\/wp\/v2\/users\/4"}],"replies":[{"embeddable":true,"href":"https:\/\/www.enorsai.com\/noticias\/wp-json\/wp\/v2\/comments?post=839"}],"version-history":[{"count":2,"href":"https:\/\/www.enorsai.com\/noticias\/wp-json\/wp\/v2\/posts\/839\/revisions"}],"predecessor-version":[{"id":847,"href":"https:\/\/www.enorsai.com\/noticias\/wp-json\/wp\/v2\/posts\/839\/revisions\/847"}],"wp:featuredmedia":[{"embeddable":true,"href":"https:\/\/www.enorsai.com\/noticias\/wp-json\/wp\/v2\/media\/841"}],"wp:attachment":[{"href":"https:\/\/www.enorsai.com\/noticias\/wp-json\/wp\/v2\/media?parent=839"}],"wp:term":[{"taxonomy":"category","embeddable":true,"href":"https:\/\/www.enorsai.com\/noticias\/wp-json\/wp\/v2\/categories?post=839"},{"taxonomy":"post_tag","embeddable":true,"href":"https:\/\/www.enorsai.com\/noticias\/wp-json\/wp\/v2\/tags?post=839"}],"curies":[{"name":"wp","href":"https:\/\/api.w.org\/{rel}","templated":true}]}}