{"id":8366,"date":"2025-09-07T08:28:47","date_gmt":"2025-09-07T11:28:47","guid":{"rendered":"https:\/\/www.enorsai.com\/noticias\/?p=8366"},"modified":"2025-09-07T08:28:51","modified_gmt":"2025-09-07T11:28:51","slug":"kicillof-apuesta-a-consolidar-mayoria-legislativa-en-una-eleccion-clave-para-la-provincia","status":"publish","type":"post","link":"https:\/\/www.enorsai.com\/noticias\/politica\/kicillof-apuesta-a-consolidar-mayoria-legislativa-en-una-eleccion-clave-para-la-provincia\/","title":{"rendered":"Kicillof apuesta a consolidar mayor\u00eda legislativa en una elecci\u00f3n clave para la provincia"},"content":{"rendered":"\n<p>Buenos Aires se prepara para una elecci\u00f3n que definir\u00e1 buena parte del tablero pol\u00edtico de la provincia en los pr\u00f3ximos a\u00f1os. Este domingo, m\u00e1s de 14 millones de bonaerenses elegir\u00e1n diputados y senadores provinciales que renovar\u00e1n la mitad de la Legislatura y acompa\u00f1ar\u00e1n el tramo final del segundo mandato de Axel Kicillof. Lo que est\u00e1 en juego es mucho m\u00e1s que bancas: es la correlaci\u00f3n de fuerzas que marcar\u00e1 la gobernabilidad en la provincia m\u00e1s grande e influyente del pa\u00eds.<\/p>\n\n\n\n<p>El oficialismo, que pasar\u00e1 a denominarse Fuerza Patria, sabe que necesita sumar para garantizarle a Kicillof la musculatura pol\u00edtica que le permita transitar los pr\u00f3ximos dos a\u00f1os sin depender en exceso de negociaciones con bloques opositores. La oposici\u00f3n, fragmentada en m\u00faltiples expresiones, apuesta a consolidar espacios con la mirada puesta en 2027, cuando se abra la carrera por la sucesi\u00f3n provincial.<\/p>\n\n\n\n<p>En la C\u00e1mara de Diputados se renuevan 46 de las 92 bancas. Hoy, el peronismo cuenta con 37, lo que no le alcanza para avanzar sin acuerdos. PRO y La Libertad Avanza suman entre ambos 25, mientras que el radicalismo, con sus distintas vertientes, conserva 15. La izquierda, la Coalici\u00f3n C\u00edvica, peque\u00f1os bloques vecinalistas y unipersonales completan el mosaico de una c\u00e1mara donde nada se define sin alianzas.<\/p>\n\n\n\n<p>La Segunda secci\u00f3n aparece como escenario clave, marcada por la irrupci\u00f3n del partido Hechos, de los hermanos Passaglia, que amenaza el predominio tradicional del peronismo y de la UCR. En la Tercera, verdadero basti\u00f3n peronista, se pone en juego un lote importante de bancas que el oficialismo aspira a retener para sostener su hist\u00f3rica supremac\u00eda. En la Sexta, con Bah\u00eda Blanca como eje, las bancas peronistas y las de los amarillos dependen de una elecci\u00f3n marcada por el impacto del \u00faltimo temporal. Y en la Octava, La Plata, tanto oficialismo como oposici\u00f3n arriesgan nombres de peso.<\/p>\n\n\n\n<p>En el Senado se juegan 30 de las 46 bancas y el peronismo parte con ventaja pero sin mayor\u00eda propia. La Primera secci\u00f3n es el plato fuerte: all\u00ed se eligen ocho senadores y ninguno de los actuales ir\u00e1 por la reelecci\u00f3n. Figuran nombres pesados como Teresa Garc\u00eda, Christian Gribaudo y Joaqu\u00edn De la Torre, que dejar\u00e1n su lugar a un nuevo elenco con Gabriel Katopodis encabezando la boleta oficialista y Daniela Reich por el lado de los libertarios.<\/p>\n\n\n\n<p>La Cuarta secci\u00f3n es otra parada decisiva: con Pablo Petrecca al frente de Somos Buenos Aires, se abre un foco de tensi\u00f3n en la alianza opositora entre PRO y libertarios. Ninguno de los actuales senadores repetir\u00e1, y eso abre un escenario de renovaci\u00f3n total. La Quinta, con Mar del Plata como epicentro, aparece como una de las apuestas de La Libertad Avanza para acortar distancias con el peronismo, mientras que en la S\u00e9ptima, la m\u00e1s chica, tambi\u00e9n habr\u00e1 recambio completo.<\/p>\n\n\n\n<p>La elecci\u00f3n de este domingo no solo definir\u00e1 qui\u00e9nes ocupar\u00e1n las bancas legislativas hasta 2029, sino tambi\u00e9n la fortaleza pol\u00edtica de Axel Kicillof para gobernar. Fuerza Patria buscar\u00e1 reforzar su posici\u00f3n, La Libertad Avanza y el PRO intentar\u00e1n consolidar su alianza electoral pese a las tensiones internas, el radicalismo fragmentado quiere recuperar protagonismo, y la izquierda junto a nuevos espacios menores apuestan a sostener la representaci\u00f3n que les permita incidir en un recinto atravesado por la negociaci\u00f3n permanente.<\/p>\n\n\n\n<p>Lo que suceda en las urnas bonaerenses marcar\u00e1 el pulso pol\u00edtico de la provincia en los pr\u00f3ximos dos a\u00f1os, pero tambi\u00e9n empezar\u00e1 a escribir, en clave de proyecci\u00f3n, el escenario de la disputa por la gobernaci\u00f3n en 2027.<\/p>\n","protected":false},"excerpt":{"rendered":"<p>Buenos Aires se prepara para una elecci\u00f3n que definir\u00e1 buena parte del tablero pol\u00edtico de la provincia en los pr\u00f3ximos a\u00f1os. Este domingo, m\u00e1s de 14 millones de bonaerenses elegir\u00e1n diputados y senadores provinciales que renovar\u00e1n la mitad de la Legislatura y acompa\u00f1ar\u00e1n el tramo final del segundo mandato de Axel Kicillof. Lo que est\u00e1&#8230;<\/p>\n","protected":false},"author":1,"featured_media":8367,"comment_status":"open","ping_status":"open","sticky":false,"template":"","format":"standard","meta":{"_monsterinsights_skip_tracking":false,"_monsterinsights_sitenote_active":false,"_monsterinsights_sitenote_note":"","_monsterinsights_sitenote_category":0,"footnotes":"","jetpack_publicize_message":"","jetpack_publicize_feature_enabled":true,"jetpack_social_post_already_shared":true,"jetpack_social_options":{"image_generator_settings":{"template":"highway","default_image_id":0,"font":"","enabled":false},"version":2}},"categories":[2],"tags":[],"class_list":["post-8366","post","type-post","status-publish","format-standard","has-post-thumbnail","hentry","category-politica"],"jetpack_publicize_connections":[],"_links":{"self":[{"href":"https:\/\/www.enorsai.com\/noticias\/wp-json\/wp\/v2\/posts\/8366","targetHints":{"allow":["GET"]}}],"collection":[{"href":"https:\/\/www.enorsai.com\/noticias\/wp-json\/wp\/v2\/posts"}],"about":[{"href":"https:\/\/www.enorsai.com\/noticias\/wp-json\/wp\/v2\/types\/post"}],"author":[{"embeddable":true,"href":"https:\/\/www.enorsai.com\/noticias\/wp-json\/wp\/v2\/users\/1"}],"replies":[{"embeddable":true,"href":"https:\/\/www.enorsai.com\/noticias\/wp-json\/wp\/v2\/comments?post=8366"}],"version-history":[{"count":1,"href":"https:\/\/www.enorsai.com\/noticias\/wp-json\/wp\/v2\/posts\/8366\/revisions"}],"predecessor-version":[{"id":8368,"href":"https:\/\/www.enorsai.com\/noticias\/wp-json\/wp\/v2\/posts\/8366\/revisions\/8368"}],"wp:featuredmedia":[{"embeddable":true,"href":"https:\/\/www.enorsai.com\/noticias\/wp-json\/wp\/v2\/media\/8367"}],"wp:attachment":[{"href":"https:\/\/www.enorsai.com\/noticias\/wp-json\/wp\/v2\/media?parent=8366"}],"wp:term":[{"taxonomy":"category","embeddable":true,"href":"https:\/\/www.enorsai.com\/noticias\/wp-json\/wp\/v2\/categories?post=8366"},{"taxonomy":"post_tag","embeddable":true,"href":"https:\/\/www.enorsai.com\/noticias\/wp-json\/wp\/v2\/tags?post=8366"}],"curies":[{"name":"wp","href":"https:\/\/api.w.org\/{rel}","templated":true}]}}