{"id":8365,"date":"2025-09-06T22:11:07","date_gmt":"2025-09-07T01:11:07","guid":{"rendered":"https:\/\/www.enorsai.com\/noticias\/politica\/mientras-milei-improvisa-kicillof-garantiza-estabilidad-y-proteccion-social-en-buenos-aires\/"},"modified":"2025-09-06T22:11:07","modified_gmt":"2025-09-07T01:11:07","slug":"mientras-milei-improvisa-kicillof-garantiza-estabilidad-y-proteccion-social-en-buenos-aires","status":"publish","type":"post","link":"https:\/\/www.enorsai.com\/noticias\/politica\/mientras-milei-improvisa-kicillof-garantiza-estabilidad-y-proteccion-social-en-buenos-aires\/","title":{"rendered":"Mientras Milei improvisa, Kicillof garantiza estabilidad y protecci\u00f3n social en Buenos Aires"},"content":{"rendered":"\n<p>Axel Kicillof sale fortalecido de las elecciones bonaerenses y se planta como uno de los pocos dirigentes con capacidad real de combinar gesti\u00f3n, sensibilidad social y una visi\u00f3n econ\u00f3mica consistente frente a un escenario nacional marcado por la incertidumbre. Mientras otros gobiernan desde la improvisaci\u00f3n o la especulaci\u00f3n financiera, el mandatario provincial mostr\u00f3 durante la campa\u00f1a \u2014y en la gesti\u00f3n diaria\u2014 que es posible administrar con responsabilidad sin abandonar a los sectores populares ni resignar el desarrollo productivo.<br><br>La provincia de Buenos Aires, epicentro de la actividad industrial y del consumo interno, se convierte en el verdadero laboratorio de resistencia frente al ajuste que promueve el Gobierno nacional. Kicillof no solo supo blindar \u00e1reas sensibles como la educaci\u00f3n, la salud y la obra p\u00fablica, sino que tambi\u00e9n gener\u00f3 condiciones para que el mercado interno se sostenga, a\u00fan en medio de la presi\u00f3n inflacionaria y la sequ\u00eda de financiamiento. Su apuesta por una pol\u00edtica econ\u00f3mica heterodoxa, con fuerte presencia del Estado, marca un contraste evidente con el rumbo nacional que privilegia la especulaci\u00f3n por encima de la producci\u00f3n.<br><br>El gobernador bonaerense entendi\u00f3 que la inflaci\u00f3n no se combate con recetas de manual ni con slogans de campa\u00f1a, sino con medidas concretas que protejan a las familias trabajadoras: programas de precios cuidados en alimentos y medicamentos, inversi\u00f3n en infraestructura escolar y sanitaria, y un paquete de est\u00edmulo al consumo que se traduce en dinamismo econ\u00f3mico en los distritos m\u00e1s golpeados. Frente al mercado que presiona con tasas usurarias y exige ajustes permanentes, Kicillof responde con planificaci\u00f3n y una convicci\u00f3n pol\u00edtica que no se rinde ante los dictados del poder financiero.<br><br>La acumulaci\u00f3n de reservas, la estabilidad del d\u00f3lar y la necesidad de refinanciar deuda son desaf\u00edos que exceden a una provincia, pero en ese escenario Kicillof aporta previsibilidad. Con una administraci\u00f3n ordenada, mantiene las cuentas p\u00fablicas bajo control sin resignar inversi\u00f3n social ni transferir el costo a los sectores m\u00e1s d\u00e9biles. Esa capacidad de equilibrio es la que lo diferencia: no recorta por recortar, sino que prioriza a los bonaerenses.<br><br>De cara al futuro inmediato, Kicillof aparece no solo como un referente provincial, sino como un dirigente de peso nacional. Su triunfo electoral no es solamente un hecho pol\u00edtico en Buenos Aires: es la confirmaci\u00f3n de que existe un modelo alternativo, capaz de enfrentar a la especulaci\u00f3n financiera y al ajuste con crecimiento, inclusi\u00f3n y dignidad para las mayor\u00edas. En tiempos de incertidumbre, su figura se consolida como garant\u00eda de estabilidad y horizonte pol\u00edtico para la Argentina que vendr\u00e1.<\/p>\n","protected":false},"excerpt":{"rendered":"<p>Axel Kicillof sale fortalecido de las elecciones bonaerenses y se planta como uno de los pocos dirigentes con capacidad real de combinar gesti\u00f3n, sensibilidad social y una visi\u00f3n econ\u00f3mica consistente frente a un escenario nacional marcado por la incertidumbre. Mientras otros gobiernan desde la improvisaci\u00f3n o la especulaci\u00f3n financiera, el mandatario provincial mostr\u00f3 durante la&#8230;<\/p>\n","protected":false},"author":1,"featured_media":8364,"comment_status":"open","ping_status":"open","sticky":false,"template":"","format":"standard","meta":{"_monsterinsights_skip_tracking":false,"_monsterinsights_sitenote_active":false,"_monsterinsights_sitenote_note":"","_monsterinsights_sitenote_category":0,"footnotes":"","jetpack_publicize_message":"","jetpack_publicize_feature_enabled":true,"jetpack_social_post_already_shared":true,"jetpack_social_options":{"image_generator_settings":{"template":"highway","default_image_id":0,"font":"","enabled":false},"version":2}},"categories":[2],"tags":[],"class_list":["post-8365","post","type-post","status-publish","format-standard","has-post-thumbnail","hentry","category-politica"],"jetpack_publicize_connections":[],"_links":{"self":[{"href":"https:\/\/www.enorsai.com\/noticias\/wp-json\/wp\/v2\/posts\/8365","targetHints":{"allow":["GET"]}}],"collection":[{"href":"https:\/\/www.enorsai.com\/noticias\/wp-json\/wp\/v2\/posts"}],"about":[{"href":"https:\/\/www.enorsai.com\/noticias\/wp-json\/wp\/v2\/types\/post"}],"author":[{"embeddable":true,"href":"https:\/\/www.enorsai.com\/noticias\/wp-json\/wp\/v2\/users\/1"}],"replies":[{"embeddable":true,"href":"https:\/\/www.enorsai.com\/noticias\/wp-json\/wp\/v2\/comments?post=8365"}],"version-history":[{"count":0,"href":"https:\/\/www.enorsai.com\/noticias\/wp-json\/wp\/v2\/posts\/8365\/revisions"}],"wp:featuredmedia":[{"embeddable":true,"href":"https:\/\/www.enorsai.com\/noticias\/wp-json\/wp\/v2\/media\/8364"}],"wp:attachment":[{"href":"https:\/\/www.enorsai.com\/noticias\/wp-json\/wp\/v2\/media?parent=8365"}],"wp:term":[{"taxonomy":"category","embeddable":true,"href":"https:\/\/www.enorsai.com\/noticias\/wp-json\/wp\/v2\/categories?post=8365"},{"taxonomy":"post_tag","embeddable":true,"href":"https:\/\/www.enorsai.com\/noticias\/wp-json\/wp\/v2\/tags?post=8365"}],"curies":[{"name":"wp","href":"https:\/\/api.w.org\/{rel}","templated":true}]}}