{"id":8329,"date":"2025-09-05T08:29:50","date_gmt":"2025-09-05T11:29:50","guid":{"rendered":"https:\/\/www.enorsai.com\/noticias\/?p=8329"},"modified":"2025-09-05T08:29:58","modified_gmt":"2025-09-05T11:29:58","slug":"historico-el-senado-rechaza-el-veto-de-milei-y-promulga-la-ley-de-emergencia-en-discapacidad","status":"publish","type":"post","link":"https:\/\/www.enorsai.com\/noticias\/politica\/historico-el-senado-rechaza-el-veto-de-milei-y-promulga-la-ley-de-emergencia-en-discapacidad\/","title":{"rendered":"Hist\u00f3rico: el Senado rechaza el veto de Milei y promulga la Ley de Emergencia en Discapacidad"},"content":{"rendered":"\n<p>Por Redacci\u00f3n Enorsai<\/p>\n\n\n\n<p>Con 63 votos a favor y solo 7 en contra, el Senado de la Naci\u00f3n convirti\u00f3 en Ley \u2013por encima del veto presidencial y por primera vez en 22 a\u00f1os\u2013 la Emergencia en Discapacidad, garantizando derechos y prestaciones esenciales para miles de familias. Organizaciones y el Foro Permanente para la Defensa de los Derechos de las Personas con Discapacidad celebran un paso \u201chist\u00f3rico e irrebatible\u201d, reclamando transparencia y justicia ante las amenazas de recorte y esc\u00e1ndalos de corrupci\u00f3n.<a href=\"https:\/\/www.rtve.es\/noticias\/20250905\/parlamento-revierte-veto-milei-ley-discapacidad-hecho-inedito\/16717600.shtml\" target=\"_blank\" rel=\"noreferrer noopener\">[RTVE]<\/a><a href=\"https:\/\/www.infobae.com\/politica\/2025\/09\/04\/senado-la-oposicion-dejo-sin-efecto-el-veto-de-milei-y-reactivo-la-ley-de-emergencia-en-discapacidad\/\" target=\"_blank\" rel=\"noreferrer noopener\">[Infobae]<\/a><\/p>\n\n\n\n<h2 class=\"wp-block-heading\">Un triunfo para la lucha colectiva: triunfo hist\u00f3rico del movimiento por la discapacidad<\/h2>\n\n\n\n<p>El Foro Permanente para la Promoci\u00f3n y la Defensa de los Derechos de las Personas con Discapacidad calific\u00f3 la decisi\u00f3n del Congreso como \u201cfruto de la lucha colectiva de familias, personas con discapacidad, prestadores y organizaciones\u201d. Con movilizaciones y presi\u00f3n social masiva en todo el pa\u00eds, lograron forzar la promulgaci\u00f3n de la ley con votos de la amplia mayor\u00eda opositora y sectores del radicalismo y PRO.<a href=\"https:\/\/www.pagina12.com.ar\/855079-como-voto-cada-senador-el-rechazo-al-veto-presidencial-a-la-\" target=\"_blank\" rel=\"noreferrer noopener\">[P\u00e1gina12]<\/a><\/p>\n\n\n\n<ul class=\"wp-block-list\">\n<li>La Ley garantiza continuidad de prestaciones b\u00e1sicas y esenciales, actualizaci\u00f3n autom\u00e1tica de aranceles para prestadores y revisi\u00f3n mensual de pensiones no contributivas, protegiendo a un sector gravemente golpeado por el ajuste.<a href=\"https:\/\/asac.org.ar\/ley-emergencia-discapacidad-argentina-2025\/\" target=\"_blank\" rel=\"noreferrer noopener\">[ASAC]<\/a><\/li>\n\n\n\n<li>\u201cToda una sociedad acompa\u00f1\u00f3 a los senadores para lograr esta ley, que da respiro y reconocimiento a quienes m\u00e1s lo necesitan\u201d, celebr\u00f3 Pablo Molero, coordinador del Foro.<\/li>\n<\/ul>\n\n\n\n<h2 class=\"wp-block-heading\">Corrupci\u00f3n, auditor\u00edas y contexto de crisis: el trasfondo de la emergencia<\/h2>\n\n\n\n<p>La votaci\u00f3n se dio en medio de un esc\u00e1ndalo de alcance nacional: audios y documentos comprometen al director de la ANDIS, Diego Spagnuolo, en millonarios negociados y coimas en la distribuci\u00f3n de fondos de medicamentos para discapacidad. El Foro exige que la justicia \u201cavance con celeridad\u201d y que se esclarezca si altos funcionarios, incluido el presidente Milei, fueron notificados y omitieron actuar.<a href=\"https:\/\/www.infobae.com\/politica\/2025\/09\/04\/senado-la-oposicion-dejo-sin-efecto-el-veto-de-milei-y-reactivo-la-ley-de-emergencia-en-discapacidad\/\" target=\"_blank\" rel=\"noreferrer noopener\">[Infobae]<\/a><\/p>\n\n\n\n<ul class=\"wp-block-list\">\n<li>\u201cEs indispensable saber si quienes denunciaban corruptelas participaron o encubrieron maniobras il\u00edcitas con fondos p\u00fablicos\u201d, sostiene el Foro.<\/li>\n\n\n\n<li>Las auditor\u00edas son necesarias, pero el silencio sobre actos il\u00edcitos es inaceptable para el movimiento de discapacidad.<\/li>\n\n\n\n<li>{Problemas cr\u00edticos persisten: falta de prestaciones, aranceles desactualizados, bajos salarios para trabajadores de talleres protegidos y penurias cotidianas de las familias.<\/li>\n<\/ul>\n\n\n\n<p><strong>Infograf\u00eda | Claves de la Ley de Emergencia en Discapacidad<\/strong><\/p>\n\n\n\n<figure class=\"wp-block-table\"><table class=\"has-fixed-layout\"><tbody><tr><th>Eje<\/th><th>Detalle<\/th><\/tr><tr><td>Vigencia<\/td><td>Hasta el 31\/12\/2026, prorrogable un a\u00f1o m\u00e1s<\/td><\/tr><tr><td>Impacto fiscal<\/td><td>Entre el 0,28% y 0,51% del PBI, seg\u00fan el Congreso<\/td><\/tr><tr><td>Prestaciones<\/td><td>Garant\u00eda de continuidad y actualizaci\u00f3n autom\u00e1tica de aranceles<\/td><\/tr><tr><td>Pensiones<\/td><td>Revisi\u00f3n mensual y cobertura garantizada<\/td><\/tr><tr><td>Control<\/td><td>Rendici\u00f3n de cuentas y transparencia reforzadas por presi\u00f3n social y judicial<\/td><\/tr><\/tbody><\/table><\/figure>\n\n\n\n<h2 class=\"wp-block-heading\">Conclusi\u00f3n: victoria institucional y desaf\u00edo permanente<\/h2>\n\n\n\n<p>La promulgaci\u00f3n de la ley es celebrada como un \u201crespiro\u201d, pero las organizaciones advierten que la crisis contin\u00faa y exigen vigilancia sobre su cumplimiento real y el avance de las causas de corrupci\u00f3n. \u201cLa transparencia y el respeto a la dignidad humana son pilares irrenunciables de la democracia\u201d, se\u00f1ala el Foro.<\/p>\n\n\n\n<p>M\u00e1s cobertura, actas y voces de protagonistas, en <a href=\"https:\/\/www.infobae.com\/politica\/2025\/09\/04\/senado-la-oposicion-dejo-sin-efecto-el-veto-de-milei-y-reactivo-la-ley-de-emergencia-en-discapacidad\/\">Infobae<\/a>, <a href=\"https:\/\/www.pagina12.com.ar\/855079-como-voto-cada-senador-el-rechazo-al-veto-presidencial-a-la-\" target=\"_blank\" rel=\"noreferrer noopener\">P\u00e1gina12<\/a> y <a href=\"https:\/\/www.rtve.es\/noticias\/20250905\/parlamento-revierte-veto-milei-ley-discapacidad-hecho-inedito\/16717600.shtml\" target=\"_blank\" rel=\"noreferrer noopener\">RTVE<\/a>.<\/p>\n\n\n\n<p><strong>Reflexi\u00f3n final:<\/strong> La ley de emergencia en discapacidad es un triunfo c\u00edvico, pero la lucha por transparencia y derechos sigue. Las organizaciones convocan a defender lo conquistado y exigir justicia ante cualquier atropello.<\/p>\n\n\n\n<p>Dejanos tu testimonio a <a href=\"mailto:enorsaionline@gmail.com\">enorsaionline@gmail.com<\/a><\/p>\n\n\n\n<h2 class=\"wp-block-heading\">Preguntas frecuentes sobre la Ley de Emergencia en Discapacidad<\/h2>\n\n\n\n<h3 class=\"wp-block-heading\">\u00bfQu\u00e9 implica la Ley de Emergencia en Discapacidad?<\/h3>\n\n\n\n<p>Garantiza servicios, pensiones y aranceles adecuados para personas con discapacidad hasta diciembre de 2026, con ajustes regulares.<\/p>\n\n\n\n<h3 class=\"wp-block-heading\">\u00bfPor qu\u00e9 es hist\u00f3rica esta votaci\u00f3n?<\/h3>\n\n\n\n<p>Por primera vez desde 2003 el Senado rechaza (por dos tercios) un veto total del Ejecutivo, fortaleciendo la divisi\u00f3n de poderes.<\/p>\n\n\n\n<h3 class=\"wp-block-heading\">\u00bfQu\u00e9 denuncias de corrupci\u00f3n rodearon la ley?<\/h3>\n\n\n\n<p>Audios y documentos comprometen a funcionarios de ANDIS y se\u00f1alan presuntas coimas en el \u00e1rea de medicamentos, ya bajo investigaci\u00f3n judicial.<\/p>\n\n\n\n<h3 class=\"wp-block-heading\">\u00bfD\u00f3nde seguir el tema y denunciar irregularidades?<\/h3>\n\n\n\n<p>Enorsai, P\u00e1gina12, Infobae y el Foro Permanente publican novedades y recogen testimonios afectados en todo el pa\u00eds.<\/p>\n","protected":false},"excerpt":{"rendered":"<p>Por Redacci\u00f3n Enorsai Con 63 votos a favor y solo 7 en contra, el Senado de la Naci\u00f3n convirti\u00f3 en Ley \u2013por encima del veto presidencial y por primera vez en 22 a\u00f1os\u2013 la Emergencia en Discapacidad, garantizando derechos y prestaciones esenciales para miles de familias. Organizaciones y el Foro Permanente para la Defensa de&#8230;<\/p>\n","protected":false},"author":4,"featured_media":8330,"comment_status":"open","ping_status":"open","sticky":false,"template":"","format":"standard","meta":{"_monsterinsights_skip_tracking":false,"_monsterinsights_sitenote_active":false,"_monsterinsights_sitenote_note":"","_monsterinsights_sitenote_category":0,"footnotes":"","jetpack_publicize_message":"Hist\u00f3rico: el Senado derrot\u00f3 el veto de Milei y promulg\u00f3 la Ley de Emergencia en Discapacidad\n\n","jetpack_publicize_feature_enabled":true,"jetpack_social_post_already_shared":false,"jetpack_social_options":{"image_generator_settings":{"template":"highway","default_image_id":0,"font":"","enabled":false},"version":2}},"categories":[2,4],"tags":[3248,202,75,78,900,854,70,1823,45,3145,647,3213,769,1487],"class_list":["post-8329","post","type-post","status-publish","format-standard","has-post-thumbnail","hentry","category-politica","category-sociedad","tag-andis","tag-aranceles","tag-corrupcion","tag-derechos-humanos","tag-discapacidad","tag-emergencia","tag-justicia","tag-ley","tag-milei","tag-prestaciones","tag-senado","tag-spagnuolo","tag-transparencia","tag-veto"],"jetpack_publicize_connections":[],"_links":{"self":[{"href":"https:\/\/www.enorsai.com\/noticias\/wp-json\/wp\/v2\/posts\/8329","targetHints":{"allow":["GET"]}}],"collection":[{"href":"https:\/\/www.enorsai.com\/noticias\/wp-json\/wp\/v2\/posts"}],"about":[{"href":"https:\/\/www.enorsai.com\/noticias\/wp-json\/wp\/v2\/types\/post"}],"author":[{"embeddable":true,"href":"https:\/\/www.enorsai.com\/noticias\/wp-json\/wp\/v2\/users\/4"}],"replies":[{"embeddable":true,"href":"https:\/\/www.enorsai.com\/noticias\/wp-json\/wp\/v2\/comments?post=8329"}],"version-history":[{"count":1,"href":"https:\/\/www.enorsai.com\/noticias\/wp-json\/wp\/v2\/posts\/8329\/revisions"}],"predecessor-version":[{"id":8331,"href":"https:\/\/www.enorsai.com\/noticias\/wp-json\/wp\/v2\/posts\/8329\/revisions\/8331"}],"wp:featuredmedia":[{"embeddable":true,"href":"https:\/\/www.enorsai.com\/noticias\/wp-json\/wp\/v2\/media\/8330"}],"wp:attachment":[{"href":"https:\/\/www.enorsai.com\/noticias\/wp-json\/wp\/v2\/media?parent=8329"}],"wp:term":[{"taxonomy":"category","embeddable":true,"href":"https:\/\/www.enorsai.com\/noticias\/wp-json\/wp\/v2\/categories?post=8329"},{"taxonomy":"post_tag","embeddable":true,"href":"https:\/\/www.enorsai.com\/noticias\/wp-json\/wp\/v2\/tags?post=8329"}],"curies":[{"name":"wp","href":"https:\/\/api.w.org\/{rel}","templated":true}]}}