{"id":8315,"date":"2025-09-05T07:00:00","date_gmt":"2025-09-05T10:00:00","guid":{"rendered":"https:\/\/www.enorsai.com\/noticias\/?p=8315"},"modified":"2025-09-05T06:04:49","modified_gmt":"2025-09-05T09:04:49","slug":"magario-llama-a-frenar-en-las-urnas-el-ajuste-salvaje-de-milei","status":"publish","type":"post","link":"https:\/\/www.enorsai.com\/noticias\/politica\/magario-llama-a-frenar-en-las-urnas-el-ajuste-salvaje-de-milei\/","title":{"rendered":"Magario llama a frenar en las urnas el \u201cajuste salvaje\u201d de Milei"},"content":{"rendered":"\n<p>La vicegobernadora bonaerense, Ver\u00f3nica Magario, lanz\u00f3 un fuerte mensaje en la previa de las elecciones legislativas del pr\u00f3ximo domingo y defini\u00f3 la votaci\u00f3n como un punto de quiebre para frenar \u201cel ajuste salvaje\u201d del gobierno de Javier Milei. A trav\u00e9s de un comunicado y publicaciones en sus redes sociales, advirti\u00f3 que la continuidad de este modelo implicar\u00e1 \u201cf\u00e1bricas cerrando, comercios bajando sus persianas y un pa\u00eds paralizado\u201d.<\/p>\n\n\n\n<p>Magario sostuvo que la elecci\u00f3n no es una m\u00e1s, sino una definici\u00f3n entre dos proyectos de pa\u00eds: el del actual Gobierno nacional, que describi\u00f3 como un plan \u201cde recesi\u00f3n y desindustrializaci\u00f3n\u201d, y el de su espacio, Fuerza Patria, que propone \u201cempezar juntos una recuperaci\u00f3n\u201d.<\/p>\n\n\n\n<p>En su mensaje, la exintendenta de La Matanza apunt\u00f3 a las consecuencias concretas del plan econ\u00f3mico libertario en la vida cotidiana. \u201cSi Milei sigue, tendremos tarifas que aumentan permanentemente, jubilaciones cada vez m\u00e1s bajas, jubilados sin medicamentos, discapacitados abandonados y un aparato productivo destrozado\u201d, denunci\u00f3.<\/p>\n\n\n\n<p>La vicegobernadora remarc\u00f3 que el domingo \u201cnadie se puede quedar en su casa\u201d y que la \u00fanica manera de cambiar el rumbo es con un voto masivo contra el oficialismo. \u201cLa forma de torcer este camino es dici\u00e9ndole en las urnas: basta Milei\u201d, asegur\u00f3.<\/p>\n\n\n\n<p>Finalmente, Magario advirti\u00f3 que las pol\u00edticas de ajuste de Milei replican escenarios ya conocidos de crisis y destrucci\u00f3n social. \u201cSi sigue este plan desastroso, como pas\u00f3 muchos a\u00f1os atr\u00e1s, veremos f\u00e1bricas cerrando, comercios bajando persianas, empleos que se pierden\u2026 todo parado, parado, parado\u201d, sentenci\u00f3.<\/p>\n\n\n\n<p>Fuente:<\/p>\n\n\n\n<p>.<a href=\"https:\/\/noticiasargentinas.com\/politica\/veronica-magario--en-la-previa-electoral---este-domingo-votamos-para-frenar-a-milei-y-su-ajuste-salvaje-_a68ba267e16af4ae1d95bf501\">https:\/\/noticiasargentinas.com\/politica\/veronica-magario&#8211;en-la-previa-electoral&#8212;este-domingo-votamos-para-frenar-a-milei-y-su-ajuste-salvaje-_a68ba267e16af4ae1d95bf501<\/a><\/p>\n","protected":false},"excerpt":{"rendered":"<p>La vicegobernadora bonaerense, Ver\u00f3nica Magario, lanz\u00f3 un fuerte mensaje en la previa de las elecciones legislativas del pr\u00f3ximo domingo y defini\u00f3 la votaci\u00f3n como un punto de quiebre para frenar \u201cel ajuste salvaje\u201d del gobierno de Javier Milei. A trav\u00e9s de un comunicado y publicaciones en sus redes sociales, advirti\u00f3 que la continuidad de este&#8230;<\/p>\n","protected":false},"author":12,"featured_media":8316,"comment_status":"open","ping_status":"open","sticky":false,"template":"","format":"standard","meta":{"_monsterinsights_skip_tracking":false,"_monsterinsights_sitenote_active":false,"_monsterinsights_sitenote_note":"","_monsterinsights_sitenote_category":0,"footnotes":"","jetpack_publicize_message":"","jetpack_publicize_feature_enabled":true,"jetpack_social_post_already_shared":true,"jetpack_social_options":{"image_generator_settings":{"template":"highway","default_image_id":0,"font":"","enabled":false},"version":2}},"categories":[2],"tags":[],"class_list":["post-8315","post","type-post","status-publish","format-standard","has-post-thumbnail","hentry","category-politica"],"jetpack_publicize_connections":[],"_links":{"self":[{"href":"https:\/\/www.enorsai.com\/noticias\/wp-json\/wp\/v2\/posts\/8315","targetHints":{"allow":["GET"]}}],"collection":[{"href":"https:\/\/www.enorsai.com\/noticias\/wp-json\/wp\/v2\/posts"}],"about":[{"href":"https:\/\/www.enorsai.com\/noticias\/wp-json\/wp\/v2\/types\/post"}],"author":[{"embeddable":true,"href":"https:\/\/www.enorsai.com\/noticias\/wp-json\/wp\/v2\/users\/12"}],"replies":[{"embeddable":true,"href":"https:\/\/www.enorsai.com\/noticias\/wp-json\/wp\/v2\/comments?post=8315"}],"version-history":[{"count":1,"href":"https:\/\/www.enorsai.com\/noticias\/wp-json\/wp\/v2\/posts\/8315\/revisions"}],"predecessor-version":[{"id":8317,"href":"https:\/\/www.enorsai.com\/noticias\/wp-json\/wp\/v2\/posts\/8315\/revisions\/8317"}],"wp:featuredmedia":[{"embeddable":true,"href":"https:\/\/www.enorsai.com\/noticias\/wp-json\/wp\/v2\/media\/8316"}],"wp:attachment":[{"href":"https:\/\/www.enorsai.com\/noticias\/wp-json\/wp\/v2\/media?parent=8315"}],"wp:term":[{"taxonomy":"category","embeddable":true,"href":"https:\/\/www.enorsai.com\/noticias\/wp-json\/wp\/v2\/categories?post=8315"},{"taxonomy":"post_tag","embeddable":true,"href":"https:\/\/www.enorsai.com\/noticias\/wp-json\/wp\/v2\/tags?post=8315"}],"curies":[{"name":"wp","href":"https:\/\/api.w.org\/{rel}","templated":true}]}}