{"id":831,"date":"2025-02-07T16:45:07","date_gmt":"2025-02-07T19:45:07","guid":{"rendered":"https:\/\/www.enorsai.com\/noticias\/?p=831"},"modified":"2025-02-07T16:45:07","modified_gmt":"2025-02-07T19:45:07","slug":"milei-hunde-la-industria-nacional-puma-despide-trabajadores-y-el-sector-del-calzado-se-desmorona","status":"publish","type":"post","link":"https:\/\/www.enorsai.com\/noticias\/economia\/milei-hunde-la-industria-nacional-puma-despide-trabajadores-y-el-sector-del-calzado-se-desmorona\/","title":{"rendered":"Milei hunde la industria nacional: Puma despide trabajadores y el sector del calzado se desmorona"},"content":{"rendered":"\n<p><\/p>\n\n\n\n<p>La f\u00e1brica de zapatillas Puma en La Rioja despidi\u00f3 a 23 trabajadores tras el regreso de sus vacaciones, y el gremio advierte que este es solo el comienzo. La crisis del sector se agudiza bajo el gobierno de Javier Milei, que con sus pol\u00edticas econ\u00f3micas est\u00e1 destruyendo la industria nacional y dejando a miles de familias en la calle.<\/p>\n\n\n\n<p><a href=\"https:\/\/www.enorsai.com\/noticias\/economia\/milei-y-el-desmantelamiento-de-la-industria-general-motors-despide-a-300-trabajadores\/\">Milei y el desmantelamiento de la industria: General Motors despide a 300 trabajadores<\/a><\/p>\n\n\n\n<p>La noticia de los despidos en Puma ha generado una gran preocupaci\u00f3n en la provincia de La Rioja y en todo el pa\u00eds. La Uni\u00f3n de Trabajadores de la Industria del Calzado (Uticra) ha declarado el estado de alerta y advierte que el n\u00famero de despidos podr\u00eda aumentar en las pr\u00f3ximas semanas. <\/p>\n\n\n\n<p><a href=\"https:\/\/www.enorsai.com\/noticias\/economia\/nestle-paraliza-su-produccion-en-cordoba\/\">Nestl\u00e9 paraliza su producci\u00f3n en C\u00f3rdoba<\/a><\/p>\n\n\n\n<p>La situaci\u00f3n en Puma es un reflejo de la profunda crisis que atraviesa el sector del calzado en Argentina. La combinaci\u00f3n de la ca\u00edda del consumo interno, la dificultad para exportar debido al tipo de cambio desfavorable y la apertura indiscriminada de importaciones est\u00e1n asfixiando a la industria nacional.<\/p>\n\n\n\n<p><strong>Desde la llegada de Javier Milei al gobierno, las pol\u00edticas econ\u00f3micas han golpeado duramente a la industria. La devaluaci\u00f3n, la alta inflaci\u00f3n y la recesi\u00f3n est\u00e1n llevando al cierre de empresas y a la p\u00e9rdida de miles de puestos de trabajo.<\/strong> <\/p>\n\n\n\n<p><a href=\"https:\/\/www.enorsai.com\/noticias\/economia\/productor-de-peras-y-manzanas-del-valle-de-rio-negro-voto-a-javier-milei-y-un-ano-despues-su-fe-se-convirtio-en-frustracion\/\">Productor de peras y manzanas del Valle de R\u00edo Negro vot\u00f3 a Javier Milei y un a\u00f1o despu\u00e9s, su fe se convirti\u00f3 en frustraci\u00f3n<\/a><\/p>\n\n\n\n<p>La situaci\u00f3n es especialmente grave en el sector del calzado, donde en los \u00faltimos meses se han producido despidos masivos y cierres de f\u00e1bricas emblem\u00e1ticas como la de Dass en Coronel Su\u00e1rez y la de Bicontinental en Chivilcoy. <\/p>\n\n\n\n<p><a href=\"https:\/\/www.enorsai.com\/noticias\/economia\/mas-empresas-automotrices-recortan-personal-por-la-debacle-de-la-produccion\/\">M\u00e1s empresas automotrices recortan personal por la debacle de la producci\u00f3n<\/a><\/p>\n\n\n\n<p>La p\u00e9rdida de empleos en la industria del calzado no solo afecta a los trabajadores y sus familias, sino que tambi\u00e9n tiene un impacto negativo en la econom\u00eda local y regional. La Rioja, por ejemplo, es una provincia donde la industria del calzado tiene un peso importante en su econom\u00eda.<\/p>\n\n\n\n<p>Es fundamental que el gobierno de Javier Milei tome medidas urgentes para proteger la industria nacional y los puestos de trabajo. Es necesario implementar pol\u00edticas que fomenten el consumo interno, faciliten las exportaciones y protejan a la industria de la competencia desleal de las importaciones.<\/p>\n\n\n\n<p><strong>La crisis del sector del calzado es una muestra m\u00e1s de c\u00f3mo las pol\u00edticas de ajuste y apertura indiscriminada est\u00e1n destruyendo la industria argentina. Es hora de que el gobierno escuche el reclamo de los trabajadores y empresarios y tome medidas para defender la producci\u00f3n nacional y el empleo.<\/strong> <\/p>\n","protected":false},"excerpt":{"rendered":"<p>La f\u00e1brica de zapatillas Puma en La Rioja despidi\u00f3 a 23 trabajadores tras el regreso de sus vacaciones, y el gremio advierte que este es solo el comienzo. La crisis del sector se agudiza bajo el gobierno de Javier Milei, que con sus pol\u00edticas econ\u00f3micas est\u00e1 destruyendo la industria nacional y dejando a miles de&#8230;<\/p>\n","protected":false},"author":4,"featured_media":832,"comment_status":"open","ping_status":"open","sticky":false,"template":"","format":"standard","meta":{"_monsterinsights_skip_tracking":false,"_monsterinsights_sitenote_active":false,"_monsterinsights_sitenote_note":"","_monsterinsights_sitenote_category":0,"footnotes":"","jetpack_publicize_message":"","jetpack_publicize_feature_enabled":true,"jetpack_social_post_already_shared":true,"jetpack_social_options":{"image_generator_settings":{"template":"highway","default_image_id":0,"font":"","enabled":false},"version":2}},"categories":[3,4],"tags":[58,179,193,291,293,288,227,290,45,294,289,292],"class_list":["post-831","post","type-post","status-publish","format-standard","has-post-thumbnail","hentry","category-economia","category-sociedad","tag-ajuste","tag-crisis-economica","tag-despidos","tag-fabrica-de-zapatillas","tag-gremio-del-calzado","tag-industria-nacional","tag-inflacion","tag-la-rioja","tag-milei","tag-politicas-economicas","tag-puma","tag-trabajadores"],"jetpack_publicize_connections":[],"_links":{"self":[{"href":"https:\/\/www.enorsai.com\/noticias\/wp-json\/wp\/v2\/posts\/831","targetHints":{"allow":["GET"]}}],"collection":[{"href":"https:\/\/www.enorsai.com\/noticias\/wp-json\/wp\/v2\/posts"}],"about":[{"href":"https:\/\/www.enorsai.com\/noticias\/wp-json\/wp\/v2\/types\/post"}],"author":[{"embeddable":true,"href":"https:\/\/www.enorsai.com\/noticias\/wp-json\/wp\/v2\/users\/4"}],"replies":[{"embeddable":true,"href":"https:\/\/www.enorsai.com\/noticias\/wp-json\/wp\/v2\/comments?post=831"}],"version-history":[{"count":1,"href":"https:\/\/www.enorsai.com\/noticias\/wp-json\/wp\/v2\/posts\/831\/revisions"}],"predecessor-version":[{"id":833,"href":"https:\/\/www.enorsai.com\/noticias\/wp-json\/wp\/v2\/posts\/831\/revisions\/833"}],"wp:featuredmedia":[{"embeddable":true,"href":"https:\/\/www.enorsai.com\/noticias\/wp-json\/wp\/v2\/media\/832"}],"wp:attachment":[{"href":"https:\/\/www.enorsai.com\/noticias\/wp-json\/wp\/v2\/media?parent=831"}],"wp:term":[{"taxonomy":"category","embeddable":true,"href":"https:\/\/www.enorsai.com\/noticias\/wp-json\/wp\/v2\/categories?post=831"},{"taxonomy":"post_tag","embeddable":true,"href":"https:\/\/www.enorsai.com\/noticias\/wp-json\/wp\/v2\/tags?post=831"}],"curies":[{"name":"wp","href":"https:\/\/api.w.org\/{rel}","templated":true}]}}