{"id":8306,"date":"2025-09-05T05:28:57","date_gmt":"2025-09-05T08:28:57","guid":{"rendered":"https:\/\/www.enorsai.com\/noticias\/?p=8306"},"modified":"2025-09-05T05:29:04","modified_gmt":"2025-09-05T08:29:04","slug":"cristina-llamo-a-frenar-en-las-urnas-el-insulto-el-maltrato-y-la-corrupcion-del-gobierno-libertario","status":"publish","type":"post","link":"https:\/\/www.enorsai.com\/noticias\/politica\/cristina-llamo-a-frenar-en-las-urnas-el-insulto-el-maltrato-y-la-corrupcion-del-gobierno-libertario\/","title":{"rendered":"Cristina llam\u00f3 a frenar en las urnas el insulto, el maltrato y la corrupci\u00f3n del gobierno libertario"},"content":{"rendered":"\n<p>Cristina Fern\u00e1ndez de Kirchner volvi\u00f3 a irrumpir en la escena pol\u00edtica con un mensaje directo a la militancia, cargado de definiciones y dardos contra Javier Milei, a horas de que rija la veda electoral en la provincia de Buenos Aires. Desde San Jos\u00e9 1111, la expresidenta convoc\u00f3 a votar a Fuerza Patria el pr\u00f3ximo domingo con el objetivo de \u201cponerle un freno a tanto insulto, a tanto agravio, a tanto maltrato y desatino, y sobre todo a tantas y tan profundas injusticias\u201d.<\/p>\n\n\n\n<p>La exmandataria no se guard\u00f3 nada y apunt\u00f3 contra la victimizaci\u00f3n del actual presidente: \u201cEn cuanto a eso que dijo que lo quisieron matar, presidente Milei, solo le digo que se vuelve de cualquier lugar menos del rid\u00edculo, y se lo dice alguien a quien s\u00ed quisieron matar y que gracias a la mano de Dios y a la intervenci\u00f3n de algunos compa\u00f1eros no lo pudieron lograr\u201d. La frase no solo desnud\u00f3 el contraste entre la experiencia de la propia Cristina y la sobreactuaci\u00f3n presidencial, sino que tambi\u00e9n busc\u00f3 marcar un l\u00edmite frente al uso pol\u00edtico del miedo y la mentira.<\/p>\n\n\n\n<p>Con la iron\u00eda afilada que la caracteriza, la expresidenta propuso rebautizar al jefe de Estado: \u201cAl presidente deber\u00edamos bautizarlo \u2018cara de piedra Milei\u2019\u201d. Un apodo que condensa la percepci\u00f3n de cinismo e insensibilidad que, seg\u00fan CFK, define el estilo de gobierno libertario.<\/p>\n\n\n\n<p>Cristina tambi\u00e9n repudi\u00f3 el canto de los seguidores de Milei durante el acto de cierre de campa\u00f1a en Moreno, donde se burlaron de N\u00e9stor Kirchner con la frase \u201csaquen al ping\u00fcino del caj\u00f3n\u201d. \u201cHay que ser cobarde para meterse con quien ya no est\u00e1 y no puede defenderse. Hay que ser cobarde para festejar la muerte de sus oponentes. Y hay que ser muy cobarde y muy miserable adem\u00e1s para disfrutar del dolor ajeno\u201d, remarc\u00f3, en un claro cuestionamiento al nivel de degradaci\u00f3n pol\u00edtica y moral alentada desde el oficialismo.<\/p>\n\n\n\n<p>En otro tramo de su discurso, Cristina se refiri\u00f3 a los audios atribuidos al ex titular de la Agencia Nacional de Discapacidad, Diego Spagnuolo, donde se denunciaba que el entorno m\u00e1s cercano al presidente ped\u00eda coimas a laboratorios y droguer\u00edas. CFK record\u00f3 que Spagnuolo \u201cno es ning\u00fan opositor\u201d, sino alguien del c\u00edrculo \u00edntimo de Milei: \u201cEs la misma persona con la que Milei escuchaba \u00f3pera todos los domingos en Olivos, y que adem\u00e1s hab\u00eda oficiado como su abogado personal\u201d.<\/p>\n\n\n\n<p>Para Cristina, la respuesta del presidente frente al esc\u00e1ndalo no hizo m\u00e1s que confirmar su falta de credibilidad: \u201cLo dicho por el presidente no solamente resulta incre\u00edble, porque no se puede ser tan mentiroso, sino que adem\u00e1s es in\u00fatil, porque es querer tapar el sol con la mano\u201d.<\/p>\n\n\n\n<p>El mensaje de CFK, a las puertas de una elecci\u00f3n decisiva en territorio bonaerense, busc\u00f3 reinstalar un clima de defensa colectiva frente a un gobierno al que calific\u00f3 de cruel, insensible y corrupto. Un llamado a las urnas que se enmarca no solo en la confrontaci\u00f3n pol\u00edtica, sino tambi\u00e9n en la necesidad de marcar l\u00edmites frente a lo que defini\u00f3 como una gesti\u00f3n de agravios, cinismo y cobard\u00eda.<\/p>\n\n\n\n<p><\/p>\n\n\n\n<p>El mensaje completo<br>El mensaje completo de Cristina Kirchner<\/p>\n\n\n\n<p><em>Quiero enviar un breve mensaje a toda la militancia peronista de la provincia de Buenos Aires. Y tambi\u00e9n a todos aquellos ciudadanos y ciudadanas que, sin estar identificadas con nuestras ideas, piensan y sienten que el espect\u00e1culo sobre un escenario y con reflectores, de un presidente desaforado, pidiendo y cantando que saquen del caj\u00f3n a quien fuera mi compa\u00f1ero de vida y adem\u00e1s presidente de todos los argentinos, no s\u00f3lo es un show de muy mal gusto, sino que adem\u00e1s es propio de gente cobarde y de muy baja estofa. Porque hay que ser cobarde para meterse con quien ya no est\u00e1 y no puede defenderse. Hay que ser cobarde para festejar la muerte de sus oponentes. Y hay que ser muy cobarde y muy miserable adem\u00e1s para disfrutar del dolor ajeno.<\/em><\/p>\n\n\n\n<p><em>Anoche en Moreno los argentinos vimos no s\u00f3lo la cobard\u00eda de un presidente, sino tambi\u00e9n su cara de piedra. Porque hay que ser muy, pero muy caradura para decir que las coimas con los remedios de los discapacitados son operetas de la oposici\u00f3n contra su hermana. \u00bfSe acuerdan de aquel boxeador, creo que era paname\u00f1o, que le dec\u00edan \u201cmano de piedra Dur\u00e1n\u201d? Bueno, a este presidente deber\u00edamos bautizarlo como cara de piedra Milei, porque el que dijo que la hermana del presidente era coimera y que relat\u00f3 toda la tramoya de c\u00f3mo era con los laboratorios, con las droguer\u00edas y dem\u00e1s, no fue ning\u00fan opositor. El que dijo todo eso y todos los argentinos escuchamos, es la misma persona con la que Milei escuchaba \u00f3pera todos los domingos en Olivos. Era su abogado personal y adem\u00e1s a quien nombr\u00f3 como titular de la Agencia Nacional de Discapacidad. Por eso lo dicho por el presidente no solamente resulta incre\u00edble, porque no se puede ser tan mentiroso, sino que adem\u00e1s es in\u00fatil, porque es querer tapar el sol con la mano.<\/em><\/p>\n\n\n\n<p><em>Finalmente, y en cuanto a eso que dijo que lo quisieron matar, presidente Milei, solo le digo que se vuelve de cualquier lugar menos del rid\u00edculo y se lo dice alguien a quien s\u00ed quisieron matar y que gracias a la mano de Dios y a la intervenci\u00f3n de algunos compa\u00f1eros no lo pudieron lograr. Y f\u00edjese una cosa, que sin embargo nunca hago menci\u00f3n de ello en mis intervenciones p\u00fablicas ni tampoco en las privadas. \u00bfY sabe por qu\u00e9? Porque es una experiencia muy traum\u00e1tica y se ve que el inconsciente de alg\u00fan modo trata de tapar u olvidar aquello que nos puede da\u00f1ar emocionalmente.<\/em><\/p>\n\n\n\n<p><em>Perd\u00f3n, pido perd\u00f3n si me fui un poco del motivo de este mensaje, pero no pod\u00eda dejar de decir cosas que pienso y siento frente a lo que ayer por la noche tuve que ver y escuchar.<\/em><\/p>\n\n\n\n<p><em>Y creo, sinceramente, que todos necesitamos recuperar el eje de lo que todos como ciudadanos esperamos y aspiramos de un presidente. Aun cuando no lo hayamos votado. Aun cuando no compartamos ninguna de sus ideas, es el presidente de todos y es importante que se comporte como tal. Es su obligaci\u00f3n.<\/em><\/p>\n\n\n\n<p><em>Por eso, este domingo 7 de septiembre es importante que todos vayan a votar. Es necesario ponerle un freno a tanto insulto, a tanto agravio, a tanto maltrato y desatino, y sobre todo a tantas y tan profundas injusticias. Y ese freno es la boleta de Fuerza Patria. No tengo dudas. Un fuerte abrazo a todos y a todas. Los quiero mucho.<\/em><\/p>\n\n\n\n<p><\/p>\n","protected":false},"excerpt":{"rendered":"<p>Cristina Fern\u00e1ndez de Kirchner volvi\u00f3 a irrumpir en la escena pol\u00edtica con un mensaje directo a la militancia, cargado de definiciones y dardos contra Javier Milei, a horas de que rija la veda electoral en la provincia de Buenos Aires. Desde San Jos\u00e9 1111, la expresidenta convoc\u00f3 a votar a Fuerza Patria el pr\u00f3ximo domingo&#8230;<\/p>\n","protected":false},"author":9,"featured_media":8307,"comment_status":"open","ping_status":"open","sticky":false,"template":"","format":"standard","meta":{"_monsterinsights_skip_tracking":false,"_monsterinsights_sitenote_active":false,"_monsterinsights_sitenote_note":"","_monsterinsights_sitenote_category":0,"footnotes":"","jetpack_publicize_message":"","jetpack_publicize_feature_enabled":true,"jetpack_social_post_already_shared":true,"jetpack_social_options":{"image_generator_settings":{"template":"highway","default_image_id":0,"font":"","enabled":false},"version":2}},"categories":[2],"tags":[],"class_list":["post-8306","post","type-post","status-publish","format-standard","has-post-thumbnail","hentry","category-politica"],"jetpack_publicize_connections":[],"_links":{"self":[{"href":"https:\/\/www.enorsai.com\/noticias\/wp-json\/wp\/v2\/posts\/8306","targetHints":{"allow":["GET"]}}],"collection":[{"href":"https:\/\/www.enorsai.com\/noticias\/wp-json\/wp\/v2\/posts"}],"about":[{"href":"https:\/\/www.enorsai.com\/noticias\/wp-json\/wp\/v2\/types\/post"}],"author":[{"embeddable":true,"href":"https:\/\/www.enorsai.com\/noticias\/wp-json\/wp\/v2\/users\/9"}],"replies":[{"embeddable":true,"href":"https:\/\/www.enorsai.com\/noticias\/wp-json\/wp\/v2\/comments?post=8306"}],"version-history":[{"count":1,"href":"https:\/\/www.enorsai.com\/noticias\/wp-json\/wp\/v2\/posts\/8306\/revisions"}],"predecessor-version":[{"id":8308,"href":"https:\/\/www.enorsai.com\/noticias\/wp-json\/wp\/v2\/posts\/8306\/revisions\/8308"}],"wp:featuredmedia":[{"embeddable":true,"href":"https:\/\/www.enorsai.com\/noticias\/wp-json\/wp\/v2\/media\/8307"}],"wp:attachment":[{"href":"https:\/\/www.enorsai.com\/noticias\/wp-json\/wp\/v2\/media?parent=8306"}],"wp:term":[{"taxonomy":"category","embeddable":true,"href":"https:\/\/www.enorsai.com\/noticias\/wp-json\/wp\/v2\/categories?post=8306"},{"taxonomy":"post_tag","embeddable":true,"href":"https:\/\/www.enorsai.com\/noticias\/wp-json\/wp\/v2\/tags?post=8306"}],"curies":[{"name":"wp","href":"https:\/\/api.w.org\/{rel}","templated":true}]}}