{"id":8303,"date":"2025-09-05T05:23:46","date_gmt":"2025-09-05T08:23:46","guid":{"rendered":"https:\/\/www.enorsai.com\/noticias\/?p=8303"},"modified":"2025-09-05T05:23:52","modified_gmt":"2025-09-05T08:23:52","slug":"historico-reves-a-milei-el-congreso-revirtio-su-veto-y-la-emergencia-en-discapacidad-es-ley","status":"publish","type":"post","link":"https:\/\/www.enorsai.com\/noticias\/politica\/historico-reves-a-milei-el-congreso-revirtio-su-veto-y-la-emergencia-en-discapacidad-es-ley\/","title":{"rendered":"Hist\u00f3rico rev\u00e9s a Milei: el Congreso revirti\u00f3 su veto y la Emergencia en Discapacidad es ley"},"content":{"rendered":"\n<p>El Senado le asest\u00f3 al gobierno de Javier Milei uno de los golpes m\u00e1s duros desde que asumi\u00f3: revirti\u00f3 el veto presidencial a la Ley de Emergencia en Discapacidad y la norma qued\u00f3 firme con 63 votos a favor y apenas 7 en contra. El hecho, in\u00e9dito en 22 a\u00f1os, representa mucho m\u00e1s que un tr\u00e1mite legislativo: es un cachetazo hist\u00f3rico a la crueldad de un gobierno que intent\u00f3 borrar de un plumazo los derechos del colectivo m\u00e1s castigado por el ajuste y las coimas.<\/p>\n\n\n\n<p>Mientras el Presidente paseaba por Los \u00c1ngeles y la Casa Rosada se hund\u00eda en el esc\u00e1ndalo por la corrupci\u00f3n en la ANDIS, la C\u00e1mara Alta demostr\u00f3 que el Congreso todav\u00eda puede ser un contrapeso real frente a un Poder Ejecutivo que gobierna a fuerza de decretos, vetos y desprecio por los sectores vulnerables. El libertarismo qued\u00f3 aislado, con apenas dos apoyos externos: la cordobesa del PRO Carmen Rivero y Francisco Paoltroni. El resto del arco pol\u00edtico confluy\u00f3 para darle a la oposici\u00f3n una victoria hist\u00f3rica que Milei no podr\u00e1 ignorar: desde este viernes, est\u00e1 obligado a promulgar la ley.<\/p>\n\n\n\n<p>Afuera del Congreso, cientos de familias esperaban con el coraz\u00f3n en la boca. Padres y madres narraban con la voz quebrada c\u00f3mo las terapias de sus hijos quedaron interrumpidas, c\u00f3mo las pensiones cayeron de manera abrupta, c\u00f3mo la vida cotidiana se transform\u00f3 en una carrera de obst\u00e1culos insostenible. \u201cKarina Milei, te invito a que vivas un mes como una persona con discapacidad\u201d, lanz\u00f3 una mujer frente a las c\u00e1maras, condensando la indignaci\u00f3n de miles. Cuando se conoci\u00f3 el resultado, la bronca se transform\u00f3 en alivio y celebraci\u00f3n.<\/p>\n\n\n\n<p>La votaci\u00f3n no dej\u00f3 margen a dudas: Uni\u00f3n por la Patria aport\u00f3 casi todo su bloque, la UCR acompa\u00f1\u00f3 de manera un\u00e1nime \u2014incluida Carolina Losada, que semanas atr\u00e1s hab\u00eda jugado a diferenciarse\u2014 y las fuerzas provinciales tambi\u00e9n sumaron su respaldo. En contra, apenas los cinco libertarios y dos senadores que eligieron inmolarse en defensa de un gobierno que se hunde en el barro de sus propias miserias.<\/p>\n\n\n\n<p>El debate estuvo atravesado por el esc\u00e1ndalo de la corrupci\u00f3n en la ANDIS, que termin\u00f3 por empujar a los indecisos a repudiar al Ejecutivo. Guadalupe Tagliaferri, senadora del PRO, lo resumi\u00f3 con crudeza: \u201cLa plata sale del sobreprecio y la coima\u201d. La paradoja de Milei es grotesca: gobierna por segundo a\u00f1o consecutivo sin presupuesto, pero se ampara en tecnicismos para recortar derechos b\u00e1sicos.<\/p>\n\n\n\n<p>La ley declara la emergencia hasta diciembre de 2026, establece la actualizaci\u00f3n autom\u00e1tica del nomenclador de prestaciones seg\u00fan el \u00edndice de inflaci\u00f3n y obliga a recomponer aranceles de forma retroactiva. Para quienes dependen de terapias y asistencia permanente, no es un detalle t\u00e9cnico: es la diferencia entre vivir con dignidad o ser empujados a la intemperie por la motosierra del ajuste.<\/p>\n\n\n\n<p>El oficialismo ya adelant\u00f3 que buscar\u00e1 judicializar la norma, un manotazo que podr\u00eda abrir un conflicto institucional mayor. Desde la oposici\u00f3n, el santacruce\u00f1o Antonio Carambia advirti\u00f3 que, si Milei no aplica la ley, ser\u00e1 el primero en pedir juicio pol\u00edtico contra el Presidente por incumplimiento de los deberes de funcionario p\u00fablico. El mensaje fue claro: el Congreso no piensa tolerar que la Casa Rosada ignore un mandato popular y legislativo de esta magnitud.<\/p>\n\n\n\n<p>La jornada en el Senado dej\u00f3 otra herida para el Ejecutivo: la media sanci\u00f3n a la modificaci\u00f3n de la Ley 26.122, que regula los decretos de necesidad y urgencia. Con 56 votos a favor, 8 en contra y 2 abstenciones, la oposici\u00f3n avanz\u00f3 en limitar una de las herramientas predilectas de Milei. El proyecto establece plazos m\u00e1ximos para el tratamiento de los DNU, impide al Ejecutivo dictar decretos de contenido similar durante un a\u00f1o y habilita a ambas c\u00e1maras a discutirlos incluso en receso. Un torniquete contra la discrecionalidad que convirti\u00f3 a los decretos en un atajo autoritario.<\/p>\n\n\n\n<p>Mart\u00edn Lousteau lo explic\u00f3 con claridad: \u201cEl tema no es si hay autoridad o no, el tema es si el poder es ilimitado o excesivo\u201d. Anabel Fern\u00e1ndez Sagasti fue m\u00e1s all\u00e1: \u201cEl Poder Ejecutivo de Milei, como ning\u00fan otro desde la reforma de 1994, se arrog\u00f3 facultades legislativas y una reforma constitucional de hecho\u201d.<\/p>\n\n\n\n<p>El gobierno, con apenas una minor\u00eda libertaria desorientada y un PRO fracturado, intent\u00f3 instalar la idea de un complot desestabilizador. Pero el voto de anoche fue otra cosa: un l\u00edmite pol\u00edtico y social a la crueldad. Un Congreso que, pese a todas sus grietas, eligi\u00f3 plantarse frente a un presidente que confunde motosierra con poder.<\/p>\n\n\n\n<p>La Emergencia en Discapacidad es ley. Y con ella, qued\u00f3 demostrado que Milei no es invencible: cuando la crueldad se vuelve norma, la pol\u00edtica todav\u00eda puede devolverle dignidad a quienes m\u00e1s la necesitan.<\/p>\n\n\n\n<p>Fuente:<\/p>\n\n\n\n<p>.<a href=\"https:\/\/www.pagina12.com.ar\/855169-un-cachetazo-historico-a-la-crueldad-y-el-agravio\">https:\/\/www.pagina12.com.ar\/855169-un-cachetazo-historico-a-la-crueldad-y-el-agravio<\/a><\/p>\n","protected":false},"excerpt":{"rendered":"<p>El Senado le asest\u00f3 al gobierno de Javier Milei uno de los golpes m\u00e1s duros desde que asumi\u00f3: revirti\u00f3 el veto presidencial a la Ley de Emergencia en Discapacidad y la norma qued\u00f3 firme con 63 votos a favor y apenas 7 en contra. El hecho, in\u00e9dito en 22 a\u00f1os, representa mucho m\u00e1s que un&#8230;<\/p>\n","protected":false},"author":12,"featured_media":8304,"comment_status":"open","ping_status":"open","sticky":false,"template":"","format":"standard","meta":{"_monsterinsights_skip_tracking":false,"_monsterinsights_sitenote_active":false,"_monsterinsights_sitenote_note":"","_monsterinsights_sitenote_category":0,"footnotes":"","jetpack_publicize_message":"","jetpack_publicize_feature_enabled":true,"jetpack_social_post_already_shared":true,"jetpack_social_options":{"image_generator_settings":{"template":"highway","default_image_id":0,"font":"","enabled":false},"version":2}},"categories":[2],"tags":[],"class_list":["post-8303","post","type-post","status-publish","format-standard","has-post-thumbnail","hentry","category-politica"],"jetpack_publicize_connections":[],"_links":{"self":[{"href":"https:\/\/www.enorsai.com\/noticias\/wp-json\/wp\/v2\/posts\/8303","targetHints":{"allow":["GET"]}}],"collection":[{"href":"https:\/\/www.enorsai.com\/noticias\/wp-json\/wp\/v2\/posts"}],"about":[{"href":"https:\/\/www.enorsai.com\/noticias\/wp-json\/wp\/v2\/types\/post"}],"author":[{"embeddable":true,"href":"https:\/\/www.enorsai.com\/noticias\/wp-json\/wp\/v2\/users\/12"}],"replies":[{"embeddable":true,"href":"https:\/\/www.enorsai.com\/noticias\/wp-json\/wp\/v2\/comments?post=8303"}],"version-history":[{"count":1,"href":"https:\/\/www.enorsai.com\/noticias\/wp-json\/wp\/v2\/posts\/8303\/revisions"}],"predecessor-version":[{"id":8305,"href":"https:\/\/www.enorsai.com\/noticias\/wp-json\/wp\/v2\/posts\/8303\/revisions\/8305"}],"wp:featuredmedia":[{"embeddable":true,"href":"https:\/\/www.enorsai.com\/noticias\/wp-json\/wp\/v2\/media\/8304"}],"wp:attachment":[{"href":"https:\/\/www.enorsai.com\/noticias\/wp-json\/wp\/v2\/media?parent=8303"}],"wp:term":[{"taxonomy":"category","embeddable":true,"href":"https:\/\/www.enorsai.com\/noticias\/wp-json\/wp\/v2\/categories?post=8303"},{"taxonomy":"post_tag","embeddable":true,"href":"https:\/\/www.enorsai.com\/noticias\/wp-json\/wp\/v2\/tags?post=8303"}],"curies":[{"name":"wp","href":"https:\/\/api.w.org\/{rel}","templated":true}]}}