{"id":8291,"date":"2025-09-04T14:01:35","date_gmt":"2025-09-04T17:01:35","guid":{"rendered":"https:\/\/www.enorsai.com\/noticias\/?p=8291"},"modified":"2025-09-04T14:05:17","modified_gmt":"2025-09-04T17:05:17","slug":"tenenbaum-lo-de-lali-deposito-es-imperdonable-criticas-al-ensanamiento-presidencial-y-al-clima-de-intolerancia","status":"publish","type":"post","link":"https:\/\/www.enorsai.com\/noticias\/politica\/tenenbaum-lo-de-lali-deposito-es-imperdonable-criticas-al-ensanamiento-presidencial-y-al-clima-de-intolerancia\/","title":{"rendered":"Tenenbaum: \u201cLo de Lali \u2018Dep\u00f3sito\u2019 es imperdonable\u201d \u2013 Cr\u00edticas al ensa\u00f1amiento presidencial y al clima de intolerancia"},"content":{"rendered":"\n<p>Por Redacci\u00f3n Enorsai<\/p>\n\n\n\n<p>Ernesto Tenenbaum, en Am\u00e9rica 24, cuestion\u00f3 con dureza el hostigamiento p\u00fablico del presidente Milei hacia Lali Esp\u00f3sito, a quien apod\u00f3 \u201cLali Dep\u00f3sito\u201d por sus participaciones en festivales estatales. Para el periodista, el ensa\u00f1amiento personal y el fomento de la grieta son \u201cimperdonables en un presidente\u201d y contribuyen al deterioro del debate p\u00fablico y la convivencia democr\u00e1tica.<a href=\"https:\/\/www.bigbangnews.com\/show\/lali-demostro-una-vez-mas-le-teme-nadie-el-demonio-me-dijo-lali-deposito-n97065\" target=\"_blank\" rel=\"noreferrer noopener\">[Big Bang News]<\/a><\/p>\n\n\n\n<h2 class=\"wp-block-heading\">El caso Lali \u201cDep\u00f3sito\u201d: persecuci\u00f3n presidencial y respuesta pop<\/h2>\n\n\n\n<p>El apodo \u201cLali Dep\u00f3sito\u201d surgi\u00f3 como un agravio de Milei, que la acus\u00f3 de \u201cvivir del Estado\u201d por actuar en festivales, desatando una ola de ataques digitales en redes y medios oficialistas.<a href=\"https:\/\/noticias.perfil.com\/noticias\/informacion-general\/lali-esposito-y-la-polemica-por-los-likes-perdidos.phtml\" target=\"_blank\" rel=\"noreferrer noopener\">[Perfil]<\/a> Lali Esp\u00f3sito replic\u00f3 con iron\u00eda y humor, convirtiendo el apodo en un gui\u00f1o empoderado a sus fans e incluso incorpor\u00e1ndolo en entrevistas y shows.<a href=\"https:\/\/www.bigbangnews.com\/show\/lali-demostro-una-vez-mas-le-teme-nadie-el-demonio-me-dijo-lali-deposito-n97065\" target=\"_blank\" rel=\"noreferrer noopener\">[Big Bang News]<\/a><\/p>\n\n\n\n<ul class=\"wp-block-list\">\n<li>Tenenbaum calific\u00f3 este hostigamiento personal como \u201cimperdonable\u201d, poniendo en el centro el da\u00f1o a la convivencia y el respeto p\u00fablico al disenso.<a href=\"https:\/\/www.bigbangnews.com\/show\/lali-demostro-una-vez-mas-le-teme-nadie-el-demonio-me-dijo-lali-deposito-n97065\" target=\"_blank\" rel=\"noreferrer noopener\">[Big Bang News]<\/a><\/li>\n\n\n\n<li>El ensa\u00f1amiento hacia Lali es parte de una estrategia presidencial de hostilidad hacia voces opositoras, artistas y periodistas.<a href=\"https:\/\/noticias.perfil.com\/noticias\/informacion-general\/lali-esposito-y-la-polemica-por-los-likes-perdidos.phtml\" target=\"_blank\" rel=\"noreferrer noopener\">[Perfil]<\/a><\/li>\n<\/ul>\n\n\n\n<h2 class=\"wp-block-heading\">Hostigamiento, redes y batalla cultural: el da\u00f1o a la sociedad<\/h2>\n\n\n\n<p>El periodista marc\u00f3 que la \u201cbatalla cultural\u201d impulsada por Milei va desde los mensajes homof\u00f3bicos y escraches hasta la persecuci\u00f3n sistem\u00e1tica a figuras de la cultura y la prensa. Tenenbaum record\u00f3 otros casos similares y remarc\u00f3: \u201cEsto mancha la democracia, pervierte la sociedad y es realmente horrible\u201d.<a href=\"https:\/\/noticias.perfil.com\/noticias\/informacion-general\/lali-esposito-y-la-polemica-por-los-likes-perdidos.phtml\" target=\"_blank\" rel=\"noreferrer noopener\">[Perfil]<\/a><\/p>\n\n\n\n<p>Lali, lejos de victimizarse, transform\u00f3 los ataques en una bandera pop, defendiendo la inclusi\u00f3n y el pluralismo cultural. Su gira No vayas a atender cuando el demonio llama agot\u00f3 estadios y la confirm\u00f3 como referente de libertad art\u00edstica y de expresi\u00f3n.<a href=\"https:\/\/www.bigbangnews.com\/show\/lali-demostro-una-vez-mas-le-teme-nadie-el-demonio-me-dijo-lali-deposito-n97065\" target=\"_blank\" rel=\"noreferrer noopener\">[Big Bang News]<\/a><\/p>\n\n\n\n<p><strong>Infograf\u00eda | El caso Lali y el ensa\u00f1amiento presidencial<\/strong><\/p>\n\n\n\n<figure class=\"wp-block-table\"><table class=\"has-fixed-layout\"><tbody><tr><th>Actor<\/th><th>Hecho clave<\/th><\/tr><tr><td>Javier Milei<\/td><td>Hostiga a Lali por cuestionar pol\u00edticas y actuar en festivales bancados por el Estado<\/td><\/tr><tr><td>Lali Esp\u00f3sito<\/td><td>Responde con iron\u00eda y sigue agotando conciertos; recibe apoyo masivo del p\u00fablico<\/td><\/tr><tr><td>Redes sociales<\/td><td>Multiplicaci\u00f3n de agresiones, desaparici\u00f3n de likes y pol\u00e9mica sobre censura digital<\/td><\/tr><tr><td>Debate p\u00fablico<\/td><td>Preocupaci\u00f3n transversal por la intolerancia y el deterioro del respeto a la diversidad<\/td><\/tr><\/tbody><\/table><\/figure>\n\n\n\n<h2 class=\"wp-block-heading\">Conclusi\u00f3n: tolerancia, cultura y democracia amenazadas<\/h2>\n\n\n\n<p>Para Tenenbaum, el caso \u201cLali Dep\u00f3sito\u201d es s\u00edntoma de un clima pol\u00edtico que castiga la disidencia y vulnera reglas de convivencia fundamentales. Frente al ataque, la mejor respuesta es defender la libertad cultural, el respeto al otro y la responsabilidad institucional, desde la sociedad hasta la figura presidencial.<\/p>\n\n\n\n<p>Seguimiento, reacciones y fondo del caso en <a href=\"https:\/\/www.bigbangnews.com\/show\/lali-demostro-una-vez-mas-le-teme-nadie-el-demonio-me-dijo-lali-deposito-n97065\" target=\"_blank\" rel=\"noreferrer noopener\">Big Bang News<\/a> y <a href=\"https:\/\/noticias.perfil.com\/noticias\/informacion-general\/lali-esposito-y-la-polemica-por-los-likes-perdidos.phtml\" target=\"_blank\" rel=\"noreferrer noopener\">Perfil<\/a>.<\/p>\n\n\n\n<p><strong>Reflexi\u00f3n final:<\/strong> \u201cLo de Lali \u2018Dep\u00f3sito\u2019 es imperdonable\u201d: Tenenbaum llama a defender la diversidad y la convivencia democr\u00e1tica frente al uso pol\u00edtico del agravio y la cancelaci\u00f3n.<\/p>\n\n\n\n<p>Env\u00eda tu opini\u00f3n a <a href=\"mailto:enorsaionline@gmail.com\">enorsaionline@gmail.com<\/a><\/p>\n\n\n\n<h2 class=\"wp-block-heading\">Preguntas frecuentes sobre el caso Lali Dep\u00f3sito y el ensa\u00f1amiento presidencial<\/h2>\n\n\n\n<h3 class=\"wp-block-heading\">\u00bfPor qu\u00e9 Milei la llama \u201cLali Dep\u00f3sito\u201d?<\/h3>\n\n\n\n<p>Para cuestionarla por presentarse en festivales financiados por el Estado y se\u00f1alarla como parte \u201cde la casta\u201d, en tono despectivo.<\/p>\n\n\n\n<h3 class=\"wp-block-heading\">\u00bfC\u00f3mo respondi\u00f3 Lali Esp\u00f3sito?<\/h3>\n\n\n\n<p>Us\u00f3 la iron\u00eda en redes y shows, revirtiendo la ofensa en s\u00edmbolo de empoderamiento y libertad art\u00edstica.<\/p>\n\n\n\n<h3 class=\"wp-block-heading\">\u00bfQu\u00e9 consecuencias tiene la \u201cbatalla cultural\u201d?<\/h3>\n\n\n\n<p>Agrava la polarizaci\u00f3n, fomenta la intolerancia y debilita las reglas de convivencia democr\u00e1tica y diversidad cultural.<\/p>\n\n\n\n<h3 class=\"wp-block-heading\">\u00bfD\u00f3nde seguir desarrollos y an\u00e1lisis sobre el caso?<\/h3>\n\n\n\n<p>Big Bang News y Perfil publican seguimientos y an\u00e1lisis del impacto pol\u00edtico, medi\u00e1tico y cultural del caso Lali \u2013 Milei.<\/p>\n","protected":false},"excerpt":{"rendered":"<p>Tenenbaum critic\u00f3 en A24 el ensa\u00f1amiento presidencial con Lali Esp\u00f3sito, la campa\u00f1a \u2018Lali Dep\u00f3sito\u2019 y alert\u00f3 sobre los peligros del hostigamiento y la grieta en la vida p\u00fablica argentina.<\/p>\n","protected":false},"author":4,"featured_media":8292,"comment_status":"open","ping_status":"open","sticky":false,"template":"","format":"standard","meta":{"_monsterinsights_skip_tracking":false,"_monsterinsights_sitenote_active":false,"_monsterinsights_sitenote_note":"","_monsterinsights_sitenote_category":0,"footnotes":"","jetpack_publicize_message":"Tenenbaum: \u201cLo de Lali \u2018Dep\u00f3sito\u2019 es imperdonable\u201d \u2013 Cr\u00edticas al ensa\u00f1amiento presidencial","jetpack_publicize_feature_enabled":true,"jetpack_social_post_already_shared":false,"jetpack_social_options":{"image_generator_settings":{"template":"highway","default_image_id":0,"font":"","enabled":false},"version":2}},"categories":[17,2],"tags":[3434,663,209,135,1814,106,3432,267,1149,3433],"class_list":["post-8291","post","type-post","status-publish","format-standard","has-post-thumbnail","hentry","category-opinion","category-politica","tag-batalla-cultural","tag-cultura","tag-democracia","tag-diversidad","tag-hostigamiento","tag-javier-milei","tag-lali-deposito","tag-persecucion","tag-redes-sociales","tag-tenenbaum"],"jetpack_publicize_connections":[],"_links":{"self":[{"href":"https:\/\/www.enorsai.com\/noticias\/wp-json\/wp\/v2\/posts\/8291","targetHints":{"allow":["GET"]}}],"collection":[{"href":"https:\/\/www.enorsai.com\/noticias\/wp-json\/wp\/v2\/posts"}],"about":[{"href":"https:\/\/www.enorsai.com\/noticias\/wp-json\/wp\/v2\/types\/post"}],"author":[{"embeddable":true,"href":"https:\/\/www.enorsai.com\/noticias\/wp-json\/wp\/v2\/users\/4"}],"replies":[{"embeddable":true,"href":"https:\/\/www.enorsai.com\/noticias\/wp-json\/wp\/v2\/comments?post=8291"}],"version-history":[{"count":1,"href":"https:\/\/www.enorsai.com\/noticias\/wp-json\/wp\/v2\/posts\/8291\/revisions"}],"predecessor-version":[{"id":8293,"href":"https:\/\/www.enorsai.com\/noticias\/wp-json\/wp\/v2\/posts\/8291\/revisions\/8293"}],"wp:featuredmedia":[{"embeddable":true,"href":"https:\/\/www.enorsai.com\/noticias\/wp-json\/wp\/v2\/media\/8292"}],"wp:attachment":[{"href":"https:\/\/www.enorsai.com\/noticias\/wp-json\/wp\/v2\/media?parent=8291"}],"wp:term":[{"taxonomy":"category","embeddable":true,"href":"https:\/\/www.enorsai.com\/noticias\/wp-json\/wp\/v2\/categories?post=8291"},{"taxonomy":"post_tag","embeddable":true,"href":"https:\/\/www.enorsai.com\/noticias\/wp-json\/wp\/v2\/tags?post=8291"}],"curies":[{"name":"wp","href":"https:\/\/api.w.org\/{rel}","templated":true}]}}