{"id":8268,"date":"2025-09-03T18:11:25","date_gmt":"2025-09-03T21:11:25","guid":{"rendered":"https:\/\/www.enorsai.com\/noticias\/?p=8268"},"modified":"2025-09-03T18:11:32","modified_gmt":"2025-09-03T21:11:32","slug":"el-caso-grillo-la-pericia-confirmo-que-la-gendarmeria-de-bullrich-violo-el-protocolo","status":"publish","type":"post","link":"https:\/\/www.enorsai.com\/noticias\/politica\/el-caso-grillo-la-pericia-confirmo-que-la-gendarmeria-de-bullrich-violo-el-protocolo\/","title":{"rendered":"El caso Grillo: La pericia confirm\u00f3 que la Gendarmer\u00eda de Bullrich viol\u00f3 el protocolo"},"content":{"rendered":"\n<p>M\u00e1s problemas para Patricia Bullrich. El caso del fot\u00f3grafo Pablo Grillo, herido durante la represi\u00f3n frente al Congreso, sum\u00f3 un dato clave que compromete directamente a la Gendarmer\u00eda. Un informe bal\u00edstico elaborado por la Polic\u00eda de la Ciudad confirm\u00f3 que el gendarme H\u00e9ctor Guerrero viol\u00f3 el protocolo de uso de armas lanzagases y descart\u00f3 por completo la versi\u00f3n oficial que intentaba encubrir lo ocurrido. La conclusi\u00f3n es contundente: el disparo que impact\u00f3 en la cabeza de Grillo no fue un accidente, sino el resultado de un accionar irregular durante un operativo represivo ordenado por la ministra de Seguridad.<\/p>\n\n\n\n<p>La pericia, incorporada a la causa judicial, determin\u00f3 que el proyectil jam\u00e1s habr\u00eda alcanzado a Grillo si se hubiera respetado la normativa que establece que los cartuchos deben ser disparados a 45 grados hacia arriba o entre 30 y 45 hacia abajo. La reconstrucci\u00f3n, realizada el 11 de agosto con presencia de peritos de todas las partes, marc\u00f3 un giro en la investigaci\u00f3n y dej\u00f3 expuesto al agente Guerrero, quien ya fue citado a declaraci\u00f3n indagatoria por la jueza Mar\u00eda Servini para el pr\u00f3ximo 17 de septiembre.<\/p>\n\n\n\n<p>Mientras tanto, el estado de salud de Pablo Grillo sigue siendo delicado. El fot\u00f3grafo permanece internado luego de haber sido sometido a m\u00faltiples cirug\u00edas. Su padre, Fabi\u00e1n Grillo, explic\u00f3 en di\u00e1logo con P\u00e1gina 12 que esperan un nuevo informe m\u00e9dico: \u201cHoy estaba cl\u00ednicamente estable, pero en la \u00faltima tomograf\u00eda se detect\u00f3 una peque\u00f1a expansi\u00f3n. Ma\u00f1ana tendremos m\u00e1s precisiones con los resultados de los estudios\u201d.<\/p>\n\n\n\n<p>El disparo ocurri\u00f3 el 12 de marzo, en el marco de la represi\u00f3n frente al Congreso que dej\u00f3 un saldo de m\u00e1s de cien detenidos y otro centenar de heridos. El operativo incluy\u00f3 a Gendarmer\u00eda, Polic\u00eda Federal, PSA, Prefectura y Polic\u00eda de la Ciudad, con despliegue de uniformados, efectivos de civil y veh\u00edculos identificados y no identificados. La violencia comenz\u00f3 incluso antes de que iniciara la manifestaci\u00f3n convocada para las 17: a las 16 ya se registraban cargas policiales, y apenas pasadas las 17 Grillo recibi\u00f3 en la frente el impacto del cartucho que lo dej\u00f3 gravemente herido.<\/p>\n\n\n\n<p>La represi\u00f3n se ampar\u00f3 en la resoluci\u00f3n 943\/23, el llamado \u201cProtocolo antipiquetes\u201d impulsado por Patricia Bullrich, que habilita la dispersi\u00f3n de manifestaciones bajo el argumento de la interrupci\u00f3n del tr\u00e1nsito y otorga a las fuerzas de seguridad facultades para recolectar datos de organizaciones y referentes sociales. Desde su implementaci\u00f3n en diciembre de 2023, organismos de derechos humanos advirtieron que se trata de un protocolo inconstitucional que fomenta la criminalizaci\u00f3n y la estigmatizaci\u00f3n de la protesta social.<\/p>\n\n\n\n<p>Hoy, con un informe bal\u00edstico que echa por tierra la versi\u00f3n oficial, la causa avanza y el gobierno enfrenta un nuevo frente de crisis. El caso Grillo desnuda con crudeza la violencia represiva que Bullrich busc\u00f3 institucionalizar bajo el pretexto del \u201corden p\u00fablico\u201d, y pone bajo la lupa a una ministra cada vez m\u00e1s cuestionada por el uso indiscriminado de la fuerza.<\/p>\n","protected":false},"excerpt":{"rendered":"<p>M\u00e1s problemas para Patricia Bullrich. El caso del fot\u00f3grafo Pablo Grillo, herido durante la represi\u00f3n frente al Congreso, sum\u00f3 un dato clave que compromete directamente a la Gendarmer\u00eda. Un informe bal\u00edstico elaborado por la Polic\u00eda de la Ciudad confirm\u00f3 que el gendarme H\u00e9ctor Guerrero viol\u00f3 el protocolo de uso de armas lanzagases y descart\u00f3 por&#8230;<\/p>\n","protected":false},"author":1,"featured_media":8269,"comment_status":"open","ping_status":"open","sticky":false,"template":"","format":"standard","meta":{"_monsterinsights_skip_tracking":false,"_monsterinsights_sitenote_active":false,"_monsterinsights_sitenote_note":"","_monsterinsights_sitenote_category":0,"footnotes":"","jetpack_publicize_message":"","jetpack_publicize_feature_enabled":true,"jetpack_social_post_already_shared":true,"jetpack_social_options":{"image_generator_settings":{"template":"highway","default_image_id":0,"font":"","enabled":false},"version":2}},"categories":[2],"tags":[],"class_list":["post-8268","post","type-post","status-publish","format-standard","has-post-thumbnail","hentry","category-politica"],"jetpack_publicize_connections":[],"_links":{"self":[{"href":"https:\/\/www.enorsai.com\/noticias\/wp-json\/wp\/v2\/posts\/8268","targetHints":{"allow":["GET"]}}],"collection":[{"href":"https:\/\/www.enorsai.com\/noticias\/wp-json\/wp\/v2\/posts"}],"about":[{"href":"https:\/\/www.enorsai.com\/noticias\/wp-json\/wp\/v2\/types\/post"}],"author":[{"embeddable":true,"href":"https:\/\/www.enorsai.com\/noticias\/wp-json\/wp\/v2\/users\/1"}],"replies":[{"embeddable":true,"href":"https:\/\/www.enorsai.com\/noticias\/wp-json\/wp\/v2\/comments?post=8268"}],"version-history":[{"count":1,"href":"https:\/\/www.enorsai.com\/noticias\/wp-json\/wp\/v2\/posts\/8268\/revisions"}],"predecessor-version":[{"id":8270,"href":"https:\/\/www.enorsai.com\/noticias\/wp-json\/wp\/v2\/posts\/8268\/revisions\/8270"}],"wp:featuredmedia":[{"embeddable":true,"href":"https:\/\/www.enorsai.com\/noticias\/wp-json\/wp\/v2\/media\/8269"}],"wp:attachment":[{"href":"https:\/\/www.enorsai.com\/noticias\/wp-json\/wp\/v2\/media?parent=8268"}],"wp:term":[{"taxonomy":"category","embeddable":true,"href":"https:\/\/www.enorsai.com\/noticias\/wp-json\/wp\/v2\/categories?post=8268"},{"taxonomy":"post_tag","embeddable":true,"href":"https:\/\/www.enorsai.com\/noticias\/wp-json\/wp\/v2\/tags?post=8268"}],"curies":[{"name":"wp","href":"https:\/\/api.w.org\/{rel}","templated":true}]}}