{"id":8265,"date":"2025-09-03T17:13:10","date_gmt":"2025-09-03T20:13:10","guid":{"rendered":"https:\/\/www.enorsai.com\/noticias\/?p=8265"},"modified":"2025-09-03T17:15:56","modified_gmt":"2025-09-03T20:15:56","slug":"el-heroe-libertario-que-rescato-a-espert-era-un-barrabrava-acusado-de-intento-de-homicidio","status":"publish","type":"post","link":"https:\/\/www.enorsai.com\/noticias\/politica\/el-heroe-libertario-que-rescato-a-espert-era-un-barrabrava-acusado-de-intento-de-homicidio\/","title":{"rendered":"El \u201ch\u00e9roe libertario\u201d que rescat\u00f3 a Espert era un barrabrava acusado de intento de homicidio"},"content":{"rendered":"\n<p>El ins\u00f3lito episodio que tuvo como protagonista a Jos\u00e9 Luis Espert en la caravana de Javier Milei en Lomas de Zamora revel\u00f3 un trasfondo mucho m\u00e1s oscuro que el relato oficial. Mientras desde el gobierno se intent\u00f3 instalar la versi\u00f3n de que un \u201cvecino libertario\u201d lo hab\u00eda auxiliado para escapar de la supuesta \u201cviolencia kirchnerista\u201d, la realidad expuesta por el periodista Gustavo Grabia desnuda otra cara: el supuesto buen samaritano era, en verdad, un barrabrava del club Comunicaciones, con una causa abierta por intento de homicidio.<br><br>El barra en cuesti\u00f3n es Dami\u00e1n Rosatti, integrante de la barra de Comunicaciones, acusado de haber intentado asesinar a un dirigente de futsal del mismo club. Grabia, especialista en el mundo de las hinchadas y sus v\u00ednculos con la pol\u00edtica, relat\u00f3 que este personaje fue llevado a La Libertad Avanza de la mano de Sebasti\u00e1n Pareja, operador de Karina Milei en la provincia de Buenos Aires, conocido por reclutar barras para actos oficiales. De hecho, ya hab\u00eda antecedentes: en la asunci\u00f3n presidencial, barras de varios clubes fueron invitados a ocupar palcos en el Congreso, en un gesto que exhib\u00eda de manera expl\u00edcita la connivencia con estos sectores.<br><br>El dato m\u00e1s grave es que la causa judicial contra Rosatti, que estaba elevada a juicio, se paraliz\u00f3 s\u00fabitamente tras la victoria de Javier Milei. Seg\u00fan el testimonio del propio dirigente agredido, desde ese momento no hubo m\u00e1s movimientos en el expediente. La sospecha es evidente: protecci\u00f3n pol\u00edtica para un barra que, lejos de ser un \u201ch\u00e9roe libertario\u201d, aparece como un engranaje de la maquinaria de choque que acompa\u00f1a al oficialismo.<br><br>Mientras tanto, Espert intent\u00f3 recomponer su imagen p\u00fablica en una entrevista con Luis Majul, donde minimiz\u00f3 lo ocurrido y se present\u00f3 como un hombre que evit\u00f3 la confrontaci\u00f3n para no ser acusado de violento. El diputado ya carga con un historial inc\u00f3modo en torno a sus v\u00ednculos: en 2021 utiliz\u00f3 un avi\u00f3n ligado a un narcotraficante para su campa\u00f1a, y ahora fue rescatado por un barrabrava acusado de intento de asesinato.<br><br>El episodio vuelve a poner en evidencia las oscuras redes de poder que rodean al oficialismo libertario, donde barras, operadores judiciales y dirigentes se entremezclan en un esquema que desdibuja cualquier l\u00edmite entre pol\u00edtica e ilegalidad. El \u201cmotoquero solidario\u201d que el relato oficial quiso presentar termin\u00f3 siendo la muestra m\u00e1s clara de hasta qu\u00e9 punto el gobierno se sostiene en sectores marginales y violentos para blindarse frente al descontento social.<br><br>Fuente:<\/p>\n\n\n\n<ul class=\"wp-block-list\">\n<li>https:\/\/www.lapoliticaonline.com\/politica\/el-motoquero-que-rescato-a-espert-es-un-barra-acusado-de-tratar-de-matar-a-un-dirigente\/<\/li>\n<\/ul>\n\n\n\n<p><\/p>\n","protected":false},"excerpt":{"rendered":"<p>El ins\u00f3lito episodio que tuvo como protagonista a Jos\u00e9 Luis Espert en la caravana de Javier Milei en Lomas de Zamora revel\u00f3 un trasfondo mucho m\u00e1s oscuro que el relato oficial. Mientras desde el gobierno se intent\u00f3 instalar la versi\u00f3n de que un \u201cvecino libertario\u201d lo hab\u00eda auxiliado para escapar de la supuesta \u201cviolencia kirchnerista\u201d,&#8230;<\/p>\n","protected":false},"author":11,"featured_media":8266,"comment_status":"open","ping_status":"open","sticky":false,"template":"","format":"standard","meta":{"_monsterinsights_skip_tracking":false,"_monsterinsights_sitenote_active":false,"_monsterinsights_sitenote_note":"","_monsterinsights_sitenote_category":0,"footnotes":"","jetpack_publicize_message":"","jetpack_publicize_feature_enabled":true,"jetpack_social_post_already_shared":true,"jetpack_social_options":{"image_generator_settings":{"template":"highway","default_image_id":0,"font":"","enabled":false},"version":2}},"categories":[2],"tags":[],"class_list":["post-8265","post","type-post","status-publish","format-standard","has-post-thumbnail","hentry","category-politica"],"jetpack_publicize_connections":[],"_links":{"self":[{"href":"https:\/\/www.enorsai.com\/noticias\/wp-json\/wp\/v2\/posts\/8265","targetHints":{"allow":["GET"]}}],"collection":[{"href":"https:\/\/www.enorsai.com\/noticias\/wp-json\/wp\/v2\/posts"}],"about":[{"href":"https:\/\/www.enorsai.com\/noticias\/wp-json\/wp\/v2\/types\/post"}],"author":[{"embeddable":true,"href":"https:\/\/www.enorsai.com\/noticias\/wp-json\/wp\/v2\/users\/11"}],"replies":[{"embeddable":true,"href":"https:\/\/www.enorsai.com\/noticias\/wp-json\/wp\/v2\/comments?post=8265"}],"version-history":[{"count":1,"href":"https:\/\/www.enorsai.com\/noticias\/wp-json\/wp\/v2\/posts\/8265\/revisions"}],"predecessor-version":[{"id":8267,"href":"https:\/\/www.enorsai.com\/noticias\/wp-json\/wp\/v2\/posts\/8265\/revisions\/8267"}],"wp:featuredmedia":[{"embeddable":true,"href":"https:\/\/www.enorsai.com\/noticias\/wp-json\/wp\/v2\/media\/8266"}],"wp:attachment":[{"href":"https:\/\/www.enorsai.com\/noticias\/wp-json\/wp\/v2\/media?parent=8265"}],"wp:term":[{"taxonomy":"category","embeddable":true,"href":"https:\/\/www.enorsai.com\/noticias\/wp-json\/wp\/v2\/categories?post=8265"},{"taxonomy":"post_tag","embeddable":true,"href":"https:\/\/www.enorsai.com\/noticias\/wp-json\/wp\/v2\/tags?post=8265"}],"curies":[{"name":"wp","href":"https:\/\/api.w.org\/{rel}","templated":true}]}}