{"id":8257,"date":"2025-09-03T09:27:33","date_gmt":"2025-09-03T12:27:33","guid":{"rendered":"https:\/\/www.enorsai.com\/noticias\/?p=8257"},"modified":"2025-09-03T09:27:38","modified_gmt":"2025-09-03T12:27:38","slug":"carrio-apunto-contra-diputadas-oficialistas-y-falta-de-profesionalismo-te-infiltran-por-poner-gatos-en-las-listas","status":"publish","type":"post","link":"https:\/\/www.enorsai.com\/noticias\/politica\/carrio-apunto-contra-diputadas-oficialistas-y-falta-de-profesionalismo-te-infiltran-por-poner-gatos-en-las-listas\/","title":{"rendered":"Carri\u00f3 apunt\u00f3 contra diputadas oficialistas y \u201cfalta de profesionalismo\u201d: \u201cTe infiltran por poner gatos en las listas\u201d"},"content":{"rendered":"\n<p>Por Redacci\u00f3n Enorsai<\/p>\n\n\n\n<p>Elisa Carri\u00f3 volvi\u00f3 a encender la pol\u00e9mica al responsabilizar a las diputadas libertarias por la filtraci\u00f3n de audios, relacionando esta situaci\u00f3n con su ya repetida acusaci\u00f3n de que en el Congreso se incluy\u00f3 a \u201cgatos que se casan con esp\u00edas\u201d, lo que facilitar\u00eda la infiltraci\u00f3n de intereses ajenos y la baja calidad legislativa. Sus cr\u00edticas agitaron a\u00fan m\u00e1s el debate sobre el esc\u00e1ndalo de coimas y la interna oficialista.<a href=\"https:\/\/www.mdzol.com\/politica\/la-teoria-elisa-carrio-la-filtracion-audios-les-pasa-poner-gatos-n1328107\" target=\"_blank\" rel=\"noreferrer noopener\">[MDZ]<\/a><\/p>\n\n\n\n<h2 class=\"wp-block-heading\">Carri\u00f3 y la guerra de filtraciones en el Congreso<\/h2>\n\n\n\n<p>Invitada a Cenital, Carri\u00f3 asegur\u00f3 que la filtraci\u00f3n de los audios que comprometen a Karina Milei y la c\u00fapula libertaria fue posible porque \u201cles pasa por poner gatos que se casan con esp\u00edas\u201d. Seg\u00fan la l\u00edder de la Coalici\u00f3n C\u00edvica, el armado de listas con personas \u201csin trayectoria\u201d y \u201cde la noche\u201d facilita la infiltraci\u00f3n y la manipulaci\u00f3n pol\u00edtica dentro del Congreso.<a href=\"https:\/\/www.pregon.com.ar\/nota\/-47536\/2025\/09\/carrio-atribuyo-las-filtraciones-de-los-audios-a-los-gatos-que-se-casan-con-espias\" target=\"_blank\" rel=\"noreferrer noopener\">[Preg\u00f3n]<\/a><\/p>\n\n\n\n<ul class=\"wp-block-list\">\n<li>Carri\u00f3 reiter\u00f3 que la hermana del presidente, Karina Milei, \u201ces el personaje m\u00e1s oscuro\u201d del Gobierno y volvi\u00f3 a se\u00f1alarla como la \u201ccajera\u201d de los fondos oficiales.<\/li>\n\n\n\n<li>Acus\u00f3 al propio Milei de estar al tanto de los manejos irregulares y de sumar personajes marginales y sin experiencia pol\u00edtica a la funci\u00f3n p\u00fablica.<a href=\"https:\/\/www.mdzol.com\/politica\/la-teoria-elisa-carrio-la-filtracion-audios-les-pasa-poner-gatos-n1328107\" target=\"_blank\" rel=\"noreferrer noopener\">[MDZ]<\/a><\/li>\n\n\n\n<li>Denunci\u00f3 la baj\u00edsima calidad legislativa y el \u201cfestival de infiltraciones\u201d, que atribuye al armado de listas del oficialismo.<a href=\"https:\/\/www.pregon.com.ar\/nota\/-47536\/2025\/09\/carrio-atribuyo-las-filtraciones-de-los-audios-a-los-gatos-que-se-casan-con-espias\" target=\"_blank\" rel=\"noreferrer noopener\">[Preg\u00f3n]<\/a><\/li>\n<\/ul>\n\n\n\n<h2 class=\"wp-block-heading\">Gobierno bajo ataque por filtraciones, espionaje y coimas<\/h2>\n\n\n\n<p>El debate medi\u00e1tico se centra ahora en la \u201cguerra de espionaje\u201d en el Congreso y los intentos del gobierno de desviar la atenci\u00f3n desde el contenido de los audios\u2014que relatar\u00edan un esquema de coimas\u2014hacia la cuesti\u00f3n de la infiltraci\u00f3n y las operaciones externas.<\/p>\n\n\n\n<p>Patricia Bullrich es criticada por confundir sus propias denuncias, pedir allanamientos a periodistas para despu\u00e9s negarlo y no tener claridad sobre los alcances de las causas de espionaje. \u201cEl gobierno intenta instalar una cortina de humo para gambetear el verdadero esc\u00e1ndalo: lo que se dijo sobre las coimas y la operatoria oficialista\u201d, denuncian desde la oposici\u00f3n.<\/p>\n\n\n\n<ul class=\"wp-block-list\">\n<li>Diego Spaniolo, cercano a Milei y ahora ca\u00eddo en desgracia, simboliza para la prensa la informalidad, marginalidad y desprofesionalizaci\u00f3n del c\u00edrculo libertario.<\/li>\n\n\n\n<li>El oficialismo responde a las preguntas sobre el d\u00f3lar y la pol\u00edtica econ\u00f3mica con frases elusivas mientras crece la incertidumbre en la city y la presi\u00f3n social.<a href=\"https:\/\/www.pregon.com.ar\/nota\/-47536\/2025\/09\/carrio-atribuyo-las-filtraciones-de-los-audios-a-los-gatos-que-se-casan-con-espias\" target=\"_blank\" rel=\"noreferrer noopener\">[Preg\u00f3n]<\/a><\/li>\n<\/ul>\n\n\n\n<p><strong>Infograf\u00eda | Las acusaciones de Carri\u00f3 y la crisis libertaria<\/strong><\/p>\n\n\n\n<figure class=\"wp-block-table\"><table class=\"has-fixed-layout\"><tbody><tr><th>Tema<\/th><th>Detalle<\/th><\/tr><tr><td>Filtraci\u00f3n de audios<\/td><td>Carri\u00f3 lo atribuye a diputadas libertarias con poca trayectoria y \u201cchicas de la noche\u201d<\/td><\/tr><tr><td>Karina Milei<\/td><td>Se\u00f1alada como personaje clave y \u201ccajera\u201d de fondos p\u00fablicos<\/td><\/tr><tr><td>Espionaje y confusi\u00f3n oficial<\/td><td>Bullrich y otros funcionarios difunden versiones contradictorias y desv\u00edan el foco del contenido<\/td><\/tr><tr><td>Calidad legislativa<\/td><td>Denuncia de decadencia y falta de profesionalismo en el Congreso<\/td><\/tr><\/tbody><\/table><\/figure>\n\n\n\n<h2 class=\"wp-block-heading\">Conclusi\u00f3n: crisis institucional y guerra de acusaciones<\/h2>\n\n\n\n<p>La crisis de filtraciones en el oficialismo expone \u201cpandillas y marginales\u201d en el Congreso, seg\u00fan Carri\u00f3, y deja al gobierno en el peor esc\u00e1ndalo interno de su gesti\u00f3n. Mientras, las denuncias por corrupci\u00f3n y espionaje ensombrecen el ambiente pol\u00edtico y podr\u00edan impactar fuertemente en la din\u00e1mica electoral y la confianza en la nueva dirigencia.<\/p>\n\n\n\n<p>M\u00e1s cobertura y an\u00e1lisis en <a href=\"https:\/\/www.enorsai.com.ar\/politica\/2025\/09\/03\/carrio-filtraciones-gatos-congreso-milei-karina.html\">Enorsai<\/a>, <a href=\"https:\/\/www.mdzol.com\/politica\/la-teoria-elisa-carrio-la-filtracion-audios-les-pasa-poner-gatos-n1328107\" target=\"_blank\" rel=\"noreferrer noopener\">MDZ<\/a> y <a href=\"https:\/\/www.pregon.com.ar\/nota\/-47536\/2025\/09\/carrio-atribuyo-las-filtraciones-de-los-audios-a-los-gatos-que-se-casan-con-espias\" target=\"_blank\" rel=\"noreferrer noopener\">Preg\u00f3n<\/a>.<\/p>\n\n\n\n<p><strong>Reflexi\u00f3n final:<\/strong> Carri\u00f3: \u201cEl Congreso se llen\u00f3 de marginales y esp\u00edas por decisiones del propio oficialismo\u201d. El esc\u00e1ndalo sigue creciendo y la institucionalidad tambalea.<\/p>\n\n\n\n<p>Dejanos tu comentario debajo o escribinos a <a href=\"mailto:enorsaionline@gmail.com\">enorsaionline@gmail.com<\/a><\/p>\n\n\n\n<h2 class=\"wp-block-heading\">Preguntas frecuentes sobre la acusaci\u00f3n de Carri\u00f3 y la crisis en el Congreso<\/h2>\n\n\n\n<h3 class=\"wp-block-heading\">\u00bfPor qu\u00e9 Carri\u00f3 culpa a las diputadas oficialistas por la filtraci\u00f3n?<\/h3>\n\n\n\n<p>Sostiene que incorporar personas \u201csin trayectoria\u201d y de la noche facilit\u00f3 el acceso de esp\u00edas e intereses marginales al Congreso, que ahora filtran informaci\u00f3n sensible.<\/p>\n\n\n\n<h3 class=\"wp-block-heading\">\u00bfC\u00f3mo define Carri\u00f3 a Karina Milei?<\/h3>\n\n\n\n<p>La considera \u201cel personaje m\u00e1s oscuro\u201d del gobierno y la \u201ccajera\u201d de los negocios familiares, inseparable del presidente Milei.<\/p>\n\n\n\n<h3 class=\"wp-block-heading\">\u00bfCu\u00e1les son las cr\u00edticas por el manejo del esc\u00e1ndalo?<\/h3>\n\n\n\n<p>El gobierno y la ministra Bullrich son acusados de buscar distraer con denuncias de espionaje y operativos espectaculares, en vez de responder sobre las coimas y corrupci\u00f3n expuestas.<\/p>\n\n\n\n<h3 class=\"wp-block-heading\">\u00bfQu\u00e9 impacto tiene este esc\u00e1ndalo en la pol\u00edtica argentina?<\/h3>\n\n\n\n<p>Desgasta al oficialismo, agrava la crisis de confianza institucional y suma incertidumbre en a\u00f1o electoral.<\/p>\n\n\n\n<h3 class=\"wp-block-heading\">\u00bfD\u00f3nde ampliar informaci\u00f3n sobre la crisis en el Congreso?<\/h3>\n\n\n\n<p>Enorsai, Preg\u00f3n y MDZ brindan seguimiento y an\u00e1lisis actualizado sobre filtraciones, coimas y las denuncias cruzadas en el Parlamento.<\/p>\n","protected":false},"excerpt":{"rendered":"<p>Por Redacci\u00f3n Enorsai Elisa Carri\u00f3 volvi\u00f3 a encender la pol\u00e9mica al responsabilizar a las diputadas libertarias por la filtraci\u00f3n de audios, relacionando esta situaci\u00f3n con su ya repetida acusaci\u00f3n de que en el Congreso se incluy\u00f3 a \u201cgatos que se casan con esp\u00edas\u201d, lo que facilitar\u00eda la infiltraci\u00f3n de intereses ajenos y la baja calidad&#8230;<\/p>\n","protected":false},"author":4,"featured_media":8258,"comment_status":"open","ping_status":"open","sticky":false,"template":"","format":"standard","meta":{"_monsterinsights_skip_tracking":false,"_monsterinsights_sitenote_active":false,"_monsterinsights_sitenote_note":"","_monsterinsights_sitenote_category":0,"footnotes":"","jetpack_publicize_message":"Carri\u00f3: \u201cEl Congreso se llen\u00f3 de marginales y eso explica el esc\u00e1ndalo de las filtraciones\u201d\n\n","jetpack_publicize_feature_enabled":true,"jetpack_social_post_already_shared":false,"jetpack_social_options":{"image_generator_settings":{"template":"highway","default_image_id":0,"font":"","enabled":false},"version":2}},"categories":[17,2],"tags":[],"class_list":["post-8257","post","type-post","status-publish","format-standard","has-post-thumbnail","hentry","category-opinion","category-politica"],"jetpack_publicize_connections":[],"_links":{"self":[{"href":"https:\/\/www.enorsai.com\/noticias\/wp-json\/wp\/v2\/posts\/8257","targetHints":{"allow":["GET"]}}],"collection":[{"href":"https:\/\/www.enorsai.com\/noticias\/wp-json\/wp\/v2\/posts"}],"about":[{"href":"https:\/\/www.enorsai.com\/noticias\/wp-json\/wp\/v2\/types\/post"}],"author":[{"embeddable":true,"href":"https:\/\/www.enorsai.com\/noticias\/wp-json\/wp\/v2\/users\/4"}],"replies":[{"embeddable":true,"href":"https:\/\/www.enorsai.com\/noticias\/wp-json\/wp\/v2\/comments?post=8257"}],"version-history":[{"count":1,"href":"https:\/\/www.enorsai.com\/noticias\/wp-json\/wp\/v2\/posts\/8257\/revisions"}],"predecessor-version":[{"id":8259,"href":"https:\/\/www.enorsai.com\/noticias\/wp-json\/wp\/v2\/posts\/8257\/revisions\/8259"}],"wp:featuredmedia":[{"embeddable":true,"href":"https:\/\/www.enorsai.com\/noticias\/wp-json\/wp\/v2\/media\/8258"}],"wp:attachment":[{"href":"https:\/\/www.enorsai.com\/noticias\/wp-json\/wp\/v2\/media?parent=8257"}],"wp:term":[{"taxonomy":"category","embeddable":true,"href":"https:\/\/www.enorsai.com\/noticias\/wp-json\/wp\/v2\/categories?post=8257"},{"taxonomy":"post_tag","embeddable":true,"href":"https:\/\/www.enorsai.com\/noticias\/wp-json\/wp\/v2\/tags?post=8257"}],"curies":[{"name":"wp","href":"https:\/\/api.w.org\/{rel}","templated":true}]}}