{"id":8248,"date":"2025-09-03T06:16:32","date_gmt":"2025-09-03T09:16:32","guid":{"rendered":"https:\/\/www.enorsai.com\/noticias\/?p=8248"},"modified":"2025-09-03T06:16:42","modified_gmt":"2025-09-03T09:16:42","slug":"los-negocios-turbios-de-la-candidata-no2-de-lla-en-las-elecciones-de-este-domingo-en-la-tercera","status":"publish","type":"post","link":"https:\/\/www.enorsai.com\/noticias\/politica\/los-negocios-turbios-de-la-candidata-no2-de-lla-en-las-elecciones-de-este-domingo-en-la-tercera\/","title":{"rendered":"Los negocios turbios de la candidata N\u00ba2 de LLA en las elecciones de este domingo en la\u00a0Tercera"},"content":{"rendered":"\n<p>Mientras Milei se llena la boca hablando de \u201cla casta\u201d y de \u201clos privilegios\u201d, en la Tercera Secci\u00f3n electoral de la Provincia de Buenos Aires su lista est\u00e1 encabezada por personajes que son la definici\u00f3n misma de esos privilegios. Uno de los casos m\u00e1s llamativos es el de&nbsp;<strong>Mar\u00eda \u201cMaru\u201d Sotolano<\/strong>, segunda en la boleta de La Libertad Avanza para este domingo 7 de septiembre, quien supo ser due\u00f1a de una empresa que recibi\u00f3&nbsp;<strong>jugosos contratos directos del gobierno porte\u00f1o<\/strong>&nbsp;mientras militaba en las filas del PRO.<\/p>\n\n\n\n<figure class=\"wp-block-image\"><img decoding=\"async\" src=\"https:\/\/noticiaslainsuperable.com.ar\/wp-content\/uploads\/2025\/09\/qqq-5.png?w=1014\" alt=\"\" class=\"wp-image-103654\"\/><\/figure>\n\n\n\n<h2 class=\"wp-block-heading\">De la Juventud PRO a los negocios con Macri<\/h2>\n\n\n\n<p>Sotolano, quilme\u00f1a de 44 a\u00f1os, es una&nbsp;<strong>militante PRO de la primera hora<\/strong>. Integrante de la Juventud que acompa\u00f1\u00f3 a Mauricio Macri cuando era Jefe de Gobierno, siempre estuvo bajo el ala de Jorge Macri, quien termin\u00f3 por ubicarla en lugares estrat\u00e9gicos de las listas.<\/p>\n\n\n\n<figure class=\"wp-block-image\"><img decoding=\"async\" src=\"https:\/\/noticiaslainsuperable.com.ar\/wp-content\/uploads\/2025\/09\/qq2-4.png?w=599\" alt=\"\" class=\"wp-image-103658\"\/><\/figure>\n\n\n\n<p>Pero&nbsp;<strong>no era ninguna outsider<\/strong>&nbsp;ni mucho menos \u201cnueva pol\u00edtica\u201d. Es hija del recientemente fallecido Daniel Jes\u00fas Sotolano, hist\u00f3rico militante radical y funcionario municipal de la Alianza en Quilmes, y construy\u00f3 su carrera gracias al respaldo de los Macri.<\/p>\n\n\n\n<p>Pero su \u201chistoria pol\u00edtica\u201d no se entiende sin su costado empresarial. En 2008 fund\u00f3 junto a su hermano Cristian y a un socio de origen chino la firma&nbsp;<strong>FEMAC International SRL<\/strong>, una sociedad de amplio espectro que inclu\u00eda construcci\u00f3n, importaci\u00f3n y exportaci\u00f3n, consultor\u00eda y, sobre todo,&nbsp;<strong>servicios de limpieza y mantenimiento edilicio<\/strong>.<\/p>\n\n\n\n<figure class=\"wp-block-image\"><img decoding=\"async\" src=\"https:\/\/noticiaslainsuperable.com.ar\/wp-content\/uploads\/2025\/09\/qq3-3.png?w=539\" alt=\"\" class=\"wp-image-103650\"\/><\/figure>\n\n\n\n<p>La misma Mar\u00eda Sotolano figuraba como&nbsp;<strong>socia gerente<\/strong>, con poder de direcci\u00f3n y representaci\u00f3n durante toda la vida de la sociedad.<\/p>\n\n\n\n<h2 class=\"wp-block-heading\">Los contratos \u201ca medida\u201d<\/h2>\n\n\n\n<p>Los favores no tardaron en llegar. En octubre de 2014, el gobierno porte\u00f1o invit\u00f3 a FEMAC a cotizar en una contrataci\u00f3n directa. Resultado: la empresa de Sotolano se qued\u00f3 con un contrato del&nbsp;<strong>Ente de Turismo<\/strong>&nbsp;para \u201cservicios de limpieza integral y mantenimiento edilicio\u201d junto con aire acondicionado.<\/p>\n\n\n\n<figure class=\"wp-block-image\"><img decoding=\"async\" src=\"https:\/\/noticiaslainsuperable.com.ar\/wp-content\/uploads\/2025\/09\/qq4-3.png?w=544\" alt=\"\" class=\"wp-image-103651\"\/><\/figure>\n\n\n\n<p>Al a\u00f1o siguiente, en julio de 2015,&nbsp;<strong>otro contrato todav\u00eda m\u00e1s jugoso<\/strong>: el Ministerio de Desarrollo Econ\u00f3mico de la Ciudad le adjudic\u00f3 a FEMAC&nbsp;<strong>$1.823.880<\/strong>&nbsp;por el mantenimiento del aire acondicionado en el&nbsp;<strong>Centro Metropolitano de Dise\u00f1o y El Dorrego<\/strong>.<\/p>\n\n\n\n<figure class=\"wp-block-image\"><img decoding=\"async\" src=\"https:\/\/noticiaslainsuperable.com.ar\/wp-content\/uploads\/2025\/09\/qq5-2.png?w=597\" alt=\"\" class=\"wp-image-103652\"\/><\/figure>\n\n\n\n<p>Y por qu\u00e9 no alg\u00fan gastito extraordinario tambi\u00e9n como para acrecentar el n\u00famero, como el otorgado a trav\u00e9s de la DISPOSICI\u00d3N N.\u00b0 118\/DGTALET\/15.<\/p>\n\n\n\n<figure class=\"wp-block-image\"><img decoding=\"async\" src=\"https:\/\/noticiaslainsuperable.com.ar\/wp-content\/uploads\/2025\/09\/qq3.png?w=614\" alt=\"\" class=\"wp-image-103656\"\/><\/figure>\n\n\n\n<p>Todo esto suced\u00eda&nbsp;<strong>mientras Sotolano constru\u00eda su carrera pol\u00edtica<\/strong>&nbsp;en el PRO y su hermano Cristian, casualmente, aparec\u00eda como generoso aportante de campa\u00f1a.<\/p>\n\n\n\n<p><\/p>\n\n\n\n<h2 class=\"wp-block-heading\">Del negocio privado al desastre p\u00fablico<\/h2>\n\n\n\n<p>Luego del festival de contratos, Maru Sotolano dio el salto al municipio de Quilmes, cuando el cocinero devenido intendente&nbsp;<strong>Martiniano Molina<\/strong>&nbsp;la design\u00f3 al frente de la Secretar\u00eda de Desarrollo Social. Su gesti\u00f3n fue, como la de todo el gobierno de Molina, un verdadero&nbsp;<strong>fracaso<\/strong>, recordado por la falta de asistencia a los sectores m\u00e1s postergados del distrito.<\/p>\n\n\n\n<p>M\u00e1s tarde, recal\u00f3 como concejal, siempre de la mano de Jorge Macri. Ahora, Milei la presenta como \u201crenovaci\u00f3n\u201d y \u201canticasta\u201d en su boleta, como si su curr\u00edculum no estuviera plagado de contratos directos, acomodos y favores pol\u00edticos.<\/p>\n","protected":false},"excerpt":{"rendered":"<p>Mientras Milei se llena la boca hablando de \u201cla casta\u201d y de \u201clos privilegios\u201d, en la Tercera Secci\u00f3n electoral de la Provincia de Buenos Aires su lista est\u00e1 encabezada por personajes que son la definici\u00f3n misma de esos privilegios. Uno de los casos m\u00e1s llamativos es el de&nbsp;Mar\u00eda \u201cMaru\u201d Sotolano, segunda en la boleta de&#8230;<\/p>\n","protected":false},"author":16,"featured_media":8249,"comment_status":"open","ping_status":"open","sticky":false,"template":"","format":"standard","meta":{"_monsterinsights_skip_tracking":false,"_monsterinsights_sitenote_active":false,"_monsterinsights_sitenote_note":"","_monsterinsights_sitenote_category":0,"footnotes":"","jetpack_publicize_message":"","jetpack_publicize_feature_enabled":true,"jetpack_social_post_already_shared":true,"jetpack_social_options":{"image_generator_settings":{"template":"highway","default_image_id":0,"font":"","enabled":false},"version":2}},"categories":[2],"tags":[],"class_list":["post-8248","post","type-post","status-publish","format-standard","has-post-thumbnail","hentry","category-politica"],"jetpack_publicize_connections":[],"_links":{"self":[{"href":"https:\/\/www.enorsai.com\/noticias\/wp-json\/wp\/v2\/posts\/8248","targetHints":{"allow":["GET"]}}],"collection":[{"href":"https:\/\/www.enorsai.com\/noticias\/wp-json\/wp\/v2\/posts"}],"about":[{"href":"https:\/\/www.enorsai.com\/noticias\/wp-json\/wp\/v2\/types\/post"}],"author":[{"embeddable":true,"href":"https:\/\/www.enorsai.com\/noticias\/wp-json\/wp\/v2\/users\/16"}],"replies":[{"embeddable":true,"href":"https:\/\/www.enorsai.com\/noticias\/wp-json\/wp\/v2\/comments?post=8248"}],"version-history":[{"count":1,"href":"https:\/\/www.enorsai.com\/noticias\/wp-json\/wp\/v2\/posts\/8248\/revisions"}],"predecessor-version":[{"id":8250,"href":"https:\/\/www.enorsai.com\/noticias\/wp-json\/wp\/v2\/posts\/8248\/revisions\/8250"}],"wp:featuredmedia":[{"embeddable":true,"href":"https:\/\/www.enorsai.com\/noticias\/wp-json\/wp\/v2\/media\/8249"}],"wp:attachment":[{"href":"https:\/\/www.enorsai.com\/noticias\/wp-json\/wp\/v2\/media?parent=8248"}],"wp:term":[{"taxonomy":"category","embeddable":true,"href":"https:\/\/www.enorsai.com\/noticias\/wp-json\/wp\/v2\/categories?post=8248"},{"taxonomy":"post_tag","embeddable":true,"href":"https:\/\/www.enorsai.com\/noticias\/wp-json\/wp\/v2\/tags?post=8248"}],"curies":[{"name":"wp","href":"https:\/\/api.w.org\/{rel}","templated":true}]}}