{"id":8240,"date":"2025-09-02T22:34:01","date_gmt":"2025-09-03T01:34:01","guid":{"rendered":"https:\/\/www.enorsai.com\/noticias\/economia\/ternium-paralizada-220-despidos-alto-horno-apagado-y-milei-ausente-en-el-conflicto\/"},"modified":"2025-09-02T22:34:01","modified_gmt":"2025-09-03T01:34:01","slug":"ternium-paralizada-220-despidos-alto-horno-apagado-y-milei-ausente-en-el-conflicto","status":"publish","type":"post","link":"https:\/\/www.enorsai.com\/noticias\/economia\/ternium-paralizada-220-despidos-alto-horno-apagado-y-milei-ausente-en-el-conflicto\/","title":{"rendered":"Ternium paralizada: 220 despidos, alto horno apagado y Milei ausente en el conflicto"},"content":{"rendered":"\n<p>El conflicto gremial en la planta de Ternium en San Nicol\u00e1s paraliz\u00f3 al alto horno m\u00e1s importante de la sider\u00fargica, dejando en evidencia una puja que excede lo salarial y pone en jaque a una de las industrias clave del pa\u00eds. Los trabajadores de empresas contratistas, nucleados en la UOM, iniciaron un paro por tiempo indeterminado que no fue acatado a la conciliaci\u00f3n obligatoria dictada por el Gobierno. La situaci\u00f3n deriv\u00f3 en que la empresa decidiera detener el funcionamiento del horno por seguridad, afectando directamente la producci\u00f3n de acero.<br><br>La tensi\u00f3n creci\u00f3 tras la decisi\u00f3n de Ternium de rescindir contratos con la contratista Loberaz, lo que provoc\u00f3 220 despidos. Las cartas documento comenzaron a circular mientras la CGT regional convocaba a una movilizaci\u00f3n en San Nicol\u00e1s. Desde la UOM, el dirigente local Luis S\u00e1nchez confirm\u00f3 que se apag\u00f3 el alto horno, marcando un punto de no retorno en el conflicto. El secretario general de la UOM, Abel Furlan, denunci\u00f3 que, pese a cinco reuniones, la empresa se neg\u00f3 a atender los reclamos salariales, generando un \u201cescenario de angustia y tensi\u00f3n\u201d para m\u00e1s de mil doscientos trabajadores afectados.<br><br>Por su parte, Ternium calific\u00f3 de \u201cdesmedidas\u201d las demandas de los contratistas, argumentando que ya hab\u00edan actualizado las tarifas de las empresas prestadoras en la misma proporci\u00f3n que los aumentos otorgados a sus empleados directos. Seg\u00fan la compa\u00f1\u00eda, los pedidos gremiales se ubican entre un 38% y un 53% por encima de lo pactado en paritarias. Adem\u00e1s, la sider\u00fargica advirti\u00f3 sobre el dif\u00edcil contexto internacional de la industria del acero, marcado por la competencia china y una guerra de aranceles, sumado a la ca\u00edda de la construcci\u00f3n y el aumento de importaciones en Argentina.<br><br>La planta de San Nicol\u00e1s es estrat\u00e9gica: concentra la producci\u00f3n de chapas de acero destinadas a sectores como la construcci\u00f3n, la industria automotriz, la maquinaria agr\u00edcola y la energ\u00eda. La paralizaci\u00f3n del alto horno no solo compromete a la empresa y a los trabajadores, sino tambi\u00e9n al entramado industrial que depende de su producci\u00f3n.<br><br>El trasfondo gremial tambi\u00e9n se mezcla con la pol\u00edtica. Furlan, alineado al kirchnerismo, busca posicionarse como \u00fanico conductor de la CGT en el pr\u00f3ximo congreso, cuestionando el rol dialoguista de la actual c\u00fapula y reclamando un plan de lucha m\u00e1s duro contra el Gobierno. El caso Ternium, entonces, no es solo una pulseada por salarios: es una muestra de la fragilidad social y econ\u00f3mica que atraviesa el pa\u00eds, donde los conflictos laborales escalan r\u00e1pidamente en un escenario de ajuste, despidos y crisis industrial.<br><\/p>\n\n\n\n<p>Fuente:<\/p>\n\n\n\n<ul class=\"wp-block-list\">\n<li>https:\/\/www.infobae.com\/economia\/2025\/09\/02\/por-un-conflicto-gremial-se-paralizo-el-alto-horno-de-la-planta-de-ternium-en-san-nicolas\/?outputType=amp-type<\/li>\n<\/ul>\n","protected":false},"excerpt":{"rendered":"<p>El conflicto gremial en la planta de Ternium en San Nicol\u00e1s paraliz\u00f3 al alto horno m\u00e1s importante de la sider\u00fargica, dejando en evidencia una puja que excede lo salarial y pone en jaque a una de las industrias clave del pa\u00eds. Los trabajadores de empresas contratistas, nucleados en la UOM, iniciaron un paro por tiempo&#8230;<\/p>\n","protected":false},"author":11,"featured_media":8239,"comment_status":"open","ping_status":"open","sticky":false,"template":"","format":"standard","meta":{"_monsterinsights_skip_tracking":false,"_monsterinsights_sitenote_active":false,"_monsterinsights_sitenote_note":"","_monsterinsights_sitenote_category":0,"footnotes":"","jetpack_publicize_message":"","jetpack_publicize_feature_enabled":true,"jetpack_social_post_already_shared":true,"jetpack_social_options":{"image_generator_settings":{"template":"highway","default_image_id":0,"font":"","enabled":false},"version":2}},"categories":[3,4],"tags":[],"class_list":["post-8240","post","type-post","status-publish","format-standard","has-post-thumbnail","hentry","category-economia","category-sociedad"],"jetpack_publicize_connections":[],"_links":{"self":[{"href":"https:\/\/www.enorsai.com\/noticias\/wp-json\/wp\/v2\/posts\/8240","targetHints":{"allow":["GET"]}}],"collection":[{"href":"https:\/\/www.enorsai.com\/noticias\/wp-json\/wp\/v2\/posts"}],"about":[{"href":"https:\/\/www.enorsai.com\/noticias\/wp-json\/wp\/v2\/types\/post"}],"author":[{"embeddable":true,"href":"https:\/\/www.enorsai.com\/noticias\/wp-json\/wp\/v2\/users\/11"}],"replies":[{"embeddable":true,"href":"https:\/\/www.enorsai.com\/noticias\/wp-json\/wp\/v2\/comments?post=8240"}],"version-history":[{"count":0,"href":"https:\/\/www.enorsai.com\/noticias\/wp-json\/wp\/v2\/posts\/8240\/revisions"}],"wp:featuredmedia":[{"embeddable":true,"href":"https:\/\/www.enorsai.com\/noticias\/wp-json\/wp\/v2\/media\/8239"}],"wp:attachment":[{"href":"https:\/\/www.enorsai.com\/noticias\/wp-json\/wp\/v2\/media?parent=8240"}],"wp:term":[{"taxonomy":"category","embeddable":true,"href":"https:\/\/www.enorsai.com\/noticias\/wp-json\/wp\/v2\/categories?post=8240"},{"taxonomy":"post_tag","embeddable":true,"href":"https:\/\/www.enorsai.com\/noticias\/wp-json\/wp\/v2\/tags?post=8240"}],"curies":[{"name":"wp","href":"https:\/\/api.w.org\/{rel}","templated":true}]}}