{"id":8235,"date":"2025-09-02T20:55:26","date_gmt":"2025-09-02T23:55:26","guid":{"rendered":"https:\/\/www.enorsai.com\/noticias\/?p=8235"},"modified":"2025-09-02T20:55:34","modified_gmt":"2025-09-02T23:55:34","slug":"cfk-che-milei-que-quilombo-se-te-armo-dura-critica-por-la-crisis-economica-y-el-colapso-del-modelo-libertario","status":"publish","type":"post","link":"https:\/\/www.enorsai.com\/noticias\/politica\/cfk-che-milei-que-quilombo-se-te-armo-dura-critica-por-la-crisis-economica-y-el-colapso-del-modelo-libertario\/","title":{"rendered":"CFK: che Milei \u201c\u00a1Qu\u00e9 quilombo se te arm\u00f3!\u201d Dura cr\u00edtica por la crisis econ\u00f3mica y el colapso del modelo libertario"},"content":{"rendered":"\n<p>Por Redacci\u00f3n Enorsai<\/p>\n\n\n\n<p>La expresidenta Cristina Fern\u00e1ndez de Kirchner lanz\u00f3 una demoledora advertencia en redes sociales contra Javier Milei: se\u00f1ala el fracaso de la pol\u00edtica econ\u00f3mica, denuncia fuga de d\u00f3lares, tasas \u201cestratosf\u00e9ricas\u201d y el fin del relato liberal tras la intervenci\u00f3n del Banco Central en el mercado. \u201c\u00a1La vas a chocar mal!\u201d, alert\u00f3 CFK.<a href=\"https:\/\/www.lanacion.com.ar\/politica\/dolar-cristina-kirchner-apunto-contra-javier-milei-por-la-intervencion-del-gobierno-en-el-mercado-nid02092025\/\" target=\"_blank\" rel=\"noreferrer noopener\">[La Naci\u00f3n]<\/a><\/p>\n\n\n\n<h2 class=\"wp-block-heading\">De la cr\u00edtica pol\u00edtica al diagn\u00f3stico econ\u00f3mico: el posteo de CFK<\/h2>\n\n\n\n<p>La exmandataria public\u00f3 en X: \u201cAy, Milei, qu\u00e9 quilombo se te arm\u00f3\u2026 y no te lo digo por la coima de tu hermana, sino por lo cambiario y monetario. \u00a1La vas a chocar mal!\u201d En tono ir\u00f3nico, subraya que \u201cse te van los d\u00f3lares por la canaleta del turismo emisivo, la formaci\u00f3n de activos en el exterior (\u2018fuga\u2019), los intereses de la deuda, compras para el colch\u00f3n y las importaciones. Y de los pesos, mejor no hablemos\u201d<a href=\"https:\/\/www.cadena3.com\/noticia\/politica-y-economia\/cfk-durisima-con-milei-esto-no-te-cierra-ni-con-la-gente-afuera_460750\" target=\"_blank\" rel=\"noreferrer noopener\">[Cadena 3]<\/a>.<\/p>\n\n\n\n<ul class=\"wp-block-list\">\n<li>Denuncia la \u201cbola de nieve\u201d de pasivos en pesos del BCRA y tasas bancarias \u201cen la estrat\u00f3sfera\u201d que incentivan el carry trade pero anulan el cr\u00e9dito productivo.<\/li>\n\n\n\n<li>Cuestiona la ca\u00edda del consumo, la falta de d\u00f3lares y la incapacidad de Milei para frenar la fuga: \u201cEconomista experto en crecimiento con y sin dinero: sin pesos y sin d\u00f3lares\u201d.<\/li>\n\n\n\n<li>Sostiene que la intervenci\u00f3n en el MULC es una confesi\u00f3n de fracaso liberal: \u201cHoy, cuando decidiste la intervenci\u00f3n del Banco Central&#8230; terminaste de quemar los libritos de la escuela austr\u00edaca\u201d.<a href=\"https:\/\/www.ambito.com\/politica\/cristina-kirchner-cuestiono-javier-milei-las-ultimas-medidas-economicas-terminaste-quemar-los-libritos-la-escuelaaustriaca-n6185784\" target=\"_blank\" rel=\"noreferrer noopener\">[\u00c1mbito]<\/a><\/li>\n<\/ul>\n\n\n\n<p>CFK ya hab\u00eda advertido hace un a\u00f1o que el principal problema argentino era su car\u00e1cter bimonetario y el peso del endeudamiento externo. Ironiz\u00f3: \u201cAhora entiendo por qu\u00e9 no llegaste a ser arquero en primera: te tiran un colch\u00f3n y no lo ataj\u00e1s\u201d.<a href=\"https:\/\/lacuartaonline.com\/actualidad\/cristina-kirchner-cargo-contra-milei-ay-milei-que-quilombo-se-te-armo-10188\" target=\"_blank\" rel=\"noreferrer noopener\">[La Cuarta]<\/a> <\/p>\n\n\n\n<figure class=\"wp-block-embed is-type-rich is-provider-twitter wp-block-embed-twitter\"><div class=\"wp-block-embed__wrapper\">\n<blockquote class=\"twitter-tweet\" data-width=\"550\" data-dnt=\"true\"><p lang=\"es\" dir=\"ltr\">\u00a1Ay Milei!&#8230; Qu\u00e9 quilombo se te arm\u00f3\u2026<br><br>Y no te lo digo por la coima de tu hermana, sino por lo cambiario y monetario.<br><br>\u00a1La vas a chocar mal!<br><br>Se te van los d\u00f3lares por la canaleta del turismo emisivo, la formaci\u00f3n de activos en el exterior (en mi barrio le dicen \u201cfuga de\u2026<\/p>&mdash; Cristina Kirchner (@CFKArgentina) <a href=\"https:\/\/twitter.com\/CFKArgentina\/status\/1962989973583384830?ref_src=twsrc%5Etfw\">September 2, 2025<\/a><\/blockquote><script async src=\"https:\/\/platform.twitter.com\/widgets.js\" charset=\"utf-8\"><\/script>\n<\/div><\/figure>\n\n\n\n<h2 class=\"wp-block-heading\">Crisis pol\u00edtica y financiera: repercusiones y debate en medios<\/h2>\n\n\n\n<p>El mensaje de Cristina aceler\u00f3 el debate sobre la crisis pol\u00edtica: en C5N, panelistas y periodistas coincidieron en que el colapso cambiario y la tensi\u00f3n financiera ya dejaron sin rumbo al Gobierno, que contradice su relato interviniendo el mercado, subiendo encajes y aceptando la derrota del modelo de bandas cambiarias. El clima electoral bonaerense aumenta la incertidumbre.<a href=\"https:\/\/www.pagina12.com.ar\/854455-de-cristina-kirchner-a-milei-la-vas-a-chocar-mal\" target=\"_blank\" rel=\"noreferrer noopener\">[P\u00e1gina12]<\/a><\/p>\n\n\n\n<p>La oposici\u00f3n exige explicaciones, los mercados marcan una m\u00e1xima desconfianza y hasta los medios antes aliados del oficialismo cuestionan la diplomacia y las decisiones monetarias.<a href=\"https:\/\/www.laletrachica.com.ar\/nota\/23431\/cristina-kirchner-publico-un-durisimo-mensaje-contra-milei-la-vas-a-chocar-mal\/\" target=\"_blank\" rel=\"noreferrer noopener\">[La Letra Chica]<\/a>  <\/p>\n\n\n\n<figure class=\"wp-block-image size-full\"><img loading=\"lazy\" decoding=\"async\" width=\"1024\" height=\"1024\" src=\"https:\/\/www.enorsai.com\/noticias\/wp-content\/uploads\/2025\/09\/51ca5879-b8c1-4efe-a4bb-cbb89e2f220b.png\" alt=\"\" class=\"wp-image-8237\"\/><\/figure>\n\n\n\n<p><strong>Infograf\u00eda | Los ejes de la cr\u00edtica de CFK<\/strong><\/p>\n\n\n\n<figure class=\"wp-block-table\"><table class=\"has-fixed-layout\"><tbody><tr><th>Eje<\/th><th>Descripci\u00f3n<\/th><\/tr><tr><td>Fuga de d\u00f3lares<\/td><td>Compras por turismo, colch\u00f3n, formaci\u00f3n de activos y deuda externa minan las reservas.<\/td><\/tr><tr><td>Bola de nieve en pesos<\/td><td>Tasas alt\u00edsimas que anulan el cr\u00e9dito y alimentan el carry trade; ca\u00edda del consumo.<\/td><\/tr><tr><td>BCR interviniendo<\/td><td>La intervenci\u00f3n en el MULC significa el fracaso de las ideas liberales; fin de las bandas cambiarias.<\/td><\/tr><tr><td>Contexto electoral<\/td><td>Creciente incertidumbre y tensi\u00f3n social ante el futuro econ\u00f3mico inmediato.<\/td><\/tr><\/tbody><\/table><\/figure>\n\n\n\n<h2 class=\"wp-block-heading\">Conclusi\u00f3n: CFK y el efecto \u201ccolch\u00f3n\u201d sobre la econom\u00eda de Milei<\/h2>\n\n\n\n<p>Cristina Fern\u00e1ndez de Kirchner coloca en el centro de la escena la fuga de capitales, la destrucci\u00f3n de los instrumentos econ\u00f3micos oficiales y el colapso del cr\u00e9dito y el consumo, mientras el Gobierno reacciona tarde ante la presi\u00f3n financiera y electoral. El debate sobre el rumbo econ\u00f3mico y el modelo libertario queda abierto.<\/p>\n\n\n\n<p>Segu\u00ed el desarrollo y an\u00e1lisis pol\u00edtico-econ\u00f3mico de la crisis en <a href=\"https:\/\/www.enorsai.com.ar\/politica\/2025\/09\/02\/cristina-kirchner-quilombo-milei-cfk-colapso-monetario.html\">Enorsai<\/a> y coberturas originales en <a href=\"https:\/\/www.lanacion.com.ar\/politica\/dolar-cristina-kirchner-apunto-contra-javier-milei-por-la-intervencion-del-gobierno-en-el-mercado-nid02092025\/\" target=\"_blank\" rel=\"noreferrer noopener\">La Naci\u00f3n<\/a> y <a href=\"https:\/\/www.ambito.com\/politica\/cristina-kirchner-cuestiono-javier-milei-las-ultimas-medidas-economicas-terminaste-quemar-los-libritos-la-escuelaaustriaca-n6185784\" target=\"_blank\" rel=\"noreferrer noopener\">\u00c1mbito<\/a>.<\/p>\n\n\n\n<p><strong>Reflexi\u00f3n final:<\/strong> CFK: \u201cComo panelista es f\u00e1cil, pero como presidente no ataj\u00e1s ni un colch\u00f3n\u201d. La batalla por el futuro econ\u00f3mico y pol\u00edtico apenas comienza.<\/p>\n\n\n\n<p>Dejanos tu comentario debajo o escribinos a <a href=\"mailto:enorsaionline@gmail.com\">enorsaionline@gmail.com<\/a><\/p>\n\n\n\n<h2 class=\"wp-block-heading\">Preguntas frecuentes sobre la cr\u00edtica de CFK a la crisis econ\u00f3mica de Milei<\/h2>\n\n\n\n<h3 class=\"wp-block-heading\">\u00bfPor qu\u00e9 CFK dice \u201cqu\u00e9 quilombo se te arm\u00f3\u201d a Milei?<\/h3>\n\n\n\n<p>Porque se\u00f1ala la grave crisis econ\u00f3mica provocada por fuga de capitales, colapso monetario e incapacidad del gobierno para contener el d\u00f3lar y el consumo.<\/p>\n\n\n\n<h3 class=\"wp-block-heading\">\u00bfQu\u00e9 problemas cita Cristina sobre la econom\u00eda?<\/h3>\n\n\n\n<p>Fuga de d\u00f3lares, tasa de inter\u00e9s alt\u00edsima, intervenci\u00f3n del BCRA, ca\u00edda del consumo y endeudamiento externo.<\/p>\n\n\n\n<h3 class=\"wp-block-heading\">\u00bfQu\u00e9 mensaje pol\u00edtico deja la exmandataria?<\/h3>\n\n\n\n<p>Que Milei rompe su propio relato y modelo liberal ante el colapso financiero y muestra incapacidad para manejar la crisis estructural del pa\u00eds.<\/p>\n\n\n\n<h3 class=\"wp-block-heading\">\u00bfD\u00f3nde seguir el an\u00e1lisis del caso?<\/h3>\n\n\n\n<p>Enorsai, La Naci\u00f3n, \u00c1mbito y cadenas de noticias econ\u00f3micas analizan las consecuencias y reacciones al mensaje de CFK.<\/p>\n","protected":false},"excerpt":{"rendered":"<p>Cristina Kirchner lanz\u00f3 una dura advertencia a Milei: fuga de d\u00f3lares, tasas en las nubes y el derrumbe del modelo libertario ponen en jaque al gobierno. Debate en la previa electoral.<\/p>\n","protected":false},"author":4,"featured_media":8236,"comment_status":"open","ping_status":"open","sticky":false,"template":"","format":"standard","meta":{"_monsterinsights_skip_tracking":false,"_monsterinsights_sitenote_active":false,"_monsterinsights_sitenote_note":"","_monsterinsights_sitenote_category":0,"footnotes":"","jetpack_publicize_message":"CFK fulmina a Milei: crisis, fuga de d\u00f3lares y el colapso del modelo libertario\n\n","jetpack_publicize_feature_enabled":true,"jetpack_social_post_already_shared":false,"jetpack_social_options":{"image_generator_settings":{"template":"highway","default_image_id":0,"font":"","enabled":false},"version":2}},"categories":[2],"tags":[1048,3417,625,43,235,15,3416,227,45,3418,2380],"class_list":["post-8235","post","type-post","status-publish","format-standard","has-post-thumbnail","hentry","category-politica","tag-banco-central","tag-bola-de-nieve","tag-coimas","tag-crisis","tag-cristina-kirchner","tag-economia","tag-fuga-de-dolares","tag-inflacion","tag-milei","tag-quilombo","tag-tasas"],"jetpack_publicize_connections":[],"_links":{"self":[{"href":"https:\/\/www.enorsai.com\/noticias\/wp-json\/wp\/v2\/posts\/8235","targetHints":{"allow":["GET"]}}],"collection":[{"href":"https:\/\/www.enorsai.com\/noticias\/wp-json\/wp\/v2\/posts"}],"about":[{"href":"https:\/\/www.enorsai.com\/noticias\/wp-json\/wp\/v2\/types\/post"}],"author":[{"embeddable":true,"href":"https:\/\/www.enorsai.com\/noticias\/wp-json\/wp\/v2\/users\/4"}],"replies":[{"embeddable":true,"href":"https:\/\/www.enorsai.com\/noticias\/wp-json\/wp\/v2\/comments?post=8235"}],"version-history":[{"count":1,"href":"https:\/\/www.enorsai.com\/noticias\/wp-json\/wp\/v2\/posts\/8235\/revisions"}],"predecessor-version":[{"id":8238,"href":"https:\/\/www.enorsai.com\/noticias\/wp-json\/wp\/v2\/posts\/8235\/revisions\/8238"}],"wp:featuredmedia":[{"embeddable":true,"href":"https:\/\/www.enorsai.com\/noticias\/wp-json\/wp\/v2\/media\/8236"}],"wp:attachment":[{"href":"https:\/\/www.enorsai.com\/noticias\/wp-json\/wp\/v2\/media?parent=8235"}],"wp:term":[{"taxonomy":"category","embeddable":true,"href":"https:\/\/www.enorsai.com\/noticias\/wp-json\/wp\/v2\/categories?post=8235"},{"taxonomy":"post_tag","embeddable":true,"href":"https:\/\/www.enorsai.com\/noticias\/wp-json\/wp\/v2\/tags?post=8235"}],"curies":[{"name":"wp","href":"https:\/\/api.w.org\/{rel}","templated":true}]}}