{"id":8231,"date":"2025-09-02T20:23:11","date_gmt":"2025-09-02T23:23:11","guid":{"rendered":"https:\/\/www.enorsai.com\/noticias\/?p=8231"},"modified":"2025-09-02T20:23:40","modified_gmt":"2025-09-02T23:23:40","slug":"se-acabaron-las-bandas-por-que-el-gobierno-quemo-dolares-y-la-city-ya-teme-un-estallido-tras-octubre","status":"publish","type":"post","link":"https:\/\/www.enorsai.com\/noticias\/politica\/se-acabaron-las-bandas-por-que-el-gobierno-quemo-dolares-y-la-city-ya-teme-un-estallido-tras-octubre\/","title":{"rendered":"Se acabaron las bandas\u201d: por qu\u00e9 el Gobierno quem\u00f3 d\u00f3lares y la City ya teme un estallido tras octubre"},"content":{"rendered":"\n<p>Por Redacci\u00f3n Enorsai<\/p>\n\n\n\n<p>En di\u00e1logo con Pablo Duggan por Radio 10, el periodista econ\u00f3mico Leandro Renou explica por qu\u00e9 el gobierno adelant\u00f3 la ruptura del esquema cambiario de bandas m\u00f3viles pensado para despu\u00e9s de las elecciones, analiza el desgaste de las herramientas oficiales para frenar el d\u00f3lar y la inflaci\u00f3n, y advierte que la crisis argentina ya no es s\u00f3lo econ\u00f3mica sino pol\u00edtica.<\/p>\n\n\n\n<h2 class=\"wp-block-heading\">El Banco Central agota recursos y dinamita el propio esquema<\/h2>\n\n\n\n<p>Renou se\u00f1ala que la econom\u00eda argentina atraviesa un \u201chito de cambio de pol\u00edtica\u201d, an\u00e1logo al visto durante la administraci\u00f3n Macri ante la intervenci\u00f3n desesperada del Banco Central. El gobierno apost\u00f3 todo para contener la inflaci\u00f3n y el tipo de cambio: tom\u00f3 pr\u00e9stamo del FMI, promovi\u00f3 blanqueos, vendi\u00f3 reservas de soja, us\u00f3 contratos de d\u00f3lar futuro y tasas alt\u00edsimas; una sucesi\u00f3n de recursos agotados uno a uno. El \u00faltimo episodio, la venta directa de d\u00f3lares desde el Tesoro en el centro de la banda de flotaci\u00f3n, termin\u00f3 de romper el acuerdo con el FMI.<a href=\"https:\/\/www.iprofesional.com\/economia\/436027-dolar-senales-del-mercado-que-anticipan-fin-de-bandas-despues-octubre-2025\" target=\"_blank\" rel=\"noreferrer noopener\">[iProfesional]<\/a><a href=\"https:\/\/www.infobae.com\/economia\/2025\/07\/31\/el-techo-de-la-banca-de-flotacion-cual-es-el-precio-que-tiene-que-alcanzar-el-dolar-para-que-el-bcra-deba-vender-divisas\/\" target=\"_blank\" rel=\"noreferrer noopener\">[Infobae]<\/a><\/p>\n\n\n\n<p>El r\u00e9gimen de bandas m\u00f3viles establec\u00eda que el d\u00f3lar flotar\u00eda entre $1.000 y $1.400, con intervenciones del BCRA s\u00f3lo si se tocaban esos l\u00edmites. Pero ante el salto del d\u00f3lar cercano a 1.400 y el riesgo pa\u00eds superando los 920 puntos (entre los m\u00e1s altos del mundo), el gobierno se vio forzado a quemar reservas antes de la fecha prevista.<a href=\"https:\/\/www.bcra.gob.ar\/Noticias\/inicio-fase-3-programa-economico.asp\" target=\"_blank\" rel=\"noreferrer noopener\">[BCRA]<\/a><\/p>\n\n\n\n<h2 class=\"wp-block-heading\">De crisis econ\u00f3mica a crisis pol\u00edtica: desconfianza y falta de plan<\/h2>\n\n\n\n<ul class=\"wp-block-list\">\n<li>Seg\u00fan Renou, ya no alcanza con herramientas econ\u00f3micas: el mercado no le cree al gobierno y la se\u00f1al es el salto r\u00e9cord en el riesgo pa\u00eds.<\/li>\n\n\n\n<li>El gobierno apost\u00f3 a una econom\u00eda \u201cabierta y exitosa\u201d, pero en la realidad s\u00f3lo encuentra desconfianza y el riesgo de default aumenta.<\/li>\n\n\n\n<li>La demanda de d\u00f3lares minoristas sigue en r\u00e9cord y las reservas para sostener el tipo de cambio no alcanzan si la tendencia se prolonga.<\/li>\n\n\n\n<li>El propio mercado de futuros da por terminado el esquema de bandas apenas pasada la elecci\u00f3n de octubre: los contratos descuentan un d\u00f3lar mucho m\u00e1s alto para fin de a\u00f1o.<a href=\"https:\/\/www.iprofesional.com\/economia\/436027-dolar-senales-del-mercado-que-anticipan-fin-de-bandas-despues-octubre-2025\" target=\"_blank\" rel=\"noreferrer noopener\">[iProfesional]<\/a><a href=\"https:\/\/www.ambito.com\/economia\/javier-milei-monitorea-la-banda-superior-del-dolar-y-evalua-si-elimina-o-no-el-regimen-mayores-presiones-n6185116\" target=\"_blank\" rel=\"noreferrer noopener\">[\u00c1mbito]<\/a><\/li>\n<\/ul>\n\n\n\n<p>Renou destaca que todo el peso de la crisis recae ahora en una decisi\u00f3n pol\u00edtica de Milei: cambiar o no al ministro de Econom\u00eda (Caputo), algo que ni el \u201ccambio\u201d ni la \u201cpersistencia\u201d parecen viables sin quiebre o conflicto. El cambio era casi inevitable, pero la l\u00f3gica personalista y la falta de recambio bloquean la salida.<\/p>\n\n\n\n<h2 class=\"wp-block-heading\">\u00bfCu\u00e1nto aguanta el Banco Central hasta octubre?<\/h2>\n\n\n\n<p>Seg\u00fan los c\u00e1lculos expuestos en el reportaje, el gobierno vendi\u00f3 110 millones de d\u00f3lares en un solo d\u00eda para sostener el tipo de cambio y podr\u00eda disponer de alrededor de 1.000 millones m\u00e1s, pero ese stock podr\u00eda agotarse r\u00e1pido si la presi\u00f3n de la demanda minorista y la dolarizaci\u00f3n electoral se acent\u00faan.<\/p>\n\n\n\n<ul class=\"wp-block-list\">\n<li>En julio, entre d\u00f3lar turista, tarjeta y ahorro, los argentinos compraron casi $5.000 millones de d\u00f3lares.<\/li>\n\n\n\n<li>Si esa fuga mensual se repite, las reservas no alcanzan ni hasta el final del proceso electoral.<\/li>\n\n\n\n<li>La jugada tambi\u00e9n beneficia a los grandes inversores y bancos que lograron ganancia con tasas y fuga: el peque\u00f1o ahorrista o la clase media pierden con la corrida mientras los grandes operadores \u201cse van primero\u201d.<\/li>\n<\/ul>\n\n\n\n<p>El objetivo oficial es llegar a octubre con el \u201cd\u00f3lar quieto\u201d, aunque sea a costa de vaciar reservas.<\/p>\n\n\n\n<p><strong>Infograf\u00eda | El final anunciado del esquema de bandas<\/strong><\/p>\n\n\n\n<figure class=\"wp-block-table\"><table class=\"has-fixed-layout\"><tbody><tr><th>Tema<\/th><th>En detalle<\/th><\/tr><tr><td>Bandas m\u00f3viles<\/td><td>$1.000\u2013$1.400, ampliaci\u00f3n 1% mensual, intervenci\u00f3n al alcanzar topes<\/td><\/tr><tr><td>Riesgo pa\u00eds<\/td><td>920 puntos, el segundo m\u00e1s alto del mundo, Argentina a la par de Bolivia<\/td><\/tr><tr><td>Venta de reservas<\/td><td>110 millones\/d\u00eda (dato reciente), reservas calculadas en cerca de 1.000 millones utilizables<\/td><\/tr><tr><td>Mercado de futuros<\/td><td>Prev\u00e9 el quiebre del esquema tras las elecciones de octubre<\/td><\/tr><tr><td>Inflaci\u00f3n y d\u00f3lar<\/td><td>Contenidos a corto plazo, pero sin plan cre\u00edble ni d\u00f3lares suficientes a mediano<\/td><\/tr><\/tbody><\/table><\/figure>\n\n\n\n<h2 class=\"wp-block-heading\">Conclusi\u00f3n: argentina, en vilo entre la cr\u00f3nica y la pol\u00edtica<\/h2>\n\n\n\n<p>Renou cierra con una advertencia: ni el cambio ni la continuidad del equipo econ\u00f3mico solucionan la crisis de fondo. El problema super\u00f3 la econom\u00eda y es pol\u00edtico: sin credibilidad ni consenso, ni los mercados ni la sociedad creen en la hoja de ruta oficial.<\/p>\n\n\n\n<p>Segu\u00ed el an\u00e1lisis y la cobertura diaria de la crisis cambiaria y electoral en <a href=\"https:\/\/www.enorsai.com.ar\/economia\/2025\/09\/02\/bandas-cambiarias-renou-radio10-crisis-caputo-milei.html\">Enorsai<\/a>, y los documentos originales en <a href=\"https:\/\/www.bcra.gob.ar\/Noticias\/inicio-fase-3-programa-economico.asp\" target=\"_blank\" rel=\"noreferrer noopener\">el BCRA<\/a> y <a href=\"https:\/\/www.iprofesional.com\/economia\/436027-dolar-senales-del-mercado-que-anticipan-fin-de-bandas-despues-octubre-2025\" target=\"_blank\" rel=\"noreferrer noopener\">iProfesional<\/a>.<\/p>\n\n\n\n<p><strong>Reflexi\u00f3n final:<\/strong> La \u00faltima jugada de Milei y Caputo es llegar a octubre sin estallido, pero cada d\u00f3lar vendido apura el desenlace. Un gobierno sin d\u00f3lares ni confianza s\u00f3lo posterga el verdadero cambio: el pol\u00edtico.<\/p>\n\n\n\n<p>Dejanos tu comentario debajo o escribinos a <a href=\"mailto:enorsaionline@gmail.com\">enorsaionline@gmail.com<\/a><\/p>\n\n\n\n<h2 class=\"wp-block-heading\">Preguntas frecuentes sobre el derrumbe del esquema de bandas cambiarias<\/h2>\n\n\n\n<h3 class=\"wp-block-heading\">\u00bfQu\u00e9 significa que se haya \u201croto\u201d el esquema de bandas?<\/h3>\n\n\n\n<p>El Banco Central vendi\u00f3 d\u00f3lares dentro de la banda de flotaci\u00f3n antes de lo previsto, agotando el r\u00e9gimen acordado con el FMI y perdiendo la principal herramienta de contenci\u00f3n del d\u00f3lar.<\/p>\n\n\n\n<h3 class=\"wp-block-heading\">\u00bfCu\u00e1nto riesgo pa\u00eds tiene Argentina y qu\u00e9 indica?<\/h3>\n\n\n\n<p>El riesgo pa\u00eds supera los 900 puntos, ubicando a Argentina entre los peores pa\u00edses del mundo en acceso al cr\u00e9dito y se\u00f1alando completa desconfianza en el rumbo econ\u00f3mico.<\/p>\n\n\n\n<h3 class=\"wp-block-heading\">\u00bfPor qu\u00e9 el mercado prev\u00e9 el fin del r\u00e9gimen despu\u00e9s de octubre?<\/h3>\n\n\n\n<p>Las cotizaciones de d\u00f3lar futuro proyectan un salto del tipo de cambio m\u00e1s all\u00e1 del techo de la banda, descontando que el esquema ser\u00e1 abandonado tras las elecciones.<\/p>\n\n\n\n<h3 class=\"wp-block-heading\">\u00bfEs posible un cambio de ministro o de plan econ\u00f3mico?<\/h3>\n\n\n\n<p>Ambas alternativas son pol\u00edticamente complicadas: tanto cambiar al ministro como persistir en el mismo plan pueden desatar m\u00e1s crisis por la falta de credibilidad y rumbo.<\/p>\n\n\n\n<h3 class=\"wp-block-heading\">\u00bfD\u00f3nde seguir el tema con cobertura y an\u00e1lisis?<\/h3>\n\n\n\n<p>Enorsai, BCRA e iProfesional ofrecen seguimiento y an\u00e1lisis actualizado de la crisis cambiaria, el mercado de reservas y la pol\u00edtica monetaria nacional.<\/p>\n","protected":false},"excerpt":{"rendered":"<p>Por Redacci\u00f3n Enorsai En di\u00e1logo con Pablo Duggan por Radio 10, el periodista econ\u00f3mico Leandro Renou explica por qu\u00e9 el gobierno adelant\u00f3 la ruptura del esquema cambiario de bandas m\u00f3viles pensado para despu\u00e9s de las elecciones, analiza el desgaste de las herramientas oficiales para frenar el d\u00f3lar y la inflaci\u00f3n, y advierte que la crisis&#8230;<\/p>\n","protected":false},"author":4,"featured_media":8232,"comment_status":"open","ping_status":"open","sticky":false,"template":"","format":"standard","meta":{"_monsterinsights_skip_tracking":false,"_monsterinsights_sitenote_active":false,"_monsterinsights_sitenote_note":"","_monsterinsights_sitenote_category":0,"footnotes":"","jetpack_publicize_message":"Leandro Renou explica por qu\u00e9 el gobierno adelant\u00f3 la ruptura del esquema cambiario de bandas m\u00f3viles pensado para despu\u00e9s de las elecciones,","jetpack_publicize_feature_enabled":true,"jetpack_social_post_already_shared":false,"jetpack_social_options":{"image_generator_settings":{"template":"highway","default_image_id":0,"font":"","enabled":false},"version":2}},"categories":[3,2],"tags":[1048,3414,184,43,3303,282,190,90,3415,45,66,2180],"class_list":["post-8231","post","type-post","status-publish","format-standard","has-post-thumbnail","hentry","category-economia","category-politica","tag-banco-central","tag-bandas-cambiarias","tag-caputo","tag-crisis","tag-crisis-cambiaria","tag-dolar","tag-elecciones","tag-fmi","tag-leandro-renou","tag-milei","tag-reservas","tag-riesgo-pais"],"jetpack_publicize_connections":[],"_links":{"self":[{"href":"https:\/\/www.enorsai.com\/noticias\/wp-json\/wp\/v2\/posts\/8231","targetHints":{"allow":["GET"]}}],"collection":[{"href":"https:\/\/www.enorsai.com\/noticias\/wp-json\/wp\/v2\/posts"}],"about":[{"href":"https:\/\/www.enorsai.com\/noticias\/wp-json\/wp\/v2\/types\/post"}],"author":[{"embeddable":true,"href":"https:\/\/www.enorsai.com\/noticias\/wp-json\/wp\/v2\/users\/4"}],"replies":[{"embeddable":true,"href":"https:\/\/www.enorsai.com\/noticias\/wp-json\/wp\/v2\/comments?post=8231"}],"version-history":[{"count":1,"href":"https:\/\/www.enorsai.com\/noticias\/wp-json\/wp\/v2\/posts\/8231\/revisions"}],"predecessor-version":[{"id":8233,"href":"https:\/\/www.enorsai.com\/noticias\/wp-json\/wp\/v2\/posts\/8231\/revisions\/8233"}],"wp:featuredmedia":[{"embeddable":true,"href":"https:\/\/www.enorsai.com\/noticias\/wp-json\/wp\/v2\/media\/8232"}],"wp:attachment":[{"href":"https:\/\/www.enorsai.com\/noticias\/wp-json\/wp\/v2\/media?parent=8231"}],"wp:term":[{"taxonomy":"category","embeddable":true,"href":"https:\/\/www.enorsai.com\/noticias\/wp-json\/wp\/v2\/categories?post=8231"},{"taxonomy":"post_tag","embeddable":true,"href":"https:\/\/www.enorsai.com\/noticias\/wp-json\/wp\/v2\/tags?post=8231"}],"curies":[{"name":"wp","href":"https:\/\/api.w.org\/{rel}","templated":true}]}}