{"id":8230,"date":"2025-09-02T18:48:24","date_gmt":"2025-09-02T21:48:24","guid":{"rendered":"https:\/\/www.enorsai.com\/noticias\/politica\/cfk-terminaste-de-quemar-los-libritos-de-la-escuela-austriaca\/"},"modified":"2025-09-02T18:48:24","modified_gmt":"2025-09-02T21:48:24","slug":"cfk-terminaste-de-quemar-los-libritos-de-la-escuela-austriaca","status":"publish","type":"post","link":"https:\/\/www.enorsai.com\/noticias\/politica\/cfk-terminaste-de-quemar-los-libritos-de-la-escuela-austriaca\/","title":{"rendered":"CFK: \u00abTerminaste de quemar los libritos de la escuela Austr\u00edaca\u00bb"},"content":{"rendered":"\n<p>Cristina Fern\u00e1ndez de Kirchner volvi\u00f3 a soltar una de esas intervenciones que no dejan margen para la ambig\u00fcedad. Con un tuit demoledor, la expresidenta apunt\u00f3 contra Javier Milei en el momento m\u00e1s delicado de su gesti\u00f3n: el giro abrupto en la pol\u00edtica cambiaria y la intervenci\u00f3n del Banco Central en el mercado de cambios. Y lo hizo con la iron\u00eda y la crudeza que la caracterizan: \u201c\u00a1Ay Milei!&#8230; Qu\u00e9 quilombo se te arm\u00f3\u2026 Y no te lo digo por la coima de tu hermana, sino por lo cambiario y monetario. \u00a1La vas a chocar mal!\u201d.<br><br>El mensaje expone lo que para CFK es el coraz\u00f3n del problema econ\u00f3mico: un esquema sin d\u00f3lares y sin pesos, con fuga de capitales, turismo emisivo, deuda, colchones y tasas bancarias en niveles imposibles. La vicepresidenta de dos mandatos record\u00f3 que Milei hab\u00eda prometido \u201cquemar el Banco Central\u201d, pero en lugar de eso termin\u00f3 alimentando una bola de nieve de pasivos remunerados y de intereses impagables. \u201cChau al cr\u00e9dito bancario\u201d, sentenci\u00f3, se\u00f1alando que hoy el descubierto en cuenta corriente roza el 100% de costo financiero total.<br><br>En el mismo texto, Cristina lo ridiculiza por la contradicci\u00f3n entre su dogmatismo de manual y la realidad que lo empuja a tirar por la borda la \u201cbiblia austr\u00edaca\u201d de la que tanto se jactaba. \u201cHoy, cuando decidiste la intervenci\u00f3n del Banco Central en el Mercado \u00danico y Libre de Cambio terminaste de quemar los libritos de la escuela Austr\u00edaca\u201d, dispar\u00f3.<br><br>Con el estilo sarc\u00e1stico que cultiva desde hace a\u00f1os, la expresidenta lo compar\u00f3 con su frustrado paso como arquero: \u201cTe tiran un colch\u00f3n y no lo ataj\u00e1s. \u00bfViste que como panelista en la tele es mucho m\u00e1s f\u00e1cil que como presidente en la Rosada?\u201d.<br><br>La estocada final lleg\u00f3 con un recordatorio hist\u00f3rico: el 11 de septiembre se cumplen 16 a\u00f1os de la ley que, bajo su gobierno, elimin\u00f3 el delito de calumnias e injurias para periodistas. \u201cImaginen si estuviera vigente hoy\u201d, remat\u00f3, en clara alusi\u00f3n a la ofensiva judicial y medi\u00e1tica que el oficialismo impulsa contra voces cr\u00edticas.<br><br>Cristina, una vez m\u00e1s, oper\u00f3 como term\u00f3metro y catalizador: donde la oposici\u00f3n calla, ella puso palabras. Y lo hizo en un momento en que el propio Milei acaba de dinamitar su discurso m\u00e1s preciado: el de la \u201cpureza\u201d ideol\u00f3gica y la \u201ccoherencia\u201d liberal. La expresidenta, lejos de dejarlo pasar, lo marc\u00f3 en carne viva: un presidente sin d\u00f3lares, sin pesos y sin rumbo.<br><br><\/p>\n","protected":false},"excerpt":{"rendered":"<p>Cristina Fern\u00e1ndez de Kirchner volvi\u00f3 a soltar una de esas intervenciones que no dejan margen para la ambig\u00fcedad. Con un tuit demoledor, la expresidenta apunt\u00f3 contra Javier Milei en el momento m\u00e1s delicado de su gesti\u00f3n: el giro abrupto en la pol\u00edtica cambiaria y la intervenci\u00f3n del Banco Central en el mercado de cambios. Y&#8230;<\/p>\n","protected":false},"author":1,"featured_media":8229,"comment_status":"open","ping_status":"open","sticky":false,"template":"","format":"standard","meta":{"_monsterinsights_skip_tracking":false,"_monsterinsights_sitenote_active":false,"_monsterinsights_sitenote_note":"","_monsterinsights_sitenote_category":0,"footnotes":"","jetpack_publicize_message":"","jetpack_publicize_feature_enabled":true,"jetpack_social_post_already_shared":true,"jetpack_social_options":{"image_generator_settings":{"template":"highway","default_image_id":0,"font":"","enabled":false},"version":2}},"categories":[2],"tags":[],"class_list":["post-8230","post","type-post","status-publish","format-standard","has-post-thumbnail","hentry","category-politica"],"jetpack_publicize_connections":[],"_links":{"self":[{"href":"https:\/\/www.enorsai.com\/noticias\/wp-json\/wp\/v2\/posts\/8230","targetHints":{"allow":["GET"]}}],"collection":[{"href":"https:\/\/www.enorsai.com\/noticias\/wp-json\/wp\/v2\/posts"}],"about":[{"href":"https:\/\/www.enorsai.com\/noticias\/wp-json\/wp\/v2\/types\/post"}],"author":[{"embeddable":true,"href":"https:\/\/www.enorsai.com\/noticias\/wp-json\/wp\/v2\/users\/1"}],"replies":[{"embeddable":true,"href":"https:\/\/www.enorsai.com\/noticias\/wp-json\/wp\/v2\/comments?post=8230"}],"version-history":[{"count":0,"href":"https:\/\/www.enorsai.com\/noticias\/wp-json\/wp\/v2\/posts\/8230\/revisions"}],"wp:featuredmedia":[{"embeddable":true,"href":"https:\/\/www.enorsai.com\/noticias\/wp-json\/wp\/v2\/media\/8229"}],"wp:attachment":[{"href":"https:\/\/www.enorsai.com\/noticias\/wp-json\/wp\/v2\/media?parent=8230"}],"wp:term":[{"taxonomy":"category","embeddable":true,"href":"https:\/\/www.enorsai.com\/noticias\/wp-json\/wp\/v2\/categories?post=8230"},{"taxonomy":"post_tag","embeddable":true,"href":"https:\/\/www.enorsai.com\/noticias\/wp-json\/wp\/v2\/tags?post=8230"}],"curies":[{"name":"wp","href":"https:\/\/api.w.org\/{rel}","templated":true}]}}