{"id":8226,"date":"2025-09-02T13:25:17","date_gmt":"2025-09-02T16:25:17","guid":{"rendered":"https:\/\/www.enorsai.com\/noticias\/politica\/en-plena-campana-bonaerense-el-presidente-viaja-a-los-angeles-y-evita-el-escandalo-de-las-vegas\/"},"modified":"2025-09-02T13:25:17","modified_gmt":"2025-09-02T16:25:17","slug":"en-plena-campana-bonaerense-el-presidente-viaja-a-los-angeles-y-evita-el-escandalo-de-las-vegas","status":"publish","type":"post","link":"https:\/\/www.enorsai.com\/noticias\/politica\/en-plena-campana-bonaerense-el-presidente-viaja-a-los-angeles-y-evita-el-escandalo-de-las-vegas\/","title":{"rendered":"En plena campa\u00f1a bonaerense, el Presidente viaja a Los \u00c1ngeles y evita el esc\u00e1ndalo de Las Vegas"},"content":{"rendered":"\n<p>El presidente Javier Milei volvi\u00f3 a alterar su agenda internacional en medio de un clima pol\u00edtico marcado por el esc\u00e1ndalo de los audios de la Casa Rosada y las tensiones internas en su propio espacio. El mandatario ten\u00eda previsto viajar tanto a Los \u00c1ngeles como a Las Vegas, pero finalmente decidi\u00f3 recortar el itinerario y concentrar su paso \u00fanicamente en la ciudad californiana, donde mantendr\u00e1 encuentros con empresarios e inversores hoteleros.<br><br>El viaje se produce en plena campa\u00f1a bonaerense y a tan solo d\u00edas de las elecciones, un contexto que alimenta las cr\u00edticas dentro y fuera del oficialismo por el momento elegido para abandonar el pa\u00eds. Si bien la Casa Rosada busc\u00f3 minimizar las suspicacias, la posibilidad de que Milei asistiera a un espect\u00e1culo de su expareja, F\u00e1tima Florez, en Las Vegas, se hab\u00eda instalado como un condimento inc\u00f3modo para el Gobierno, que finalmente opt\u00f3 por suprimir esa escala.<br><br>La visita a Los \u00c1ngeles fue confirmada por fuentes oficiales y responde a un compromiso asumido por el mandatario con Michael Milken, l\u00edder del Instituto que lleva su nombre, quien organiz\u00f3 una cumbre de empresarios inicialmente pensada para su casa en Malib\u00fa, pero que, ante el crecimiento de la convocatoria \u2014ya con m\u00e1s de 80 asistentes confirmados\u2014, se traslad\u00f3 a un hotel de mayor capacidad. Seg\u00fan el entorno presidencial, la expectativa por la presencia de Milei gener\u00f3 entusiasmo en los c\u00edrculos financieros norteamericanos, lo que explica el optimismo que transmiten desde Balcarce 50.<br><br>El ajuste en la agenda tambi\u00e9n oblig\u00f3 a reubicar reuniones con inversores hoteleros que deb\u00edan concretarse en Las Vegas. Ahora, esos encuentros se har\u00e1n en Los \u00c1ngeles, lo que permitir\u00e1 al Presidente adelantar su regreso y estar de vuelta en Argentina el viernes, antes de los comicios del domingo en la provincia de Buenos Aires. El operativo de traslado, sin embargo, queda condicionado a los tiempos de descanso reglamentarios de la tripulaci\u00f3n del ARG-01.<br><br>Entre las figuras que podr\u00edan sumarse a la gira se menciona al extenista espa\u00f1ol Rafael Nadal, que realiz\u00f3 inversiones hoteleras en el pa\u00eds y planeaba ver a Milei en Las Vegas. La posibilidad de que viaje a Los \u00c1ngeles todav\u00eda no fue confirmada. En cambio, s\u00ed se trasladar\u00e1 a la ciudad la ingeniera biom\u00e9dica salte\u00f1a Mar\u00eda Noel de Castro, la primera aspirante argentina a astronauta con una misi\u00f3n programada a la Estaci\u00f3n Espacial Internacional en 2027.<br><br>El mandatario regresar\u00e1 al pa\u00eds con el cronograma electoral bonaerense como prioridad inmediata, pero con otros compromisos internacionales en el horizonte. El 11 o 14 de septiembre prev\u00e9 viajar a Espa\u00f1a para participar de un acto del partido ultraderechista Vox y reunirse con empresarios, mientras que hacia fin de mes volver\u00e1 a subirse a un avi\u00f3n para asistir a la Asamblea General de la ONU en Nueva York. All\u00ed podr\u00eda mantener una bilateral con el primer ministro israel\u00ed, Benjam\u00edn Netanyahu, un encuentro que hab\u00eda quedado pendiente tras la cancelaci\u00f3n de su visita a la Argentina.<br><br>La decisi\u00f3n de ajustar la gira para acotarla a Los \u00c1ngeles refleja tanto la presi\u00f3n del calendario electoral interno como el intento de blindar pol\u00edticamente un viaje que, en medio del \u201caudiogate\u201d y de la censura judicial que intent\u00f3 frenar la difusi\u00f3n de los audios de Karina Milei, se hab\u00eda convertido en un riesgo para la imagen presidencial.<br><br>Fuente:<\/p>\n\n\n\n<ul class=\"wp-block-list\">\n<li>https:\/\/www.lanueva.com\/nota\/2025-9-2-12-27-0-cambio-de-planes-milei-viajara-solo-a-los-angeles-pero-no-ira-a-las-vegas<\/li>\n<\/ul>\n","protected":false},"excerpt":{"rendered":"<p>El presidente Javier Milei volvi\u00f3 a alterar su agenda internacional en medio de un clima pol\u00edtico marcado por el esc\u00e1ndalo de los audios de la Casa Rosada y las tensiones internas en su propio espacio. El mandatario ten\u00eda previsto viajar tanto a Los \u00c1ngeles como a Las Vegas, pero finalmente decidi\u00f3 recortar el itinerario y&#8230;<\/p>\n","protected":false},"author":13,"featured_media":8225,"comment_status":"open","ping_status":"open","sticky":false,"template":"","format":"standard","meta":{"_monsterinsights_skip_tracking":false,"_monsterinsights_sitenote_active":false,"_monsterinsights_sitenote_note":"","_monsterinsights_sitenote_category":0,"footnotes":"","jetpack_publicize_message":"","jetpack_publicize_feature_enabled":true,"jetpack_social_post_already_shared":true,"jetpack_social_options":{"image_generator_settings":{"template":"highway","default_image_id":0,"font":"","enabled":false},"version":2}},"categories":[2],"tags":[],"class_list":["post-8226","post","type-post","status-publish","format-standard","has-post-thumbnail","hentry","category-politica"],"jetpack_publicize_connections":[],"_links":{"self":[{"href":"https:\/\/www.enorsai.com\/noticias\/wp-json\/wp\/v2\/posts\/8226","targetHints":{"allow":["GET"]}}],"collection":[{"href":"https:\/\/www.enorsai.com\/noticias\/wp-json\/wp\/v2\/posts"}],"about":[{"href":"https:\/\/www.enorsai.com\/noticias\/wp-json\/wp\/v2\/types\/post"}],"author":[{"embeddable":true,"href":"https:\/\/www.enorsai.com\/noticias\/wp-json\/wp\/v2\/users\/13"}],"replies":[{"embeddable":true,"href":"https:\/\/www.enorsai.com\/noticias\/wp-json\/wp\/v2\/comments?post=8226"}],"version-history":[{"count":0,"href":"https:\/\/www.enorsai.com\/noticias\/wp-json\/wp\/v2\/posts\/8226\/revisions"}],"wp:featuredmedia":[{"embeddable":true,"href":"https:\/\/www.enorsai.com\/noticias\/wp-json\/wp\/v2\/media\/8225"}],"wp:attachment":[{"href":"https:\/\/www.enorsai.com\/noticias\/wp-json\/wp\/v2\/media?parent=8226"}],"wp:term":[{"taxonomy":"category","embeddable":true,"href":"https:\/\/www.enorsai.com\/noticias\/wp-json\/wp\/v2\/categories?post=8226"},{"taxonomy":"post_tag","embeddable":true,"href":"https:\/\/www.enorsai.com\/noticias\/wp-json\/wp\/v2\/tags?post=8226"}],"curies":[{"name":"wp","href":"https:\/\/api.w.org\/{rel}","templated":true}]}}