{"id":8219,"date":"2025-09-02T10:07:20","date_gmt":"2025-09-02T13:07:20","guid":{"rendered":"https:\/\/www.enorsai.com\/noticias\/?p=8219"},"modified":"2025-09-02T10:12:25","modified_gmt":"2025-09-02T13:12:25","slug":"denuncian-penalmente-a-bullrich-por-usar-al-estado-para-amedrentar-a-periodistas-y-limitar-la-libertad-de-prensa","status":"publish","type":"post","link":"https:\/\/www.enorsai.com\/noticias\/politica\/denuncian-penalmente-a-bullrich-por-usar-al-estado-para-amedrentar-a-periodistas-y-limitar-la-libertad-de-prensa\/","title":{"rendered":"Denuncian penalmente a Bullrich por usar al Estado para amedrentar a periodistas y limitar la libertad de prensa"},"content":{"rendered":"\n<p>La ministra de Seguridad, Patricia Bullrich, se encuentra nuevamente en el centro de la pol\u00e9mica tras ser denunciada penalmente por el abogado Gregorio Dalb\u00f3n ante los tribunales de Comodoro Py. La acusaci\u00f3n apunta al delito de abuso de autoridad, motivado por los allanamientos solicitados a periodistas y medios de comunicaci\u00f3n, supuestamente con el objetivo de amedrentarlos y restringir la libertad de prensa.<\/p>\n\n\n\n<p>El hecho se produjo luego de que Bullrich presentara una denuncia por presunto espionaje ilegal a la secretaria general de la Presidencia, Karina Milei. Seg\u00fan Dalb\u00f3n, la ministra utiliz\u00f3 esta acci\u00f3n como herramienta de intimidaci\u00f3n, afectando no solo a los profesionales mencionados sino al conjunto de los medios y plataformas digitales, configurando as\u00ed una forma de censura indirecta y masiva.<\/p>\n\n\n\n<p>Entre las medidas solicitadas por Bullrich se encuentran el allanamiento de los estudios de Carnaval Stream y de los domicilios de periodistas como Jorge Rial y Mauro Federico. Adem\u00e1s, pidi\u00f3 una medida cautelar in\u00e9dita: prohibir la difusi\u00f3n de los audios y cualquier material escrito o audiovisual relacionado con la investigaci\u00f3n, bajo apercibimiento legal, algo que Dalb\u00f3n calific\u00f3 como un intento evidente de censura previa, prohibida por la Constituci\u00f3n Nacional.<\/p>\n\n\n\n<p>La denuncia sostiene que estas acciones son manifiestamente contrarias a la Constituci\u00f3n y a los est\u00e1ndares internacionales en materia de libertad de expresi\u00f3n. Dalb\u00f3n pidi\u00f3 que la ministra sea citada a prestar declaraci\u00f3n indagatoria y subray\u00f3 que el pedido de allanamiento, el secuestro de equipos de trabajo y la pretensi\u00f3n de prohibir la difusi\u00f3n de informaci\u00f3n period\u00edstica representan un abuso de autoridad y una extralimitaci\u00f3n funcional que no puede pasar inadvertida.<\/p>\n\n\n\n<p>El caso vuelve a poner en tensi\u00f3n la relaci\u00f3n entre el Gobierno y los medios, en un contexto donde la seguridad y la persecuci\u00f3n pol\u00edtica parecen entrelazarse, y refuerza las cr\u00edticas sobre la concentraci\u00f3n de poder y el uso de herramientas estatales para amedrentar a la prensa.<\/p>\n\n\n\n<p>Fuente:<\/p>\n\n\n\n<ul class=\"wp-block-list\">\n<li><a href=\"https:\/\/www.ambito.com\/judiciales\/denunciaron-penalmente-patricia-bulrrich-pedir-allanamientos-periodistas-n6185465\">https:\/\/www.ambito.com\/judiciales\/denunciaron-penalmente-patricia-bulrrich-pedir-allanamientos-periodistas-n6185465<\/a><\/li>\n<\/ul>\n","protected":false},"excerpt":{"rendered":"<p>La ministra de Seguridad, Patricia Bullrich, se encuentra nuevamente en el centro de la pol\u00e9mica tras ser denunciada penalmente por el abogado Gregorio Dalb\u00f3n ante los tribunales de Comodoro Py. La acusaci\u00f3n apunta al delito de abuso de autoridad, motivado por los allanamientos solicitados a periodistas y medios de comunicaci\u00f3n, supuestamente con el objetivo de&#8230;<\/p>\n","protected":false},"author":1,"featured_media":8220,"comment_status":"open","ping_status":"open","sticky":false,"template":"","format":"standard","meta":{"_monsterinsights_skip_tracking":false,"_monsterinsights_sitenote_active":false,"_monsterinsights_sitenote_note":"","_monsterinsights_sitenote_category":0,"footnotes":"","jetpack_publicize_message":"","jetpack_publicize_feature_enabled":true,"jetpack_social_post_already_shared":true,"jetpack_social_options":{"image_generator_settings":{"template":"highway","default_image_id":0,"font":"","enabled":false},"version":2}},"categories":[2],"tags":[],"class_list":["post-8219","post","type-post","status-publish","format-standard","has-post-thumbnail","hentry","category-politica"],"jetpack_publicize_connections":[],"_links":{"self":[{"href":"https:\/\/www.enorsai.com\/noticias\/wp-json\/wp\/v2\/posts\/8219","targetHints":{"allow":["GET"]}}],"collection":[{"href":"https:\/\/www.enorsai.com\/noticias\/wp-json\/wp\/v2\/posts"}],"about":[{"href":"https:\/\/www.enorsai.com\/noticias\/wp-json\/wp\/v2\/types\/post"}],"author":[{"embeddable":true,"href":"https:\/\/www.enorsai.com\/noticias\/wp-json\/wp\/v2\/users\/1"}],"replies":[{"embeddable":true,"href":"https:\/\/www.enorsai.com\/noticias\/wp-json\/wp\/v2\/comments?post=8219"}],"version-history":[{"count":1,"href":"https:\/\/www.enorsai.com\/noticias\/wp-json\/wp\/v2\/posts\/8219\/revisions"}],"predecessor-version":[{"id":8221,"href":"https:\/\/www.enorsai.com\/noticias\/wp-json\/wp\/v2\/posts\/8219\/revisions\/8221"}],"wp:featuredmedia":[{"embeddable":true,"href":"https:\/\/www.enorsai.com\/noticias\/wp-json\/wp\/v2\/media\/8220"}],"wp:attachment":[{"href":"https:\/\/www.enorsai.com\/noticias\/wp-json\/wp\/v2\/media?parent=8219"}],"wp:term":[{"taxonomy":"category","embeddable":true,"href":"https:\/\/www.enorsai.com\/noticias\/wp-json\/wp\/v2\/categories?post=8219"},{"taxonomy":"post_tag","embeddable":true,"href":"https:\/\/www.enorsai.com\/noticias\/wp-json\/wp\/v2\/tags?post=8219"}],"curies":[{"name":"wp","href":"https:\/\/api.w.org\/{rel}","templated":true}]}}