{"id":8215,"date":"2025-09-02T07:50:37","date_gmt":"2025-09-02T10:50:37","guid":{"rendered":"https:\/\/www.enorsai.com\/noticias\/?p=8215"},"modified":"2025-09-15T06:13:06","modified_gmt":"2025-09-15T09:13:06","slug":"hablo-domingo-cavallo-y-critico-muy-fuerte-a-las-politicas-economicas-del-gobierno-de-los-milei","status":"publish","type":"post","link":"https:\/\/www.enorsai.com\/noticias\/economia\/hablo-domingo-cavallo-y-critico-muy-fuerte-a-las-politicas-economicas-del-gobierno-de-los-milei\/","title":{"rendered":"Habl\u00f3 Domingo Cavallo y critic\u00f3 muy fuerte a las pol\u00edticas econ\u00f3micas del gobierno de Los Milei"},"content":{"rendered":"\n<p>Por Redacci\u00f3n Enorsai<\/p>\n\n\n\n<p>Juan Strasnoy analiz\u00f3 la dura ofensiva de Domingo Cavallo contra la gesti\u00f3n Milei-Caputo: el exministro denuncia improvisaci\u00f3n en la pol\u00edtica econ\u00f3mica, cuestiona la ausencia de un plan de estabilizaci\u00f3n real y propone un \u201cgiro noventista\u201d con libre convertibilidad y masificaci\u00f3n del cr\u00e9dito en d\u00f3lares, un recetario que revive pol\u00e9mica y divisiones entre economistas.<a href=\"https:\/\/www.perfil.com\/noticias\/economia\/cavallo-cuestiono-las-improvisaciones-del-gobierno-y-pidio-cambiar-el-sistema-cambiario-y-monetario.phtml\" target=\"_blank\" rel=\"noreferrer noopener\">[Perfil]<\/a><\/p>\n\n\n\n<h2 class=\"wp-block-heading\">Cr\u00edticas al plan Caputo y el \u201cparche\u201d cambiario<\/h2>\n\n\n\n<p>Cavallo public\u00f3 en su blog que \u201cel problema fundamental es que no est\u00e1 definido cu\u00e1l es el sistema monetario, financiero y cambiario del pa\u00eds\u201d y que la estrategia para frenar la inflaci\u00f3n se basa en \u201cparches que no resuelven los problemas de fondo\u201d. Cuestiona el uso del cepo, el manejo discrecional del tipo de cambio oficial sin reservas y la sustituci\u00f3n de la inflaci\u00f3n por una recesi\u00f3n profunda y desconfianza persistente.<a href=\"https:\/\/www.perfil.com\/noticias\/economia\/cavallo-cuestiono-las-improvisaciones-del-gobierno-y-pidio-cambiar-el-sistema-cambiario-y-monetario.phtml\" target=\"_blank\" rel=\"noreferrer noopener\">[Perfil]<\/a><a href=\"https:\/\/www.lagaceta.com.ar\/nota\/1100663\/economia\/domingo-cavallo-critico-al-equipo-economico-milei-improvisacion-pidio-libre-convertibilidad-peso-dolar.html\" target=\"_blank\" rel=\"noreferrer noopener\">[La Gaceta]<\/a><\/p>\n\n\n\n<ul class=\"wp-block-list\">\n<li>Denuncia el reemplazo de las Leliq por LEFIS y el abuso de encajes bancarios, ambos considerados retrocesos que ahogan el cr\u00e9dito y paralizan el consumo.<\/li>\n\n\n\n<li>Subraya la falta de acumulaci\u00f3n de reservas en 2024, lo que impide lanzar un \u201cplan de estabilizaci\u00f3n cre\u00edble\u201d.<\/li>\n\n\n\n<li>Rechaza atribuir la inestabilidad financiera al \u201criesgo K\u201d y se\u00f1ala que la recesi\u00f3n y la volatilidad cambiaria son producto de malas decisiones propias.<a href=\"https:\/\/www.dataclave.com.ar\/economia\/cavallo-se-sumo-a-los-economistas-que-advierten-que-la-inestabilidad-no-se-debe-al--riesgo-kuka-_a68b627f492ec5ec4751a10ba\" target=\"_blank\" rel=\"noreferrer noopener\">[Data Clave]<\/a><\/li>\n<\/ul>\n\n\n\n<figure class=\"wp-block-embed is-type-wp-embed is-provider-incrustado wp-block-embed-incrustado\"><div class=\"wp-block-embed__wrapper\">\n<blockquote class=\"wp-embedded-content\" data-secret=\"05Qd4tX42J\"><a href=\"https:\/\/www.enorsai.com\/noticias\/politica\/vacio-de-poder-fontevecchia-sobre-el-caos-interno-del-gobierno-de-milei-y-el-desplazamiento-del-leon-por-la-cabra\/\">Vac\u00edo de poder: Fontevecchia sobre el caos interno del gobierno de Milei y el desplazamiento del \u201cle\u00f3n\u201d por la \u201ccabra\u201d<\/a><\/blockquote><iframe loading=\"lazy\" class=\"wp-embedded-content\" sandbox=\"allow-scripts\" security=\"restricted\" style=\"position: absolute; visibility: hidden;\" title=\"\u00abVac\u00edo de poder: Fontevecchia sobre el caos interno del gobierno de Milei y el desplazamiento del \u201cle\u00f3n\u201d por la \u201ccabra\u201d\u00bb \u2014 \" src=\"https:\/\/www.enorsai.com\/noticias\/politica\/vacio-de-poder-fontevecchia-sobre-el-caos-interno-del-gobierno-de-milei-y-el-desplazamiento-del-leon-por-la-cabra\/embed\/#?secret=x0DUDnyrnQ#?secret=05Qd4tX42J\" data-secret=\"05Qd4tX42J\" width=\"600\" height=\"338\" frameborder=\"0\" marginwidth=\"0\" marginheight=\"0\" scrolling=\"no\"><\/iframe>\n<\/div><\/figure>\n\n\n\n<h2 class=\"wp-block-heading\">El \u201cmodelo noventista\u201d: libre convertibilidad y cr\u00e9dito en d\u00f3lares<\/h2>\n\n\n\n<p>Cavallo defiende un regreso a recetas emblem\u00e1ticas de los &#8217;90: eliminaci\u00f3n del cepo, libre convertibilidad y promoci\u00f3n masiva del cr\u00e9dito en d\u00f3lares. Considera que la represi\u00f3n financiera, los controles y la falta de competencia monetaria frenan la recuperaci\u00f3n y alientan la marginalidad.<a href=\"https:\/\/www.cavallo.com.ar\/todos-los-mensajes\/\" target=\"_blank\" rel=\"noreferrer noopener\">[Blog Cavallo]<\/a><\/p>\n\n\n\n<p>Sobre el sector financiero, advierte que la estrategia actual ahog\u00f3 el cr\u00e9dito a empresas y familias y conden\u00f3 a la econom\u00eda a la recesi\u00f3n. Propone abrir todas las restricciones cambiarias sin temor, aun cuando implique ajustar el tipo de cambio.<a href=\"https:\/\/www.lagaceta.com.ar\/nota\/1100663\/economia\/domingo-cavallo-critico-al-equipo-economico-milei-improvisacion-pidio-libre-convertibilidad-peso-dolar.html\" target=\"_blank\" rel=\"noreferrer noopener\">[La Gaceta]<\/a><\/p>\n\n\n\n<p><strong>Infograf\u00eda | Cavallo vs. Milei-Caputo: principales cr\u00edticas y propuestas<\/strong><\/p>\n\n\n\n<figure class=\"wp-block-table\"><table class=\"has-fixed-layout\"><tbody><tr><th>Punto<\/th><th>Cr\u00edtica de Cavallo<\/th><th>Propuesta alternativa<\/th><\/tr><tr><td>CEPO cambiario<\/td><td>Prolonga el estancamiento, sumada a controles discrecionales<\/td><td>Liberaci\u00f3n total del mercado cambiario<\/td><\/tr><tr><td>LELIQ \/ LEFIS<\/td><td>Improvisaci\u00f3n da\u00f1ina ahogando cr\u00e9dito<\/td><td>Sistema m\u00e1s transparente y est\u00edmulo al cr\u00e9dito<\/td><\/tr><tr><td>Acumulaci\u00f3n de reservas<\/td><td>Fracaso en 2024, sin respaldo para estabilizar<\/td><td>Comprar reservas v\u00eda super\u00e1vit y confianza<\/td><\/tr><tr><td>Inflaci\u00f3n<\/td><td>S\u00f3lo se baj\u00f3 con recesi\u00f3n y parches<\/td><td>Plan monetario convincente, bimonetarismo o convertibilidad<\/td><\/tr><\/tbody><\/table><\/figure>\n\n\n\n<h2 class=\"wp-block-heading\">Reacci\u00f3n del establishment y economistas<\/h2>\n\n\n\n<p>La postura de Cavallo gener\u00f3 debate: algunos economistas y empresarios ven riesgoso volver a f\u00f3rmulas fracasadas en el pasado, mientras otros reclaman medidas menos \u201cparche\u201d y mayor certidumbre.<a href=\"https:\/\/www.iprofesional.com\/economia\/436425-domingo-cavallo-realizo-una-dura-advertencia-javier-milei-sobre-dolar-y-tasas-interes\" target=\"_blank\" rel=\"noreferrer noopener\">[iProfesional]<\/a><\/p>\n\n\n\n<p>En la city, el reclamo generalizado es por un rumbo claro, reglas de mediano plazo y menor arbitrariedad en el manejo de tasas, cr\u00e9dito y tipo de cambio.<a href=\"https:\/\/www.perfil.com\/noticias\/economia\/domingo-cavallo-machaca-con-la-idea-de-abrir-el-cepo-completa-liberalizacion-cambiaria-y-financiera.phtml\" target=\"_blank\" rel=\"noreferrer noopener\">[Perfil]<\/a><\/p>\n\n\n\n<h2 class=\"wp-block-heading\">Conclusi\u00f3n: la crisis de confianza como principal escollo<\/h2>\n\n\n\n<p>Strasnoy concluye que las cr\u00edticas de Cavallo reflejan el \u201cruido\u201d de economistas y banqueros frente a la indefinici\u00f3n del gobierno Milei, y la presi\u00f3n para evitar que la recesi\u00f3n y la debilidad cambiaria deriven en un nuevo fracaso de estabilizaci\u00f3n.<a href=\"https:\/\/tn.com.ar\/politica\/2025\/09\/01\/dura-critica-de-domingo-cavallo-a-luis-caputo-hay-improvisaciones-del-equipo-economico\/\" target=\"_blank\" rel=\"noreferrer noopener\">[TN]<\/a><\/p>\n\n\n\n<p>M\u00e1s an\u00e1lisis y debate econ\u00f3mico sobre las propuestas de Cavallo y el futuro del plan Caputo en <a href=\"https:\/\/www.enorsai.com.ar\/economia\/2025\/09\/02\/cavallo-critica-improvisacion-milei-caputo-modelo-libre-cepo.html\">Enorsai<\/a>.<\/p>\n\n\n\n<p><strong>Reflexi\u00f3n final:<\/strong> \u00bfPlan noventista o nueva improvisaci\u00f3n? La receta de Cavallo desaf\u00eda al gobierno y desata una discusi\u00f3n hist\u00f3rica sobre los l\u00edmites de la convertibilidad y la crisis actual del modelo libertario.<\/p>\n\n\n\n<p>Dejanos tu comentario debajo o escribinos a <a href=\"mailto:enorsaionline@gmail.com\">enorsaionline@gmail.com<\/a><\/p>\n\n\n\n<h2 class=\"wp-block-heading\">Preguntas frecuentes sobre las cr\u00edticas de Cavallo a la econom\u00eda actual<\/h2>\n\n\n\n<h3 class=\"wp-block-heading\">\u00bfPor qu\u00e9 Cavallo critica la pol\u00edtica econ\u00f3mica actual?<\/h3>\n\n\n\n<p>Piensa que no hay un plan de estabilizaci\u00f3n real, sino \u201cparches\u201d y controles cambiarios que solo extienden la incertidumbre y la recesi\u00f3n.<\/p>\n\n\n\n<h3 class=\"wp-block-heading\">\u00bfCu\u00e1l es la propuesta de Cavallo?<\/h3>\n\n\n\n<p>Volver a la libre convertibilidad del peso, masificar el cr\u00e9dito en d\u00f3lares y eliminar todas las restricciones y controles de cambio.<\/p>\n\n\n\n<h3 class=\"wp-block-heading\">\u00bfQu\u00e9 errores detecta en la gesti\u00f3n Caputo?<\/h3>\n\n\n\n<p>Cree que eliminar las Leliq y abusar de los encajes paraliz\u00f3 el cr\u00e9dito y complic\u00f3 la recuperaci\u00f3n, sumando volatilidad en tasas y tipo de cambio.<\/p>\n\n\n\n<h3 class=\"wp-block-heading\">\u00bfQu\u00e9 riesgos ve si no se atienden sus cr\u00edticas?<\/h3>\n\n\n\n<p>Advierte que sin una reforma monetaria profunda y cre\u00edble, la econom\u00eda puede volver al ciclo inflacionario o caer en recesi\u00f3n prolongada.<\/p>\n\n\n\n<h3 class=\"wp-block-heading\">\u00bfD\u00f3nde analizar el tema en profundidad?<\/h3>\n\n\n\n<p>Enorsai, el blog personal de Cavallo y los principales medios econ\u00f3micos nacionales.<\/p>\n","protected":false},"excerpt":{"rendered":"<p>Cavallo endurece su postura contra Milei y Caputo: denuncia improvisaciones, pide volver a la libre convertibilidad y advierte el riesgo de otra crisis si no se estabiliza la econom\u00eda.<\/p>\n","protected":false},"author":4,"featured_media":8216,"comment_status":"open","ping_status":"open","sticky":false,"template":"","format":"standard","meta":{"_monsterinsights_skip_tracking":false,"_monsterinsights_sitenote_active":false,"_monsterinsights_sitenote_note":"","_monsterinsights_sitenote_category":0,"footnotes":"","jetpack_publicize_message":"Cavallo rompe con Milei y reclama volver a la receta noventista: \u201cHay improvisaci\u00f3n y falta de rumbo\u201d","jetpack_publicize_feature_enabled":true,"jetpack_social_post_already_shared":false,"jetpack_social_options":{"image_generator_settings":{"template":"highway","default_image_id":0,"font":"","enabled":false},"version":2}},"categories":[3],"tags":[],"class_list":["post-8215","post","type-post","status-publish","format-standard","has-post-thumbnail","hentry","category-economia"],"jetpack_publicize_connections":[],"_links":{"self":[{"href":"https:\/\/www.enorsai.com\/noticias\/wp-json\/wp\/v2\/posts\/8215","targetHints":{"allow":["GET"]}}],"collection":[{"href":"https:\/\/www.enorsai.com\/noticias\/wp-json\/wp\/v2\/posts"}],"about":[{"href":"https:\/\/www.enorsai.com\/noticias\/wp-json\/wp\/v2\/types\/post"}],"author":[{"embeddable":true,"href":"https:\/\/www.enorsai.com\/noticias\/wp-json\/wp\/v2\/users\/4"}],"replies":[{"embeddable":true,"href":"https:\/\/www.enorsai.com\/noticias\/wp-json\/wp\/v2\/comments?post=8215"}],"version-history":[{"count":1,"href":"https:\/\/www.enorsai.com\/noticias\/wp-json\/wp\/v2\/posts\/8215\/revisions"}],"predecessor-version":[{"id":8218,"href":"https:\/\/www.enorsai.com\/noticias\/wp-json\/wp\/v2\/posts\/8215\/revisions\/8218"}],"wp:featuredmedia":[{"embeddable":true,"href":"https:\/\/www.enorsai.com\/noticias\/wp-json\/wp\/v2\/media\/8216"}],"wp:attachment":[{"href":"https:\/\/www.enorsai.com\/noticias\/wp-json\/wp\/v2\/media?parent=8215"}],"wp:term":[{"taxonomy":"category","embeddable":true,"href":"https:\/\/www.enorsai.com\/noticias\/wp-json\/wp\/v2\/categories?post=8215"},{"taxonomy":"post_tag","embeddable":true,"href":"https:\/\/www.enorsai.com\/noticias\/wp-json\/wp\/v2\/tags?post=8215"}],"curies":[{"name":"wp","href":"https:\/\/api.w.org\/{rel}","templated":true}]}}