{"id":8212,"date":"2025-09-02T06:42:56","date_gmt":"2025-09-02T09:42:56","guid":{"rendered":"https:\/\/www.enorsai.com\/noticias\/?p=8212"},"modified":"2025-09-02T07:02:49","modified_gmt":"2025-09-02T10:02:49","slug":"papelon-la-ministra-bullrich-lloro-en-tv-pero-quedo-expuesta-pidiendo-censurar-y-perseguir-periodistas","status":"publish","type":"post","link":"https:\/\/www.enorsai.com\/noticias\/politica\/papelon-la-ministra-bullrich-lloro-en-tv-pero-quedo-expuesta-pidiendo-censurar-y-perseguir-periodistas\/","title":{"rendered":"\u00a1Papel\u00f3n! La ministra Bullrich llor\u00f3 en TV pero qued\u00f3 expuesta pidiendo censurar y perseguir periodistas"},"content":{"rendered":"\n<p>Patricia Bullrich protagoniz\u00f3 un bochorno en vivo durante una entrevista en A24, donde intent\u00f3 defender la denuncia de su ministerio contra periodistas, acusados de formar parte de un supuesto complot junto a esp\u00edas rusos. La ministra de Seguridad neg\u00f3 que hubiera pedido allanamientos a figuras como Jorge Rial, Mauro Federico, Franco Bindi y Pablo Toviggino. Sin embargo, en pleno programa, el conductor Pablo Rossi pidi\u00f3 que se leyera el texto oficial de la denuncia, en el que aparece un apartado expl\u00edcitamente titulado \u201cAllanamientos\u201d, que deja en evidencia a Bullrich.<\/p>\n\n\n\n<p>La funcionaria intent\u00f3 minimizar el hecho, pero el papel\u00f3n qued\u00f3 sellado: la denuncia no solo apunta contra periodistas, sino que tambi\u00e9n exige a la Justicia allanar sus domicilios y los acusa de participar en una trama para \u201cderrocar al gobierno\u201d.<\/p>\n\n\n\n<p>Bullrich, adem\u00e1s, tuvo un tropiezo verbal cuando fue consultada sobre su cercan\u00eda con la familia Menem. Ante la pregunta de si \u201cpon\u00eda las manos en el fuego por ellos\u201d, respondi\u00f3 con un fallido: \u201cNo hay ninguna expresi\u00f3n que me guste Menem\u2026 menos que esa\u201d, y debi\u00f3 corregirse de inmediato.<\/p>\n\n\n\n<p>Otro momento llamativo ocurri\u00f3 cuando la ministra rompi\u00f3 en llanto al hablar de Santiago Maldonado, el joven hallado muerto tras un operativo de Gendarmer\u00eda en Chubut en 2017, durante su anterior gesti\u00f3n en Seguridad. \u201cNadie sabe lo que pas\u00e9 esos 80 d\u00edas, todos los d\u00edas mi hijo me llamaba porque ve\u00eda el noticiero\u201d, dijo entre l\u00e1grimas.<\/p>\n\n\n\n<figure class=\"wp-block-embed is-type-video is-provider-youtube wp-block-embed-youtube wp-embed-aspect-16-9 wp-has-aspect-ratio\"><div class=\"wp-block-embed__wrapper\">\n<iframe loading=\"lazy\" title=\"Bullrich neg\u00f3 en vivo que haya pedido allanar a Rial y le leyeron la denuncia\u00a0donde\u00a0lo\u00a0pide\" width=\"640\" height=\"360\" src=\"https:\/\/www.youtube.com\/embed\/xABbMkjVqa0?start=129&#038;feature=oembed\" frameborder=\"0\" allow=\"accelerometer; autoplay; clipboard-write; encrypted-media; gyroscope; picture-in-picture; web-share\" referrerpolicy=\"strict-origin-when-cross-origin\" allowfullscreen><\/iframe>\n<\/div><\/figure>\n\n\n\n<p>La exposici\u00f3n televisiva de Bullrich se suma a una estrategia recurrente del gobierno de Javier Milei: ministros acorralados por denuncias p\u00fablicas que terminan llorando en c\u00e1mara. La semana pasada, el ministro de Salud, Mario Lugones, hab\u00eda tenido una escena similar al ser consultado por las m\u00e1s de cien muertes ocasionadas por fentanilo contaminado.<\/p>\n\n\n\n<p>La ministra busc\u00f3 defenderse de las acusaciones de censura a la prensa, pero termin\u00f3 confirmando lo que hab\u00eda negado: su propio escrito judicial pide allanamientos contra periodistas. Un nuevo episodio que exhibe la torpeza del gobierno en plena crisis pol\u00edtica.<\/p>\n\n\n\n<p>Fuente:<\/p>\n\n\n\n<ul class=\"wp-block-list\">\n<li><a href=\"https:\/\/www.lapoliticaonline.com\/politica\/bullrich-nego-en-vivo-que-haya-pedido-allanar-a-rial-y-le-leyeron-la-denuncia-donde-lo-pide\/\">https:\/\/www.lapoliticaonline.com\/politica\/bullrich-nego-en-vivo-que-haya-pedido-allanar-a-rial-y-le-leyeron-la-denuncia-donde-lo-pide\/<\/a><\/li>\n<\/ul>\n","protected":false},"excerpt":{"rendered":"<p>Patricia Bullrich protagoniz\u00f3 un bochorno en vivo durante una entrevista en A24, donde intent\u00f3 defender la denuncia de su ministerio contra periodistas, acusados de formar parte de un supuesto complot junto a esp\u00edas rusos. La ministra de Seguridad neg\u00f3 que hubiera pedido allanamientos a figuras como Jorge Rial, Mauro Federico, Franco Bindi y Pablo Toviggino&#8230;.<\/p>\n","protected":false},"author":12,"featured_media":8213,"comment_status":"open","ping_status":"open","sticky":false,"template":"","format":"standard","meta":{"_monsterinsights_skip_tracking":false,"_monsterinsights_sitenote_active":false,"_monsterinsights_sitenote_note":"","_monsterinsights_sitenote_category":0,"footnotes":"","jetpack_publicize_message":"","jetpack_publicize_feature_enabled":true,"jetpack_social_post_already_shared":true,"jetpack_social_options":{"image_generator_settings":{"template":"highway","default_image_id":0,"font":"","enabled":false},"version":2}},"categories":[2],"tags":[],"class_list":["post-8212","post","type-post","status-publish","format-standard","has-post-thumbnail","hentry","category-politica"],"jetpack_publicize_connections":[],"_links":{"self":[{"href":"https:\/\/www.enorsai.com\/noticias\/wp-json\/wp\/v2\/posts\/8212","targetHints":{"allow":["GET"]}}],"collection":[{"href":"https:\/\/www.enorsai.com\/noticias\/wp-json\/wp\/v2\/posts"}],"about":[{"href":"https:\/\/www.enorsai.com\/noticias\/wp-json\/wp\/v2\/types\/post"}],"author":[{"embeddable":true,"href":"https:\/\/www.enorsai.com\/noticias\/wp-json\/wp\/v2\/users\/12"}],"replies":[{"embeddable":true,"href":"https:\/\/www.enorsai.com\/noticias\/wp-json\/wp\/v2\/comments?post=8212"}],"version-history":[{"count":1,"href":"https:\/\/www.enorsai.com\/noticias\/wp-json\/wp\/v2\/posts\/8212\/revisions"}],"predecessor-version":[{"id":8214,"href":"https:\/\/www.enorsai.com\/noticias\/wp-json\/wp\/v2\/posts\/8212\/revisions\/8214"}],"wp:featuredmedia":[{"embeddable":true,"href":"https:\/\/www.enorsai.com\/noticias\/wp-json\/wp\/v2\/media\/8213"}],"wp:attachment":[{"href":"https:\/\/www.enorsai.com\/noticias\/wp-json\/wp\/v2\/media?parent=8212"}],"wp:term":[{"taxonomy":"category","embeddable":true,"href":"https:\/\/www.enorsai.com\/noticias\/wp-json\/wp\/v2\/categories?post=8212"},{"taxonomy":"post_tag","embeddable":true,"href":"https:\/\/www.enorsai.com\/noticias\/wp-json\/wp\/v2\/tags?post=8212"}],"curies":[{"name":"wp","href":"https:\/\/api.w.org\/{rel}","templated":true}]}}