{"id":8201,"date":"2025-09-01T23:11:53","date_gmt":"2025-09-02T02:11:53","guid":{"rendered":"https:\/\/www.enorsai.com\/noticias\/politica\/cerrame-la-8-bullrich-culpa-a-rusia-y-venezuela-por-los-audios-pero-evita-explicar-su-contenido\/"},"modified":"2025-09-01T23:11:53","modified_gmt":"2025-09-02T02:11:53","slug":"cerrame-la-8-bullrich-culpa-a-rusia-y-venezuela-por-los-audios-pero-evita-explicar-su-contenido","status":"publish","type":"post","link":"https:\/\/www.enorsai.com\/noticias\/politica\/cerrame-la-8-bullrich-culpa-a-rusia-y-venezuela-por-los-audios-pero-evita-explicar-su-contenido\/","title":{"rendered":"\u00a1Cerrame la 8! Bullrich culpa a Rusia y Venezuela por los audios pero evita explicar su contenido"},"content":{"rendered":"\n<p>La ministra de Seguridad, Patricia Bullrich, asegur\u00f3 que detr\u00e1s de la filtraci\u00f3n de los audios grabados en Casa Rosada habr\u00eda \u201cpersonas ligadas a servicios de inteligencia rusos\u201d y desliz\u00f3 que \u201cpodr\u00eda haber incidencia de Venezuela\u201d. El gobierno consigui\u00f3 una cautelar para frenar la difusi\u00f3n, pero sigue sin dar explicaciones sobre el contenido de las grabaciones.<br><br>La crisis por el esc\u00e1ndalo de los audios sum\u00f3 este lunes un nuevo cap\u00edtulo. Patricia Bullrich apunt\u00f3 contra \u201cesp\u00edas de Putin\u201d y hasta mencion\u00f3 a Venezuela como posibles responsables de la filtraci\u00f3n de conversaciones que habr\u00edan sido registradas en la propia Casa Rosada.<br><br>\u201cSiempre se ha hablado de operaciones de inteligencia, pero ahora grabar en la misma sede del Poder Ejecutivo es algo que nos pone en una situaci\u00f3n de indefensi\u00f3n\u201d, afirm\u00f3 la ministra en una entrevista radial, calificando el hecho como una \u201cimpresionante maniobra de inteligencia\u201d.<br><br>Sin embargo, lejos de aclarar el origen real de las filtraciones, Bullrich admiti\u00f3 que \u201cla grabaci\u00f3n la pudo hacer cualquier persona\u201d.<br><br>En paralelo, el Ministerio de Seguridad pidi\u00f3 allanar a los periodistas Mauro Federico y Fabi\u00e1n Doman, quienes publicaron parte del material filtrado, y tambi\u00e9n a Jorge Rial, que lo difundi\u00f3 en sus programas. La decisi\u00f3n reaviva la tensi\u00f3n entre el oficialismo y la prensa, en un contexto en el que el gobierno intenta desplazar la atenci\u00f3n del contenido de los audios.<br><br>La ministra insisti\u00f3 en que \u201ctodo es contra el gobierno\u201d y que las filtraciones buscan \u201cmover la econom\u00eda y hacer subir el d\u00f3lar\u201d. Al mismo tiempo, asegur\u00f3 que en las reuniones de gabinete est\u00e1 prohibido ingresar con celulares y prometi\u00f3 \u201cmedidas duras\u201d para evitar nuevas filtraciones.<br><br>Este lunes, la Casa Rosada consigui\u00f3 una cautelar que proh\u00edbe difundir nuevos audios vinculados a la supuesta trama de coimas en la Agencia Nacional de Discapacidad (Andis). \u201cLa verdad no se defiende sola. Vamos a defenderla a muerte\u201d, concluy\u00f3 Bullrich.<br><br>Mientras tanto, el oficialismo dispara contra Rusia, Venezuela y periodistas locales, pero evita dar una respuesta de fondo: \u00bfqu\u00e9 dicen los audios que el gobierno intenta ocultar?<br><br>Fuente:<\/p>\n\n\n\n<ul class=\"wp-block-list\">\n<li>https:\/\/www.pagina12.com.ar\/854155-la-culpa-es-de-los-rusos-bullrich-acuso-a-espias-de-putin-po<\/li>\n<\/ul>\n\n\n\n<p> <\/p>\n","protected":false},"excerpt":{"rendered":"<p>La ministra de Seguridad, Patricia Bullrich, asegur\u00f3 que detr\u00e1s de la filtraci\u00f3n de los audios grabados en Casa Rosada habr\u00eda \u201cpersonas ligadas a servicios de inteligencia rusos\u201d y desliz\u00f3 que \u201cpodr\u00eda haber incidencia de Venezuela\u201d. El gobierno consigui\u00f3 una cautelar para frenar la difusi\u00f3n, pero sigue sin dar explicaciones sobre el contenido de las grabaciones&#8230;.<\/p>\n","protected":false},"author":9,"featured_media":8200,"comment_status":"open","ping_status":"open","sticky":false,"template":"","format":"standard","meta":{"_monsterinsights_skip_tracking":false,"_monsterinsights_sitenote_active":false,"_monsterinsights_sitenote_note":"","_monsterinsights_sitenote_category":0,"footnotes":"","jetpack_publicize_message":"","jetpack_publicize_feature_enabled":true,"jetpack_social_post_already_shared":true,"jetpack_social_options":{"image_generator_settings":{"template":"highway","default_image_id":0,"font":"","enabled":false},"version":2}},"categories":[2],"tags":[],"class_list":["post-8201","post","type-post","status-publish","format-standard","has-post-thumbnail","hentry","category-politica"],"jetpack_publicize_connections":[],"_links":{"self":[{"href":"https:\/\/www.enorsai.com\/noticias\/wp-json\/wp\/v2\/posts\/8201","targetHints":{"allow":["GET"]}}],"collection":[{"href":"https:\/\/www.enorsai.com\/noticias\/wp-json\/wp\/v2\/posts"}],"about":[{"href":"https:\/\/www.enorsai.com\/noticias\/wp-json\/wp\/v2\/types\/post"}],"author":[{"embeddable":true,"href":"https:\/\/www.enorsai.com\/noticias\/wp-json\/wp\/v2\/users\/9"}],"replies":[{"embeddable":true,"href":"https:\/\/www.enorsai.com\/noticias\/wp-json\/wp\/v2\/comments?post=8201"}],"version-history":[{"count":0,"href":"https:\/\/www.enorsai.com\/noticias\/wp-json\/wp\/v2\/posts\/8201\/revisions"}],"wp:featuredmedia":[{"embeddable":true,"href":"https:\/\/www.enorsai.com\/noticias\/wp-json\/wp\/v2\/media\/8200"}],"wp:attachment":[{"href":"https:\/\/www.enorsai.com\/noticias\/wp-json\/wp\/v2\/media?parent=8201"}],"wp:term":[{"taxonomy":"category","embeddable":true,"href":"https:\/\/www.enorsai.com\/noticias\/wp-json\/wp\/v2\/categories?post=8201"},{"taxonomy":"post_tag","embeddable":true,"href":"https:\/\/www.enorsai.com\/noticias\/wp-json\/wp\/v2\/tags?post=8201"}],"curies":[{"name":"wp","href":"https:\/\/api.w.org\/{rel}","templated":true}]}}