{"id":8188,"date":"2025-09-01T15:44:08","date_gmt":"2025-09-01T18:44:08","guid":{"rendered":"https:\/\/www.enorsai.com\/noticias\/?p=8188"},"modified":"2025-09-01T15:45:18","modified_gmt":"2025-09-01T18:45:18","slug":"karina-milei-pidio-que-la-justicia-frene-la-difusion-de-nuevos-audios-para-evitar-que-salgan-a-la-luz-nuevos-actos-de-corrupcion","status":"publish","type":"post","link":"https:\/\/www.enorsai.com\/noticias\/politica\/karina-milei-pidio-que-la-justicia-frene-la-difusion-de-nuevos-audios-para-evitar-que-salgan-a-la-luz-nuevos-actos-de-corrupcion\/","title":{"rendered":"Karina Milei pidi\u00f3 que la Justicia frene la difusi\u00f3n de nuevos audios para evitar que salgan a la luz nuevos actos de corrupci\u00f3n"},"content":{"rendered":"\n<h3 class=\"wp-block-heading\">Un fallo judicial ordena el cese de publicaciones sobre las grabaciones en Casa Rosada. El Ejecutivo habla de una \u201coperaci\u00f3n de inteligencia ilegal\u201d, mientras crecen las sospechas sobre la trama de coimas en la Agencia Nacional de Discapacidad.<\/h3>\n\n\n\n<p>El Gobierno Nacional consigui\u00f3 este lunes un triunfo parcial en los tribunales: el juez Patricio Alejandro Maraniello orden\u00f3 el cese inmediato de la difusi\u00f3n de audios relacionados con la supuesta trama de coimas en la Agencia Nacional de Discapacidad (Andis). La medida cautelar alcanza a todos los medios de comunicaci\u00f3n \u2014gr\u00e1ficos, radiales, televisivos y digitales\u2014 y a las redes sociales, bajo el argumento de que se trata de una \u201cviolaci\u00f3n grave a la privacidad institucional\u201d y no de un asunto vinculado a la libertad de expresi\u00f3n. El fallo se conoci\u00f3 luego de que trascendieran grabaciones realizadas en la propia Casa de Gobierno, en las que se escucha a Karina Milei, secretaria general de la Presidencia y hermana del mandatario. Aunque los audios difundidos hasta ahora no revelan de manera expl\u00edcita delitos, el periodismo asegura que existir\u00eda casi una hora de material que podr\u00eda comprometer a la funcionaria y, por extensi\u00f3n, al n\u00facleo m\u00e1s \u00edntimo del poder.<\/p>\n\n\n\n<p>El vocero presidencial, Manuel Adorni, sali\u00f3 r\u00e1pidamente a reforzar el discurso de la Casa Rosada. En sus redes sociales sostuvo: \u201cEsto no es una filtraci\u00f3n. Es un ataque ilegal, planificado y dirigido para condicionar al Poder Ejecutivo en plena campa\u00f1a electoral\u201d. En la misma l\u00ednea, el propio presidente Javier Milei cit\u00f3 la publicaci\u00f3n de su portavoz y escribi\u00f3 en may\u00fasculas: \u201cOPERACI\u00d3N DE INTELIGENCIA ILEGAL\u201d. El Gobierno insiste en que la difusi\u00f3n de los audios responde a una maniobra de espionaje prohibida por la Ley de Inteligencia Nacional y busca instalar la idea de un intento de \u201cdesestabilizaci\u00f3n pol\u00edtica y econ\u00f3mica\u201d.<\/p>\n\n\n\n<p>Las grabaciones filtradas hasta el momento incluyen la voz de Karina Milei, donde admite la presi\u00f3n y el desgaste de su rutina en Casa Rosada: \u201cNo podemos entrar en la pelea entre nosotros, tenemos que estar unidos. (\u2026) Yo entro a las 8 de la ma\u00f1ana y me voy a las 11 de la noche\u201d. Si bien en ese fragmento no se mencionan las coimas en la Andis, el temor oficial es que existan audios mucho m\u00e1s comprometedores, particularmente sobre el circuito de distribuci\u00f3n de medicamentos, se\u00f1alado como foco de sobornos y negociados. La causa fue impulsada por el abogado Fernando Soto, funcionario del Ministerio de Seguridad, y recay\u00f3 en el Juzgado Federal N\u00b012, subrogado por Juli\u00e1n Ercolini, con el fiscal Carlos Stornelli como responsable de la investigaci\u00f3n.<\/p>\n\n\n\n<p>El episodio tuvo un nuevo giro cuando la ministra de Seguridad, Patricia Bullrich, pidi\u00f3 allanar a los periodistas que difundieron los audios: Mauro Federico, Fabi\u00e1n Doman y Jorge Rial. Seg\u00fan Bullrich, la publicaci\u00f3n constituye un delito contra la seguridad nacional y forma parte de una operaci\u00f3n pol\u00edtica \u201ckirchnerista\u201d. La ofensiva contra la prensa reaviva un viejo debate: mientras el Gobierno invoca la Ley de Inteligencia para justificar la censura, la Constituci\u00f3n Nacional protege expresamente el secreto de las fuentes period\u00edsticas (art\u00edculo 43). Este choque de principios reabre la discusi\u00f3n sobre los l\u00edmites entre la seguridad del Estado y la libertad de prensa.<\/p>\n\n\n\n<p>En su resoluci\u00f3n, el juez Maraniello sostuvo que la medida cautelar \u201cno implica censura previa\u201d y que su objetivo es proteger la sensibilidad de los intereses estatales comprometidos. Sin embargo, orden\u00f3 de forma expl\u00edcita que los medios de comunicaci\u00f3n y plataformas se abstengan de difundir los audios atribuidos a Karina Milei, instruyendo al ENACOM para notificar a todas las redacciones. Con esta decisi\u00f3n, la Justicia blinda moment\u00e1neamente a la hermana del Presidente, aunque las sospechas sobre la trama de corrupci\u00f3n en la Andis siguen en el aire. La pregunta que resuena en el c\u00edrculo pol\u00edtico y medi\u00e1tico es simple: \u00bflos audios buscan desestabilizar al Gobierno o exponen una red de poder, negocios y coimas en el coraz\u00f3n mismo de la Casa Rosada?<\/p>\n\n\n\n<p>Fuente:<\/p>\n\n\n\n<ul class=\"wp-block-list\">\n<li><a href=\"https:\/\/www.pagina12.com.ar\/854114-coimas-en-la-andis-el-gobierno-se-victimiza-denuncia-espiona\">https:\/\/www.pagina12.com.ar\/854114-coimas-en-la-andis-el-gobierno-se-victimiza-denuncia-espiona<\/a><\/li>\n<\/ul>\n","protected":false},"excerpt":{"rendered":"<p>Un fallo judicial ordena el cese de publicaciones sobre las grabaciones en Casa Rosada. El Ejecutivo habla de una \u201coperaci\u00f3n de inteligencia ilegal\u201d, mientras crecen las sospechas sobre la trama de coimas en la Agencia Nacional de Discapacidad. El Gobierno Nacional consigui\u00f3 este lunes un triunfo parcial en los tribunales: el juez Patricio Alejandro Maraniello&#8230;<\/p>\n","protected":false},"author":12,"featured_media":8189,"comment_status":"open","ping_status":"open","sticky":false,"template":"","format":"standard","meta":{"_monsterinsights_skip_tracking":false,"_monsterinsights_sitenote_active":false,"_monsterinsights_sitenote_note":"","_monsterinsights_sitenote_category":0,"footnotes":"","jetpack_publicize_message":"","jetpack_publicize_feature_enabled":true,"jetpack_social_post_already_shared":true,"jetpack_social_options":{"image_generator_settings":{"template":"highway","default_image_id":0,"font":"","enabled":false},"version":2}},"categories":[2],"tags":[3248,3225,1342,504,625,75,27,70,762,1343],"class_list":["post-8188","post","type-post","status-publish","format-standard","has-post-thumbnail","hentry","category-politica","tag-andis","tag-audios","tag-casarosada","tag-censura","tag-coimas","tag-corrupcion","tag-gobierno","tag-justicia","tag-karinamilei","tag-periodismo"],"jetpack_publicize_connections":[],"_links":{"self":[{"href":"https:\/\/www.enorsai.com\/noticias\/wp-json\/wp\/v2\/posts\/8188","targetHints":{"allow":["GET"]}}],"collection":[{"href":"https:\/\/www.enorsai.com\/noticias\/wp-json\/wp\/v2\/posts"}],"about":[{"href":"https:\/\/www.enorsai.com\/noticias\/wp-json\/wp\/v2\/types\/post"}],"author":[{"embeddable":true,"href":"https:\/\/www.enorsai.com\/noticias\/wp-json\/wp\/v2\/users\/12"}],"replies":[{"embeddable":true,"href":"https:\/\/www.enorsai.com\/noticias\/wp-json\/wp\/v2\/comments?post=8188"}],"version-history":[{"count":1,"href":"https:\/\/www.enorsai.com\/noticias\/wp-json\/wp\/v2\/posts\/8188\/revisions"}],"predecessor-version":[{"id":8190,"href":"https:\/\/www.enorsai.com\/noticias\/wp-json\/wp\/v2\/posts\/8188\/revisions\/8190"}],"wp:featuredmedia":[{"embeddable":true,"href":"https:\/\/www.enorsai.com\/noticias\/wp-json\/wp\/v2\/media\/8189"}],"wp:attachment":[{"href":"https:\/\/www.enorsai.com\/noticias\/wp-json\/wp\/v2\/media?parent=8188"}],"wp:term":[{"taxonomy":"category","embeddable":true,"href":"https:\/\/www.enorsai.com\/noticias\/wp-json\/wp\/v2\/categories?post=8188"},{"taxonomy":"post_tag","embeddable":true,"href":"https:\/\/www.enorsai.com\/noticias\/wp-json\/wp\/v2\/tags?post=8188"}],"curies":[{"name":"wp","href":"https:\/\/api.w.org\/{rel}","templated":true}]}}