{"id":8183,"date":"2025-09-01T15:14:14","date_gmt":"2025-09-01T18:14:14","guid":{"rendered":"https:\/\/www.enorsai.com\/noticias\/?p=8183"},"modified":"2025-09-01T15:19:23","modified_gmt":"2025-09-01T18:19:23","slug":"bullrich-pide-allanar-a-rial-y-mauro-federico-por-los-audios-filtrados-un-ataque-directo-a-la-libertad-de-prensa","status":"publish","type":"post","link":"https:\/\/www.enorsai.com\/noticias\/politica\/bullrich-pide-allanar-a-rial-y-mauro-federico-por-los-audios-filtrados-un-ataque-directo-a-la-libertad-de-prensa\/","title":{"rendered":"Bullrich pide allanar a Rial y Mauro Federico por los audios filtrados: un ataque directo a la libertad de prensa"},"content":{"rendered":"\n<h3 class=\"wp-block-heading\">Un pedido in\u00e9dito desde el Ministerio de Seguridad expone el avance del gobierno de Javier Milei contra el periodismo cr\u00edtico<\/h3>\n\n\n\n<p>El gobierno de Javier Milei, a trav\u00e9s de la ministra de Seguridad Patricia Bullrich, dio un paso que parece sacado de los manuales de la censura: solicitar el allanamiento de los periodistas Jorge Rial y Mauro Federico por haber difundido los audios filtrados de Karina Milei. Un hecho ins\u00f3lito, tan brutal como simb\u00f3lico, que marca la ofensiva de un poder pol\u00edtico contra quienes cumplen la tarea de informar y poner bajo la lupa lo que el poder quiere mantener oculto. El escrito fue presentado por el abogado Fernando Soto, representante legal del Ministerio de Seguridad, ante la justicia federal de Comodoro Py, espec\u00edficamente en el Juzgado Federal 12, actualmente subrogado por Juli\u00e1n Ercolini y con intervenci\u00f3n del fiscal Carlos Stornelli.<\/p>\n\n\n\n<p>El trasfondo no es menor: los audios filtrados involucran directamente a Karina Milei y a su entorno en la causa por coimas y sobreprecios en la Agencia Nacional de Discapacidad, donde se investiga un entramado de corrupci\u00f3n que golpea al coraz\u00f3n mismo del gobierno libertario. Sin embargo, en lugar de dar explicaciones p\u00fablicas sobre este esc\u00e1ndalo que salpica a la hermana del presidente y a figuras cercanas como Lule Menem, el oficialismo eligi\u00f3 cargar contra los mensajeros. As\u00ed, el foco se corre de la corrupci\u00f3n estatal hacia la criminalizaci\u00f3n del periodismo.<\/p>\n\n\n\n<p>El pedido de Bullrich no es un gesto aislado, sino parte de una estrategia calculada para sembrar miedo. Mauro Federico ya se present\u00f3 ante la justicia en otra causa vinculada al mismo esc\u00e1ndalo, aportando informaci\u00f3n sin violar el secreto profesional ni revelar sus fuentes, tal como establece la ley y el derecho constitucional que protege a la prensa. Aun as\u00ed, el Ministerio de Seguridad exige allanar domicilios, una medida extrema que ni siquiera en los momentos m\u00e1s duros de la democracia se hab\u00eda planteado de manera tan expl\u00edcita contra periodistas. Se trata de un intento de disciplinamiento: un mensaje directo de \u201cno investigues, porque te puede costar caro\u201d.<\/p>\n\n\n\n<figure class=\"wp-block-embed is-type-rich is-provider-twitter wp-block-embed-twitter\"><div class=\"wp-block-embed__wrapper\">\n<blockquote class=\"twitter-tweet\" data-width=\"550\" data-dnt=\"true\"><p lang=\"es\" dir=\"ltr\">\u2b55 Patricia Bullrich pide allanar a Jorge Rial y Mauro Federico por los audios filtrados <br><br>\ud83d\udcf2 <a href=\"https:\/\/twitter.com\/hashtag\/C5N?src=hash&amp;ref_src=twsrc%5Etfw\">#C5N<\/a> en vivo: <a href=\"https:\/\/t.co\/9fxDe5JViU\">https:\/\/t.co\/9fxDe5JViU<\/a> <a href=\"https:\/\/t.co\/uHEtLVCJMV\">pic.twitter.com\/uHEtLVCJMV<\/a><\/p>&mdash; C5N (@C5N) <a href=\"https:\/\/twitter.com\/C5N\/status\/1962569423434178647?ref_src=twsrc%5Etfw\">September 1, 2025<\/a><\/blockquote><script async src=\"https:\/\/platform.twitter.com\/widgets.js\" charset=\"utf-8\"><\/script>\n<\/div><\/figure>\n\n\n\n<p>La ofensiva del gobierno se da en simult\u00e1neo con otro hecho que roza lo siniestro. Jorge Rial denunci\u00f3 que durante el fin de semana un Falcon verde \u2014s\u00edmbolo de la represi\u00f3n y de los cr\u00edmenes de la dictadura\u2014 apareci\u00f3 estacionado frente a su casa, con un hombre en su interior que lo observaba fijamente y enviaba mensajes desde su celular. Una imagen que despierta la memoria m\u00e1s oscura de la Argentina y que no puede interpretarse como una simple coincidencia. Rial lo cont\u00f3 en Radio 10 con crudeza: ese Falcon no era un auto cualquiera, era un recordatorio del miedo como herramienta pol\u00edtica. El mensaje fue claro: la democracia se erosiona cuando el periodismo es vigilado y amedrentado.<\/p>\n\n\n\n<p>El gobierno intenta justificar el pedido de allanamiento en el marco de la denuncia por \u201cviolaci\u00f3n a la ley de inteligencia\u201d, alegando espionaje ilegal contra Karina Milei. Pero resulta llamativo que mientras se avanza a toda velocidad en este expediente, las causas que investigan los sobreprecios millonarios en medicamentos y las coimas en la Agencia Nacional de Discapacidad queden en un segundo plano. La indignaci\u00f3n se multiplica cuando se observa que la ministra Bullrich parece m\u00e1s preocupada por perseguir periodistas que por esclarecer los manejos turbios dentro de su propia gesti\u00f3n y de la familia presidencial.<\/p>\n\n\n\n<p>El pedido judicial expone tambi\u00e9n la complicidad de sectores de Comodoro Py. No es un detalle menor que el fiscal a cargo sea Carlos Stornelli, de estrecha vinculaci\u00f3n pol\u00edtica con figuras del mismo arco ideol\u00f3gico al que hoy responde el oficialismo. La pregunta es inevitable: \u00bfqu\u00e9 margen de independencia puede esperarse de una justicia que tantas veces se mostr\u00f3 permeable a los intereses del poder? Este entramado de pol\u00edtica y tribunales, tan habitual en la Argentina, ahora se combina con un embate directo contra la libertad de prensa.<\/p>\n\n\n\n<p>La gravedad del caso es m\u00faltiple. Por un lado, porque se busca responsabilizar a periodistas por la difusi\u00f3n de informaci\u00f3n de inter\u00e9s p\u00fablico, cuando el verdadero foco deber\u00eda estar puesto en el origen de la corrupci\u00f3n denunciada. Por otro, porque se erosiona un principio fundamental: el secreto de las fuentes. Nadie puede obligar a un periodista a revelar el origen de la informaci\u00f3n, del mismo modo en que no se puede criminalizar a quien cumple con su rol de informar. Comparar esta situaci\u00f3n con el caso Watergate resulta inevitable: en Estados Unidos nadie se atrevi\u00f3 a allanar la casa de los reporteros que destaparon el esc\u00e1ndalo. En la Argentina de Milei, en cambio, esa posibilidad se transforma en realidad.<\/p>\n\n\n\n<p>El ataque a la prensa no se puede desligar de un contexto m\u00e1s amplio de persecuci\u00f3n y represi\u00f3n. Lo vimos en las calles con la criminalizaci\u00f3n de las manifestaciones pac\u00edficas, lo vimos en el hostigamiento a dirigentes sindicales y sociales, y ahora lo vemos en el intento de callar a los periodistas que ponen en evidencia las miserias del poder. Se trata de un modelo autoritario que pretende disciplinar a la sociedad por la v\u00eda del miedo. Como dijo un periodista en C5N, \u201callanar a un periodista es una barbaridad\u201d. Y lo es, porque no solo vulnera derechos individuales, sino que ataca directamente a la democracia.<\/p>\n\n\n\n<p>No se trata \u00fanicamente de la libertad de Jorge Rial o de Mauro Federico. Se trata del derecho de toda la ciudadan\u00eda a estar informada sin que el poder decida qu\u00e9 se puede difundir y qu\u00e9 no. El gobierno quiere instalar la idea de que investigar a la familia Milei es un acto peligroso, casi un sacrilegio, y que quienes se animen a hacerlo deber\u00e1n enfrentar consecuencias. La democracia argentina ya vivi\u00f3 \u00e9pocas en las que un Falcon verde en la puerta era la antesala del terror. Pretender reinstalar ese clima desde el propio Estado es un retroceso inadmisible.<\/p>\n\n\n\n<p>La conclusi\u00f3n es clara: mientras el pa\u00eds atraviesa un esc\u00e1ndalo de corrupci\u00f3n por sobreprecios y coimas en discapacidad, el gobierno desv\u00eda la atenci\u00f3n persiguiendo a los periodistas que se atreven a contar lo que incomoda. Patricia Bullrich, desde el Ministerio de Seguridad, se convierte en la cara visible de esta avanzada, con la firma de su hombre de confianza, Fernando Soto, y la connivencia de un sector del poder judicial. Pero el tiro puede salir por la culata: cuanto m\u00e1s se intente silenciar a la prensa, m\u00e1s evidente quedar\u00e1 que detr\u00e1s del show de los allanamientos se esconde la incapacidad del gobierno de Milei para dar explicaciones sobre los verdaderos esc\u00e1ndalos que lo rodean.<\/p>\n","protected":false},"excerpt":{"rendered":"<p>Un pedido in\u00e9dito desde el Ministerio de Seguridad expone el avance del gobierno de Javier Milei contra el periodismo cr\u00edtico El gobierno de Javier Milei, a trav\u00e9s de la ministra de Seguridad Patricia Bullrich, dio un paso que parece sacado de los manuales de la censura: solicitar el allanamiento de los periodistas Jorge Rial y&#8230;<\/p>\n","protected":false},"author":13,"featured_media":8184,"comment_status":"open","ping_status":"open","sticky":false,"template":"","format":"standard","meta":{"_monsterinsights_skip_tracking":false,"_monsterinsights_sitenote_active":false,"_monsterinsights_sitenote_note":"","_monsterinsights_sitenote_category":0,"footnotes":"","jetpack_publicize_message":"","jetpack_publicize_feature_enabled":true,"jetpack_social_post_already_shared":true,"jetpack_social_options":{"image_generator_settings":{"template":"highway","default_image_id":0,"font":"","enabled":false},"version":2}},"categories":[2],"tags":[3407,262,504,2968,75,3406,635,45,933,3405],"class_list":["post-8183","post","type-post","status-publish","format-standard","has-post-thumbnail","hentry","category-politica","tag-allanamientos","tag-bullrich","tag-censura","tag-comodoro-py","tag-corrupcion","tag-federico","tag-karina","tag-milei","tag-periodistas","tag-rial"],"jetpack_publicize_connections":[],"_links":{"self":[{"href":"https:\/\/www.enorsai.com\/noticias\/wp-json\/wp\/v2\/posts\/8183","targetHints":{"allow":["GET"]}}],"collection":[{"href":"https:\/\/www.enorsai.com\/noticias\/wp-json\/wp\/v2\/posts"}],"about":[{"href":"https:\/\/www.enorsai.com\/noticias\/wp-json\/wp\/v2\/types\/post"}],"author":[{"embeddable":true,"href":"https:\/\/www.enorsai.com\/noticias\/wp-json\/wp\/v2\/users\/13"}],"replies":[{"embeddable":true,"href":"https:\/\/www.enorsai.com\/noticias\/wp-json\/wp\/v2\/comments?post=8183"}],"version-history":[{"count":1,"href":"https:\/\/www.enorsai.com\/noticias\/wp-json\/wp\/v2\/posts\/8183\/revisions"}],"predecessor-version":[{"id":8185,"href":"https:\/\/www.enorsai.com\/noticias\/wp-json\/wp\/v2\/posts\/8183\/revisions\/8185"}],"wp:featuredmedia":[{"embeddable":true,"href":"https:\/\/www.enorsai.com\/noticias\/wp-json\/wp\/v2\/media\/8184"}],"wp:attachment":[{"href":"https:\/\/www.enorsai.com\/noticias\/wp-json\/wp\/v2\/media?parent=8183"}],"wp:term":[{"taxonomy":"category","embeddable":true,"href":"https:\/\/www.enorsai.com\/noticias\/wp-json\/wp\/v2\/categories?post=8183"},{"taxonomy":"post_tag","embeddable":true,"href":"https:\/\/www.enorsai.com\/noticias\/wp-json\/wp\/v2\/tags?post=8183"}],"curies":[{"name":"wp","href":"https:\/\/api.w.org\/{rel}","templated":true}]}}