{"id":8182,"date":"2025-09-01T14:00:22","date_gmt":"2025-09-01T17:00:22","guid":{"rendered":"https:\/\/www.enorsai.com\/noticias\/sociedad\/el-record-del-gobernador-vidal-santa-cruz-cumple-mas-de-40-dias-sin-clases\/"},"modified":"2025-09-01T15:20:21","modified_gmt":"2025-09-01T18:20:21","slug":"el-record-del-gobernador-vidal-santa-cruz-cumple-mas-de-40-dias-sin-clases","status":"publish","type":"post","link":"https:\/\/www.enorsai.com\/noticias\/sociedad\/el-record-del-gobernador-vidal-santa-cruz-cumple-mas-de-40-dias-sin-clases\/","title":{"rendered":"El record del gobernador Vidal: Santa Cruz cumple m\u00e1s de 40 d\u00edas sin clases"},"content":{"rendered":"\n<p>Con un conflicto salarial que mantiene paralizadas las aulas y enfrenta a los gremios docentes con el Gobierno provincial, la gesti\u00f3n de Claudio Vidal atraviesa su primera gran prueba pol\u00edtica. Los maestros denuncian incumplimientos presupuestarios, salarios por debajo de la l\u00ednea de pobreza y deterioro en la infraestructura escolar.<br><br>La provincia de Santa Cruz vive una crisis educativa de magnitud hist\u00f3rica. M\u00e1s de 40 d\u00edas sin clases dejan a miles de estudiantes sin escolaridad, mientras los gremios docentes intensifican un plan de lucha contra el gobernador Claudio Vidal, quien enfrenta la contradicci\u00f3n de haber pasado de dirigente sindical petrolero a mandatario que aplica descuentos por d\u00edas de paro y sostiene una pol\u00edtica salarial cerrada hasta 2026.<br><br>El eje del conflicto es econ\u00f3mico: los docentes exigen reabrir paritarias para superar la canasta b\u00e1sica patag\u00f3nica, calculada en $1.507.077 por la Universidad Nacional de la Patagonia San Juan Bosco. El salario testigo ronda el mill\u00f3n de pesos, cifra que no cubre la l\u00ednea de pobreza. Frente a esto, Vidal se aferra al acuerdo paritario que asegura aumentos autom\u00e1ticos hasta enero de 2026, pero sin cl\u00e1usula de reapertura, una decisi\u00f3n que los gremios interpretan como un \u201ctecho\u201d arbitrario.<br><br>Las protestas lideradas por la ADOSAC ya acumulan 33 jornadas de paro en lo que va de 2025, con bloqueos al Consejo Provincial de Educaci\u00f3n y adhesi\u00f3n cercana al 80%. A los reclamos salariales se suman exigencias de cumplimiento de la Ley Provincial de Educaci\u00f3n N\u00ba 3305, que obliga a destinar el 25% del presupuesto a educaci\u00f3n, cuando el \u00faltimo ejercicio apenas alcanz\u00f3 el 22,16%. Los maestros denuncian adem\u00e1s escuelas con problemas estructurales, suspensi\u00f3n de clases por falta de calefacci\u00f3n y servicios b\u00e1sicos, y una larga lista de reclamos administrativos y jubilatorios.<br><br>La tensi\u00f3n crece con el anuncio de descuentos masivos a los docentes que adhirieron a las huelgas, medida que el gremio calific\u00f3 de \u201cpunitiva\u201d y que podr\u00eda derivar en un paro de 48 horas adicionales. El conflicto tambi\u00e9n alcanz\u00f3 a la AMET, que denunci\u00f3 despidos en centros de formaci\u00f3n profesional y la creaci\u00f3n de \u201clistas negras\u201d contra docentes que protestan. Su secretario general, Gustavo Basiglio, responsabiliz\u00f3 directamente al ministro de Trabajo provincial, Ezequiel Verbes, por la falta de di\u00e1logo.<br><br>El trasfondo social es a\u00fan m\u00e1s grave: seg\u00fan datos de la UCA, el 62,9% de los estudiantes de Santa Cruz vive en condiciones de pobreza, por lo que la interrupci\u00f3n prolongada de clases profundiza desigualdades estructurales. En este escenario, la estrategia de Vidal de sostener su relato con n\u00fameros parciales \u2014asegurando que en 2025 los salarios docentes ya cubren el 92,56% de la canasta b\u00e1sica\u2014 aparece cada vez m\u00e1s debilitada frente a las denuncias gremiales.<br><br>Con un gobernador que emergi\u00f3 de las bases sindicales pero que hoy es acusado de aplicar recetas de ajuste, la crisis educativa en Santa Cruz se convierte en un espejo de la tensi\u00f3n que atraviesa la pol\u00edtica argentina: cuando el discurso del \u201cdefensor de los trabajadores\u201d choca con la realidad de la gesti\u00f3n.<br><br>Fuente:<\/p>\n\n\n\n<ul class=\"wp-block-list\">\n<li>https:\/\/mundogremial.com\/paro-docente-en-santa-cruz-claudio-vidal-en-el-foco-de-una-crisis-educativa-historica\/<\/li>\n<\/ul>\n","protected":false},"excerpt":{"rendered":"<p>Con un conflicto salarial que mantiene paralizadas las aulas y enfrenta a los gremios docentes con el Gobierno provincial, la gesti\u00f3n de Claudio Vidal atraviesa su primera gran prueba pol\u00edtica. Los maestros denuncian incumplimientos presupuestarios, salarios por debajo de la l\u00ednea de pobreza y deterioro en la infraestructura escolar. La provincia de Santa Cruz vive&#8230;<\/p>\n","protected":false},"author":13,"featured_media":8181,"comment_status":"open","ping_status":"open","sticky":false,"template":"","format":"standard","meta":{"_monsterinsights_skip_tracking":false,"_monsterinsights_sitenote_active":false,"_monsterinsights_sitenote_note":"","_monsterinsights_sitenote_category":0,"footnotes":"","jetpack_publicize_message":"","jetpack_publicize_feature_enabled":true,"jetpack_social_post_already_shared":true,"jetpack_social_options":{"image_generator_settings":{"template":"highway","default_image_id":0,"font":"","enabled":false},"version":2}},"categories":[4],"tags":[3408,3409,772,513,276,546,263,414,1416],"class_list":["post-8182","post","type-post","status-publish","format-standard","has-post-thumbnail","hentry","category-sociedad","tag-adosac","tag-amet","tag-conflicto","tag-docentes","tag-educacion","tag-paro","tag-salarios","tag-santa-cruz","tag-vidal"],"jetpack_publicize_connections":[],"_links":{"self":[{"href":"https:\/\/www.enorsai.com\/noticias\/wp-json\/wp\/v2\/posts\/8182","targetHints":{"allow":["GET"]}}],"collection":[{"href":"https:\/\/www.enorsai.com\/noticias\/wp-json\/wp\/v2\/posts"}],"about":[{"href":"https:\/\/www.enorsai.com\/noticias\/wp-json\/wp\/v2\/types\/post"}],"author":[{"embeddable":true,"href":"https:\/\/www.enorsai.com\/noticias\/wp-json\/wp\/v2\/users\/13"}],"replies":[{"embeddable":true,"href":"https:\/\/www.enorsai.com\/noticias\/wp-json\/wp\/v2\/comments?post=8182"}],"version-history":[{"count":1,"href":"https:\/\/www.enorsai.com\/noticias\/wp-json\/wp\/v2\/posts\/8182\/revisions"}],"predecessor-version":[{"id":8186,"href":"https:\/\/www.enorsai.com\/noticias\/wp-json\/wp\/v2\/posts\/8182\/revisions\/8186"}],"wp:featuredmedia":[{"embeddable":true,"href":"https:\/\/www.enorsai.com\/noticias\/wp-json\/wp\/v2\/media\/8181"}],"wp:attachment":[{"href":"https:\/\/www.enorsai.com\/noticias\/wp-json\/wp\/v2\/media?parent=8182"}],"wp:term":[{"taxonomy":"category","embeddable":true,"href":"https:\/\/www.enorsai.com\/noticias\/wp-json\/wp\/v2\/categories?post=8182"},{"taxonomy":"post_tag","embeddable":true,"href":"https:\/\/www.enorsai.com\/noticias\/wp-json\/wp\/v2\/tags?post=8182"}],"curies":[{"name":"wp","href":"https:\/\/api.w.org\/{rel}","templated":true}]}}