{"id":8178,"date":"2025-09-01T13:46:40","date_gmt":"2025-09-01T16:46:40","guid":{"rendered":"https:\/\/www.enorsai.com\/noticias\/?p=8178"},"modified":"2025-09-01T13:46:54","modified_gmt":"2025-09-01T16:46:54","slug":"santoro-contraataca-es-insolito-que-me-denuncien-por-hacer-lo-que-corresponde","status":"publish","type":"post","link":"https:\/\/www.enorsai.com\/noticias\/politica\/santoro-contraataca-es-insolito-que-me-denuncien-por-hacer-lo-que-corresponde\/","title":{"rendered":"Santoro contraataca: \u201cEs ins\u00f3lito que me denuncien por hacer lo que corresponde\u201d"},"content":{"rendered":"\n<p>Por Redacci\u00f3n Enorsai<\/p>\n\n\n\n<p>Leandro Santoro, diputado nacional, present\u00f3 una denuncia penal tras ser involucrado, junto a periodistas y otros dirigentes, en la supuesta confabulaci\u00f3n para divulgar los audios que destaparon el esc\u00e1ndalo de coimas en la Agencia Nacional de Discapacidad. \u201cEl gobierno se autoincrimina clavando a los mensajeros, mientras protege a los verdaderos responsables\u201d, afirma el legislador porte\u00f1o.<\/p>\n\n\n\n<h2 class=\"wp-block-heading\">La reacci\u00f3n oficial: culpar a quienes investigan<\/h2>\n\n\n\n<p>Santoro fue se\u00f1alado en medios oficialistas como parte de una \u201coperaci\u00f3n pol\u00edtica\u201d por difundir en el Congreso los audios y pedir explicaciones sobre la presunta corrupci\u00f3n. \u201cEs ins\u00f3lito que me denuncien por cumplir mi funci\u00f3n, \u00bfqu\u00e9 esperaban? \u00bfQue los diputados no hablaran del mayor esc\u00e1ndalo institucional?\u201d<a href=\"https:\/\/www.eldiarioar.com\/politica\/escandalo-audios-director-discapacidad-denuncias-coimas-menciones-karina-milei_1_12547131.html\" target=\"_blank\" rel=\"noreferrer noopener\">[ElDiarioAR]<\/a><\/p>\n\n\n\n<ul class=\"wp-block-list\">\n<li>Mientras se investiga a diputados y periodistas, se omite indagar sobre la responsabildad real en la trama de coimas que involucra directamente a Karina Milei, Lule Menem y funcionarios desplazados.<\/li>\n\n\n\n<li>Santoro apunta que Spagnuolo y Garbellini fueron echados sin denuncia formal ni explicaci\u00f3n p\u00fablica, \u201cen un intento desesperado por tapar el verdadero problema\u201d.<\/li>\n\n\n\n<li>El gobierno, asegura, intenta amedrentar e instalar miedo, pero lo que hace es confesar su culpa con cada reacci\u00f3n.<\/li>\n<\/ul>\n\n\n\n<h2 class=\"wp-block-heading\">Audios, renuncias y autoincriminaci\u00f3n<\/h2>\n\n\n\n<p>El propio diputado recuerda que, pese a las versiones oficiales que ponen en duda la veracidad de los audios, las r\u00e1pidas expulsiones confirman su autenticidad: \u201cSi los audios fueran truchos, \u00bfpor qu\u00e9 despidieron a dos funcionarios clave?\u201d.<\/p>\n\n\n\n<p>La trama toc\u00f3 fondo cuando el gobierno, adem\u00e1s de no ofrecer una defensa consistente, omiti\u00f3 explicar por qu\u00e9 Karina Milei y Lule Menem, principales apuntados, siguen en funciones sin dar la cara ni rendir cuentas ante el Congreso ni a la sociedad.<a href=\"https:\/\/elagora.digital\/argentina\/echaron-diego-spagnuolo-agencia-discapacidad-coimas-milei\/\" target=\"_blank\" rel=\"noreferrer noopener\">[El \u00c1gora]<\/a><\/p>\n\n\n\n<h2 class=\"wp-block-heading\">Impacto p\u00fablico: la mayor\u00eda exige renuncias<\/h2>\n\n\n\n<p>Un reciente sondeo de Zuban C\u00f3rdoba muestra que un 65% de la sociedad demanda la renuncia de Karina Milei y los Menem, y 47% ya considera a este gobierno como \u201cm\u00e1s corrupto que los anteriores\u201d. El esc\u00e1ndalo ya no distingue grietas y suma rechazo incluso entre votantes oficialistas.<a href=\"https:\/\/www.perfil.com\/noticias\/politica\/nueva-encuesta-un-65-exige-la-renuncia-de-karina-milei-y-los-menem-y-un-47-considera-a-este-gobierno-mas-corrupto-que-los-anteriores.phtml\" target=\"_blank\" rel=\"noreferrer noopener\">[Perfil]<\/a><\/p>\n\n\n\n<p>Santoro confirm\u00f3 que, junto a su abogado Juan Pablo Pierri, present\u00f3 la denuncia penal y enfatiz\u00f3 que seguir\u00e1 cumpliendo su tarea: \u201cEl deber de un legislador es controlar al Poder Ejecutivo y exigir transparencia, no callarse ante las amenazas\u201d.<\/p>\n\n\n\n<p><strong>Claves del caso<\/strong><\/p>\n\n\n\n<figure class=\"wp-block-table\"><table class=\"has-fixed-layout\"><tbody><tr><th>Tema<\/th><th>Hecho clave<\/th><\/tr><tr><td>Audios de Spagnuolo<\/td><td>Revelan coimas, involucran a Karina Milei, exponen manejo de subsidios y fondos sensibles<\/td><\/tr><tr><td>Reacci\u00f3n oficial<\/td><td>Denuncia a periodistas y diputados, despidos sin denuncia penal de los responsables se\u00f1alados en los audios<\/td><\/tr><tr><td>Impacto social<\/td><td>El 65% pide renuncias, el 97% de la sociedad conoce el caso<\/td><\/tr><tr><td>Libertad de prensa<\/td><td>Gobierno y voceros como Arietto intensifican amenazas a periodistas para callar la investigaci\u00f3n<\/td><\/tr><\/tbody><\/table><\/figure>\n\n\n\n<h2 class=\"wp-block-heading\">Conclusi\u00f3n: el gobierno se defiende atacando y confirma su crisis<\/h2>\n\n\n\n<p>Santoro remarca que acusar a quienes investigan solo confirma el colapso pol\u00edtico y \u00e9tico del oficialismo. El verdadero golpe, concluye, lo dio la sociedad al rechazar el relato libertario y exigir cambios reales en la dirigencia.<\/p>\n\n\n\n<p>Seguimiento y actualizaci\u00f3n del caso en <a href=\"https:\/\/www.enorsai.com.ar\/politica\/2025\/09\/01\/santoro-denuncia-corrupcion-spagnuolo-karina-milei.html\">Enorsai<\/a>, <a href=\"https:\/\/www.perfil.com\/noticias\/politica\/nueva-encuesta-un-65-exige-la-renuncia-de-karina-milei-y-los-menem-y-un-47-considera-a-este-gobierno-mas-corrupto-que-los-anteriores.phtml\" target=\"_blank\" rel=\"noreferrer noopener\">Perfil<\/a>, y <a href=\"https:\/\/www.eldiarioar.com\/politica\/escandalo-audios-director-discapacidad-denuncias-coimas-menciones-karina-milei_1_12547131.html\" target=\"_blank\" rel=\"noreferrer noopener\">ElDiarioAR<\/a>.<\/p>\n\n\n\n<p><strong>Reflexi\u00f3n final:<\/strong> Santoro: \u201cNo hay democracia sin control parlamentario ni periodismo libre. Denunciar la corrupci\u00f3n es mi trabajo, y no pienso dejarme amedrentar.\u201d<\/p>\n\n\n\n<p>Dejanos tu comentario debajo o escribinos a <a href=\"mailto:enorsaionline@gmail.com\">enorsaionline@gmail.com<\/a><\/p>\n\n\n\n<h2 class=\"wp-block-heading\">Preguntas frecuentes sobre la denuncia de Santoro y el esc\u00e1ndalo de coimas<\/h2>\n\n\n\n<h3 class=\"wp-block-heading\">\u00bfPor qu\u00e9 Santoro fue se\u00f1alado y denunci\u00f3 penalmente?<\/h3>\n\n\n\n<p>Porque el oficialismo intent\u00f3 involucrarlo en una supuesta confabulaci\u00f3n pol\u00edtica s\u00f3lo por ejercer su funci\u00f3n institucional en el Congreso tras el caso Spagnuolo.<\/p>\n\n\n\n<h3 class=\"wp-block-heading\">\u00bfA qui\u00e9nes afecta el esc\u00e1ndalo de los audios?<\/h3>\n\n\n\n<p>A Karina Milei, Lule Menem, exfuncionarios desplazados y todo el esquema de poder que manejaba subsidios y fondos de la discapacidad.<\/p>\n\n\n\n<h3 class=\"wp-block-heading\">\u00bfCu\u00e1l es la reacci\u00f3n social al esc\u00e1ndalo?<\/h3>\n\n\n\n<p>El 65% de la opini\u00f3n p\u00fablica exige renuncias de los implicados y el caso ya supera las fronteras pol\u00edticas o ideol\u00f3gicas.<\/p>\n\n\n\n<h3 class=\"wp-block-heading\">\u00bfQu\u00e9 advierte Santoro sobre la libertad de prensa?<\/h3>\n\n\n\n<p>Alerta sobre amenazas y presiones para forzar a periodistas a revelar fuentes, lo que atenta contra la libertad de prensa y el control institucional sano.<\/p>\n\n\n\n<h3 class=\"wp-block-heading\">\u00bfD\u00f3nde ampliar informaci\u00f3n sobre el caso?<\/h3>\n\n\n\n<p>Enorsai, Perfil y ElDiarioAR ofrecen cobertura permanente y an\u00e1lisis de todas las derivaciones de la causa y su impacto pol\u00edtico.<\/p>\n","protected":false},"excerpt":{"rendered":"<p>Por Redacci\u00f3n Enorsai Leandro Santoro, diputado nacional, present\u00f3 una denuncia penal tras ser involucrado, junto a periodistas y otros dirigentes, en la supuesta confabulaci\u00f3n para divulgar los audios que destaparon el esc\u00e1ndalo de coimas en la Agencia Nacional de Discapacidad. \u201cEl gobierno se autoincrimina clavando a los mensajeros, mientras protege a los verdaderos responsables\u201d, afirma&#8230;<\/p>\n","protected":false},"author":4,"featured_media":8179,"comment_status":"open","ping_status":"open","sticky":false,"template":"","format":"standard","meta":{"_monsterinsights_skip_tracking":false,"_monsterinsights_sitenote_active":false,"_monsterinsights_sitenote_note":"","_monsterinsights_sitenote_category":0,"footnotes":"","jetpack_publicize_message":"Santoro contraataca: \u201cEs ins\u00f3lito que me denuncien por hacer lo que corresponde\u201d","jetpack_publicize_feature_enabled":true,"jetpack_social_post_already_shared":false,"jetpack_social_options":{"image_generator_settings":{"template":"highway","default_image_id":0,"font":"","enabled":false},"version":2}},"categories":[2],"tags":[3225,625,257,75,2485,900,895,174,163,1408,903,3213],"class_list":["post-8178","post","type-post","status-publish","format-standard","has-post-thumbnail","hentry","category-politica","tag-audios","tag-coimas","tag-congreso","tag-corrupcion","tag-denuncia-penal","tag-discapacidad","tag-gobierno-milei","tag-karina-milei","tag-leandro-santoro","tag-libertad-de-prensa","tag-menem","tag-spagnuolo"],"jetpack_publicize_connections":[],"_links":{"self":[{"href":"https:\/\/www.enorsai.com\/noticias\/wp-json\/wp\/v2\/posts\/8178","targetHints":{"allow":["GET"]}}],"collection":[{"href":"https:\/\/www.enorsai.com\/noticias\/wp-json\/wp\/v2\/posts"}],"about":[{"href":"https:\/\/www.enorsai.com\/noticias\/wp-json\/wp\/v2\/types\/post"}],"author":[{"embeddable":true,"href":"https:\/\/www.enorsai.com\/noticias\/wp-json\/wp\/v2\/users\/4"}],"replies":[{"embeddable":true,"href":"https:\/\/www.enorsai.com\/noticias\/wp-json\/wp\/v2\/comments?post=8178"}],"version-history":[{"count":1,"href":"https:\/\/www.enorsai.com\/noticias\/wp-json\/wp\/v2\/posts\/8178\/revisions"}],"predecessor-version":[{"id":8180,"href":"https:\/\/www.enorsai.com\/noticias\/wp-json\/wp\/v2\/posts\/8178\/revisions\/8180"}],"wp:featuredmedia":[{"embeddable":true,"href":"https:\/\/www.enorsai.com\/noticias\/wp-json\/wp\/v2\/media\/8179"}],"wp:attachment":[{"href":"https:\/\/www.enorsai.com\/noticias\/wp-json\/wp\/v2\/media?parent=8178"}],"wp:term":[{"taxonomy":"category","embeddable":true,"href":"https:\/\/www.enorsai.com\/noticias\/wp-json\/wp\/v2\/categories?post=8178"},{"taxonomy":"post_tag","embeddable":true,"href":"https:\/\/www.enorsai.com\/noticias\/wp-json\/wp\/v2\/tags?post=8178"}],"curies":[{"name":"wp","href":"https:\/\/api.w.org\/{rel}","templated":true}]}}